{"id":8604,"date":"2025-12-23T07:25:27","date_gmt":"2025-12-23T06:25:27","guid":{"rendered":"https:\/\/ccvalg.pt\/astronomia\/wordpress\/?p=8604"},"modified":"2025-12-23T07:25:29","modified_gmt":"2025-12-23T06:25:29","slug":"proba-3-preenche-a-lacuna-na-observacao-solar","status":"publish","type":"post","link":"https:\/\/ccvalg.pt\/astronomia\/wordpress\/2025\/12\/23\/proba-3-preenche-a-lacuna-na-observacao-solar\/","title":{"rendered":"Proba-3 preenche a lacuna na observa\u00e7\u00e3o solar"},"content":{"rendered":"<div class=\"wp-block-image\">\n<figure class=\"aligncenter size-large\"><a href=\"https:\/\/i.imgur.com\/8h19pgw.gif\"><img decoding=\"async\" src=\"https:\/\/i.imgur.com\/8h19pgw.gif\" alt=\"\"\/><\/a><figcaption class=\"wp-element-caption\">A anima\u00e7\u00e3o em time-lapse capta uma EMC no canto superior direito, combinando observa\u00e7\u00f5es feitas durante uma hora e meia no dia 16 de julho por tr\u00eas instrumentos europeus diferentes a bordo de miss\u00f5es diferentes: o disco do Sol e a coroa inferior (colorida artificialmente a amarelo), captados pelo telesc\u00f3pio ultravioleta extremo SWAP a bordo da Proba-2; a coroa exterior (a vermelho) observada pelo coron\u00f3grafo LASCO C2 a bordo da SOHO; e a coroa interior (a verde), captada em pormenor pelo coron\u00f3grafo ASPIICS do Proba-3, que preenche a lacuna.<br>Cr\u00e9dito: ESA\/NASA\/Proba-2\/Proba-3\/SOHO\/SWAP\/ASPIICS\/LASCO C2<\/figcaption><\/figure>\n<\/div>\n\n\n<p><\/p>\n\n\n\n<p>Tem sido um ano em cheio para a miss\u00e3o Proba-3 da ESA. A dupla de sat\u00e9lites j\u00e1 criou mais de 50 eclipses solares artificiais em \u00f3rbita desde o in\u00edcio das opera\u00e7\u00f5es da miss\u00e3o, h\u00e1 menos de um ano. Os dados resultantes confirmam a capacidade da Proba-3 para fornecer a pe\u00e7a do puzzle que faltava nas observa\u00e7\u00f5es da enigm\u00e1tica atmosfera do Sol &#8211; a coroa solar.<\/p>\n\n\n\n<p>Desde o seu lan\u00e7amento, em dezembro de 2024, a dupla de sat\u00e9lites Proba-3 conquistou n\u00e3o uma, mas duas estreias absolutas &#8211; o primeiro voo em forma\u00e7\u00e3o precisa, preparando a miss\u00e3o para o primeiro eclipse solar artificial em \u00f3rbita.<\/p>\n\n\n\n<p>As centenas de horas de observa\u00e7\u00f5es que se seguiram n\u00e3o deixam d\u00favidas de que a Proba-3 fornece os dados em falta necess\u00e1rios para colmatar a atual lacuna de observa\u00e7\u00e3o, fornecendo informa\u00e7\u00f5es sobre as regi\u00f5es interiores da coroa solar.<\/p>\n\n\n\n<p><strong>De olhos postos na coroa interior<\/strong><\/p>\n\n\n\n<p>At\u00e9 agora, os instrumentos espaciais s\u00f3 eram capazes de obter imagens fi\u00e1veis do disco solar e da regi\u00e3o exterior da coroa, e a coroa completa s\u00f3 podia ser observada da Terra durante os curtos per\u00edodos de eclipses totais. Embora n\u00e3o sejam totalmente imposs\u00edveis de efetuar, quaisquer observa\u00e7\u00f5es da regi\u00e3o coronal interna t\u00eam sido pouco frequentes ou inconsistentes, deixando-nos com uma lacuna na observa\u00e7\u00e3o.<\/p>\n\n\n\n<p>&#8220;Gra\u00e7as a um conjunto de tecnologias de posicionamento a bordo que permitem \u00e0 dupla Proba-3 criar um eclipse solar em \u00f3rbita, a miss\u00e3o est\u00e1 a cumprir a sua promessa de preencher esta lacuna&#8221;, explica Damien Galano, gestor da miss\u00e3o Proba-3.<\/p>\n\n\n\n<p>Nesta regi\u00e3o largamente inexplorada da coroa solar, o vento solar ganha velocidade antes de se espalhar pelo Sistema Solar, acabando por atingir a nave espacial e a Terra. \u00c9 tamb\u00e9m aqui que tem origem a maior parte das eje\u00e7\u00f5es de massa coronal (EMCs). Ao captar imagens pormenorizadas, a Proba-3 est\u00e1 a permitir que os cientistas avancem na compreens\u00e3o da forma como o vento solar acelera e como as EMCs s\u00e3o desencadeadas.<\/p>\n\n\n\n<p>A anima\u00e7\u00e3o em time-lapse capta uma EMC no canto superior direito, combinando observa\u00e7\u00f5es feitas durante uma hora e meia no dia 16 de julho por tr\u00eas instrumentos europeus diferentes a bordo de miss\u00f5es diferentes: o disco do Sol e a coroa inferior (colorida artificialmente a amarelo), captados pelo telesc\u00f3pio ultravioleta extremo SWAP a bordo da Proba-2; a coroa exterior (a vermelho) observada pelo coron\u00f3grafo LASCO C2 a bordo da SOHO; e a coroa interior (a verde), captada em pormenor pelo coron\u00f3grafo ASPIICS do Proba-3, que preenche a lacuna.<\/p>\n\n\n\n<figure class=\"wp-block-embed is-type-video is-provider-youtube wp-block-embed-youtube wp-embed-aspect-4-3 wp-has-aspect-ratio\"><div class=\"wp-block-embed__wrapper\">\n<iframe loading=\"lazy\" title=\"Proba-3 fills the solar observation gap\" width=\"618\" height=\"464\" src=\"https:\/\/www.youtube.com\/embed\/hcKdZwMTWU0?feature=oembed\" frameborder=\"0\" allow=\"accelerometer; autoplay; clipboard-write; encrypted-media; gyroscope; picture-in-picture; web-share\" referrerpolicy=\"strict-origin-when-cross-origin\" allowfullscreen><\/iframe>\n<\/div><\/figure>\n\n\n\n<p><\/p>\n\n\n\n<p>Andrei Zhukov do Observat\u00f3rio Real da B\u00e9lgica, investigador principal do coron\u00f3grafo ASPIICS a bordo da Proba-3, comenta: &#8220;\u00c9 poss\u00edvel ver a forma\u00e7\u00e3o da EMC na orla do disco solar, [disco solar este] captado pela Proba-2. Estende-se at\u00e9 \u00e0 regi\u00e3o coronal interna, que \u00e9 agora vis\u00edvel gra\u00e7as \u00e0 Proba-3, antes de atingir a coroa alta observada pela SOHO. A continuidade com que podemos agora observar a estrutura da EMC a estender-se para fora do Sol \u00e9 incr\u00edvel&#8221;.<\/p>\n\n\n\n<p><strong>Eclipse solar total &#8220;on-demand&#8221;<\/strong><\/p>\n\n\n<div class=\"wp-block-image\">\n<figure class=\"aligncenter size-large\"><a href=\"https:\/\/www.esa.int\/var\/esa\/storage\/images\/esa_multimedia\/images\/2025\/06\/solar_corona_viewed_by_proba-3_s_aspiics\/26745130-1-eng-GB\/Solar_corona_viewed_by_Proba-3_s_ASPIICS.png\"><img decoding=\"async\" src=\"https:\/\/images2.imgbox.com\/15\/0f\/qXVErzB1_o.jpg\" alt=\"\"\/><\/a><figcaption class=\"wp-element-caption\">A coroa interna do Sol aparece esverdeada nesta imagem obtida no dia 23 de maio de 2025 pelo coron\u00f3grafo ASPIICS a bordo da Proba-3, a miss\u00e3o de voo em forma\u00e7\u00e3o da ESA capaz de criar eclipses solares totais artificiais em \u00f3rbita. Esta imagem, captada no espetro da luz vis\u00edvel, mostra a coroa solar de forma semelhante \u00e0 que um olho humano veria durante um eclipse atrav\u00e9s de um filtro verde. As estruturas semelhantes a cabelos foram reveladas utilizando um algoritmo especializado de processamento de imagem.<br>Cr\u00e9dito: ESA\/Proba-3\/ASPIICS\/algoritmo WOW<\/figcaption><\/figure>\n<\/div>\n\n\n<p><\/p>\n\n\n\n<p>&#8220;As nossas imagens de eclipse artificial s\u00e3o compar\u00e1veis \u00e0s obtidas durante um eclipse natural&#8221;, acrescenta Andrei. &#8220;A diferen\u00e7a \u00e9 que podemos criar o nosso eclipse uma vez em cada \u00f3rbita, que demora 19 horas e 40 minutos, enquanto os eclipses solares totais s\u00f3 ocorrem naturalmente cerca de uma vez, muito raramente duas vezes por ano. Para al\u00e9m disso, os eclipses totais naturais duram apenas alguns minutos, enquanto a Proba-3 pode manter o seu eclipse artificial at\u00e9 6 horas&#8221;.<\/p>\n\n\n\n<p>Joe Zender, cientista do projeto Proba-3, acrescenta: &#8220;At\u00e9 agora, o tempo de observa\u00e7\u00e3o da miss\u00e3o ascendeu a cerca de 250 horas em 50 \u00f3rbitas. Isto significa que s\u00f3 estes \u00faltimos meses fornecem a mesma quantidade de dados que poder\u00edamos obter em 6000 campanhas de eclipses totais na Terra&#8221;.<\/p>\n\n\n\n<p><strong>Um ano de Proba-3<\/strong><\/p>\n\n\n\n<p>H\u00e1 um ano, a 5 de dezembro de 2024, as duas naves Proba-3 foram lan\u00e7adas para \u00f3rbita, onde foram cuidadosamente separadas seis semanas mais tarde. Em mar\u00e7o deste ano, a dupla de sat\u00e9lites realizou o seu primeiro voo de forma\u00e7\u00e3o aut\u00f3noma.<\/p>\n\n\n\n<p>Apenas um m\u00eas depois, a miss\u00e3o atingiu o seu ambicioso objetivo &#8211; pela primeira vez, duas naves espaciais em \u00f3rbita alinharam-se em forma\u00e7\u00e3o com uma precis\u00e3o milim\u00e9trica e mantiveram a sua posi\u00e7\u00e3o relativa durante v\u00e1rias horas sem qualquer controlo a partir do solo.<\/p>\n\n\n\n<figure class=\"wp-block-embed is-type-video is-provider-youtube wp-block-embed-youtube wp-embed-aspect-16-9 wp-has-aspect-ratio\"><div class=\"wp-block-embed__wrapper\">\n<iframe loading=\"lazy\" title=\"First artificial solar eclipse in space\" width=\"618\" height=\"348\" src=\"https:\/\/www.youtube.com\/embed\/nhke43NPO0A?feature=oembed\" frameborder=\"0\" allow=\"accelerometer; autoplay; clipboard-write; encrypted-media; gyroscope; picture-in-picture; web-share\" referrerpolicy=\"strict-origin-when-cross-origin\" allowfullscreen><\/iframe>\n<\/div><\/figure>\n\n\n\n<p><\/p>\n\n\n\n<p><a href=\"https:\/\/www.esa.int\/Enabling_Support\/Space_Engineering_Technology\/Proba-3_fills_the_solar_observation_gap\" target=\"_blank\" rel=\"noreferrer noopener\">\/\/ ESA (comunicado de imprensa)<\/a><\/p>\n\n\n\n<h3 class=\"wp-block-heading\">Saiba mais:<\/h3>\n\n\n\n<p><strong>Proba-3 (Project for On-Board Autonomy 3):<\/strong><br><a href=\"https:\/\/www.esa.int\/Enabling_Support\/Space_Engineering_Technology\/Proba-3\" target=\"_blank\" rel=\"noreferrer noopener\">ESA<\/a><br><a href=\"https:\/\/www.esa.int\/Enabling_Support\/Space_Engineering_Technology\/Proba_Missions\/About_Proba-3\" target=\"_blank\" rel=\"noreferrer noopener\">ESA \u2013 2<\/a><br><a href=\"https:\/\/esamultimedia.esa.int\/docs\/technology\/esa-proba3_media_kit.pdf\" target=\"_blank\" rel=\"noreferrer noopener\">Kit para os media (PDF)<\/a><br><a href=\"https:\/\/en.wikipedia.org\/wiki\/PROBA-3\" target=\"_blank\" rel=\"noreferrer noopener\">Wikipedia<\/a><\/p>\n\n\n\n<p><strong>Sol:<\/strong><br><a href=\"http:\/\/en.wikipedia.org\/wiki\/Sun\" target=\"_blank\" rel=\"noreferrer noopener\">Wikipedia<\/a><br><a href=\"https:\/\/en.wikipedia.org\/wiki\/Stellar_corona\" target=\"_blank\" rel=\"noreferrer noopener\">Coroa solar (Wikipedia)<\/a><br><a href=\"https:\/\/en.wikipedia.org\/wiki\/Coronal_mass_ejection\" target=\"_blank\" rel=\"noreferrer noopener\">Eje\u00e7\u00e3o de massa coronal (Wikipedia)<\/a><\/p>\n","protected":false},"excerpt":{"rendered":"<p>Tem sido um ano em cheio para a miss\u00e3o Proba-3 da ESA. A dupla de sat\u00e9lites j\u00e1 criou mais de 50 eclipses solares artificiais em \u00f3rbita desde o in\u00edcio das opera\u00e7\u00f5es da miss\u00e3o, h\u00e1 menos de um ano. Os dados resultantes confirmam a capacidade da Proba-3 para fornecer a pe\u00e7a do puzzle que faltava nas observa\u00e7\u00f5es da enigm\u00e1tica atmosfera do Sol &#8211; a coroa solar.<\/p>\n","protected":false},"author":1,"featured_media":8106,"comment_status":"open","ping_status":"open","sticky":false,"template":"","format":"standard","meta":{"footnotes":""},"categories":[9,16,1],"tags":[2006,1855,124],"class_list":["post-8604","post","type-post","status-publish","format-standard","has-post-thumbnail","","category-sistema-solar","category-sondas-missoes-espaciais","category-telescopios-profissionais","tag-emcs","tag-proba-3","tag-sol"],"_links":{"self":[{"href":"https:\/\/ccvalg.pt\/astronomia\/wordpress\/wp-json\/wp\/v2\/posts\/8604","targetHints":{"allow":["GET"]}}],"collection":[{"href":"https:\/\/ccvalg.pt\/astronomia\/wordpress\/wp-json\/wp\/v2\/posts"}],"about":[{"href":"https:\/\/ccvalg.pt\/astronomia\/wordpress\/wp-json\/wp\/v2\/types\/post"}],"author":[{"embeddable":true,"href":"https:\/\/ccvalg.pt\/astronomia\/wordpress\/wp-json\/wp\/v2\/users\/1"}],"replies":[{"embeddable":true,"href":"https:\/\/ccvalg.pt\/astronomia\/wordpress\/wp-json\/wp\/v2\/comments?post=8604"}],"version-history":[{"count":1,"href":"https:\/\/ccvalg.pt\/astronomia\/wordpress\/wp-json\/wp\/v2\/posts\/8604\/revisions"}],"predecessor-version":[{"id":8605,"href":"https:\/\/ccvalg.pt\/astronomia\/wordpress\/wp-json\/wp\/v2\/posts\/8604\/revisions\/8605"}],"wp:featuredmedia":[{"embeddable":true,"href":"https:\/\/ccvalg.pt\/astronomia\/wordpress\/wp-json\/wp\/v2\/media\/8106"}],"wp:attachment":[{"href":"https:\/\/ccvalg.pt\/astronomia\/wordpress\/wp-json\/wp\/v2\/media?parent=8604"}],"wp:term":[{"taxonomy":"category","embeddable":true,"href":"https:\/\/ccvalg.pt\/astronomia\/wordpress\/wp-json\/wp\/v2\/categories?post=8604"},{"taxonomy":"post_tag","embeddable":true,"href":"https:\/\/ccvalg.pt\/astronomia\/wordpress\/wp-json\/wp\/v2\/tags?post=8604"}],"curies":[{"name":"wp","href":"https:\/\/api.w.org\/{rel}","templated":true}]}}