{"id":8131,"date":"2025-07-01T06:30:32","date_gmt":"2025-07-01T05:30:32","guid":{"rendered":"https:\/\/ccvalg.pt\/astronomia\/wordpress\/?p=8131"},"modified":"2025-07-01T06:30:34","modified_gmt":"2025-07-01T05:30:34","slug":"os-dados-mais-recentes-do-spt-assinalam-uma-nova-era-na-medicao-da-primeira-luz-do-universo","status":"publish","type":"post","link":"https:\/\/ccvalg.pt\/astronomia\/wordpress\/2025\/07\/01\/os-dados-mais-recentes-do-spt-assinalam-uma-nova-era-na-medicao-da-primeira-luz-do-universo\/","title":{"rendered":"Os dados mais recentes do SPT assinalam uma &#8220;nova era&#8221; na medi\u00e7\u00e3o da primeira luz do Universo"},"content":{"rendered":"<div class=\"wp-block-image\">\n<figure class=\"aligncenter size-large\"><a href=\"https:\/\/ccvalg.pt\/astronomia\/wordpress\/wp-content\/uploads\/2025\/07\/VKCvtqTG_o.jpg\"><img loading=\"lazy\" decoding=\"async\" width=\"1024\" height=\"576\" src=\"https:\/\/ccvalg.pt\/astronomia\/wordpress\/wp-content\/uploads\/2025\/07\/VKCvtqTG_o-1024x576.jpg\" alt=\"\" class=\"wp-image-8132\" srcset=\"https:\/\/ccvalg.pt\/astronomia\/wordpress\/wp-content\/uploads\/2025\/07\/VKCvtqTG_o-1024x576.jpg 1024w, https:\/\/ccvalg.pt\/astronomia\/wordpress\/wp-content\/uploads\/2025\/07\/VKCvtqTG_o-300x169.jpg 300w, https:\/\/ccvalg.pt\/astronomia\/wordpress\/wp-content\/uploads\/2025\/07\/VKCvtqTG_o-768x432.jpg 768w, https:\/\/ccvalg.pt\/astronomia\/wordpress\/wp-content\/uploads\/2025\/07\/VKCvtqTG_o.jpg 1440w\" sizes=\"auto, (max-width: 1024px) 100vw, 1024px\" \/><\/a><figcaption class=\"wp-element-caption\">Os cientistas divulgaram os primeiros dois anos de dados obtidos por uma c\u00e2mara melhorada do SPT (South Pole Telescope), situado na Ant\u00e1rtida, que mapeia o brilho remanescente do Big Bang.\nCr\u00e9dito: Kevin Zagorski<\/figcaption><\/figure>\n<\/div>\n\n\n<p><\/p>\n\n\n\n<p>A luz mais antiga do universo tem estado a viajar pelo espa\u00e7o desde logo ap\u00f3s o Big Bang. Conhecida como radia\u00e7\u00e3o c\u00f3smica de fundo em micro-ondas, \u00e9 impercet\u00edvel ao olho humano. Mas se os cientistas a conseguirem captar, utilizando alguns dos detetores mais sens\u00edveis alguma vez fabricados, pode dizer-nos como o nosso Universo se formou e evoluiu ao longo do tempo.<\/p>\n\n\n\n<p>Os investigadores divulgaram medi\u00e7\u00f5es sens\u00edveis, sem precedentes, da radia\u00e7\u00e3o c\u00f3smica de fundo em micro-ondas, resultantes de dois anos de observa\u00e7\u00f5es com uma c\u00e2mara melhorada do SPT (South Pole Telescope). O telesc\u00f3pio, localizado na Esta\u00e7\u00e3o Amundsen-Scott da NSF (National Science Foundation), na Ant\u00e1rtida, e financiado conjuntamente pela NSF e pelo Departamento de Energia dos EUA, foi concebido especificamente para mapear a luz muito t\u00e9nue da radia\u00e7\u00e3o de fundo em micro-ondas.<\/p>\n\n\n\n<p>Os resultados, divulgados no passado dia 25 de junho, s\u00e3o impressionantes &#8211; a precis\u00e3o dos pormenores da radia\u00e7\u00e3o c\u00f3smica de fundo em micro-ondas excede a de todas as medi\u00e7\u00f5es anteriores, mesmo as efetuadas a partir do espa\u00e7o. Quando combinados com dados de outros telesc\u00f3pios terrestres, oferecem uma nova refer\u00eancia para restringir as poss\u00edveis respostas a quest\u00f5es importantes sobre o Universo.<\/p>\n\n\n\n<p>&#8220;Este \u00e9 um momento decisivo para a cosmologia da radia\u00e7\u00e3o de fundo em micro-ondas&#8221;, disse Tom Crawford, diretor-adjunto do SPT e professor investigador na Universidade de Chicago. &#8220;\u00c9 o in\u00edcio de uma nova era, em que a nossa compreens\u00e3o do Universo ser\u00e1 avan\u00e7ada em grande parte por experi\u00eancias terrestres da radia\u00e7\u00e3o de fundo em micro-ondas&#8221;.<\/p>\n\n\n\n<p>As novas leituras fornecem um controlo cruzado do nosso modelo fundamental do Universo. \u00c0 medida que forem sendo divulgados mais dados, estes ir\u00e3o aperfei\u00e7oar v\u00e1rios testes de grandes quest\u00f5es pendentes na cosmologia, tais como a natureza da energia escura e o ritmo a que o Universo se est\u00e1 a expandir.<\/p>\n\n\n\n<p><strong>Restri\u00e7\u00f5es c\u00f3smicas<\/strong><\/p>\n\n\n\n<p>A radia\u00e7\u00e3o c\u00f3smica de fundo em micro-ondas, por vezes referida como o brilho remanescente do Big Bang, data de h\u00e1 mais de 13 mil milh\u00f5es de anos, do per\u00edodo imediatamente ap\u00f3s a forma\u00e7\u00e3o do nosso Universo. Isto torna-a uma fonte de informa\u00e7\u00e3o incrivelmente rica &#8211; se a conseguirmos avistar, claro.<\/p>\n\n\n\n<p>Esta radia\u00e7\u00e3o \u00e9 extremamente t\u00e9nue, e as suas varia\u00e7\u00f5es s\u00e3o ainda mais t\u00e9nues. Para ter a possibilidade de a captar, \u00e9 necess\u00e1rio um c\u00e9u muito limpo e condi\u00e7\u00f5es de observa\u00e7\u00e3o perfeitamente secas, condi\u00e7\u00f5es essas que se encontram na Ant\u00e1rtida.<\/p>\n\n\n\n<p>O SPT, gerido por uma colabora\u00e7\u00e3o liderada pela Universidade de Chicago, tem estado a mapear esta radia\u00e7\u00e3o desde 2007. Ao longo dos anos, foram instaladas v\u00e1rias c\u00e2maras no telesc\u00f3pio, mas a mais recente, conhecida como SPT-3G, tem mais detetores do que as vers\u00f5es anteriores. Os dados do mais recente resultado foram obtidos em 2019 e 2020 e representam os dois primeiros anos de observa\u00e7\u00f5es da SPT-3G na sua pot\u00eancia total. Cobrem cerca de 1\/25 do c\u00e9u, mapeando-o com mais pormenor do que qualquer outra medi\u00e7\u00e3o deste tipo.<\/p>\n\n\n<div class=\"wp-block-image\">\n<figure class=\"aligncenter size-large\"><a href=\"https:\/\/images2.imgbox.com\/73\/63\/cpOUwTY8_o.jpg\"><img decoding=\"async\" src=\"https:\/\/images2.imgbox.com\/73\/63\/cpOUwTY8_o.jpg\" alt=\"\"\/><\/a><figcaption class=\"wp-element-caption\">O c\u00e9u extraordinariamente limpo e a atmosfera est\u00e1vel da Ant\u00e1rtida permitem ao SPT captar a muito t\u00e9nue radia\u00e7\u00e3o c\u00f3smica de fundo em micro-ondas.<br>Cr\u00e9dito: Kevin Zagorski<\/figcaption><\/figure>\n<\/div>\n\n\n<p><\/p>\n\n\n\n<p>Uma das principais utiliza\u00e7\u00f5es para estes dados \u00e9 a de colocar restri\u00e7\u00f5es nas muitas poss\u00edveis respostas \u00e0s nossas quest\u00f5es sobre o Universo, tais como a forma como se formou e as leis fundamentais que regem a sua evolu\u00e7\u00e3o. Os dados fornecidos pela radia\u00e7\u00e3o c\u00f3smica de fundo em micro-ondas ajudam a orientar a procura de uma imagem coesa de tudo o que existe.<\/p>\n\n\n\n<p>O melhor modelo atual para explicar a forma\u00e7\u00e3o do cosmos \u00e9 conhecido como Lambda-CDM. No entanto, estudos recentes t\u00eam revelado ind\u00edcios tentadores de que o modelo Lambda-CDM pode n\u00e3o ser o quadro completo. H\u00e1 tamb\u00e9m um debate em andamento sobre o ritmo de expans\u00e3o do Universo, conhecido como &#8220;tens\u00e3o de Hubble&#8221;, que teria ramifica\u00e7\u00f5es significativas para a nossa compreens\u00e3o do Universo e na qual a radia\u00e7\u00e3o c\u00f3smica de fundo em micro-ondas desempenha um papel fundamental.<\/p>\n\n\n\n<p>Os novos resultados do SPT, publicados num artigo cient\u00edfico codirigido por Etienne Camphuis, investigador p\u00f3s-doutorado da equipa de Silva Galli no Instituto de Astrof\u00edsica de Paris do CNRS (Centre national de la recherche scientifique), e Wei Quan do Laborat\u00f3rio Nacional Argonne (EUA), v\u00eam refor\u00e7ar significativamente esta imagem.<\/p>\n\n\n\n<p>As descobertas confirmam a tens\u00e3o de Hubble de forma independente com uma signific\u00e2ncia estat\u00edstica muito elevada, disse o grupo, ao mesmo tempo que se mant\u00eam consistentes com outras limita\u00e7\u00f5es da radia\u00e7\u00e3o c\u00f3smica de fundo em micro-ondas, incluindo as da miss\u00e3o do sat\u00e9lite Planck e do ACT (Atacama Cosmology Telescope), no Chile.<\/p>\n\n\n\n<p>Tamb\u00e9m acentuam uma anomalia que surgiu recentemente no nosso quadro cosmol\u00f3gico &#8211; a discord\u00e2ncia entre as restri\u00e7\u00f5es \u00e0 radia\u00e7\u00e3o c\u00f3smica de fundo em micro-ondas e as dos levantamentos em grande escala dos movimentos das gal\u00e1xias (particularmente os resultados recentes do DESI, ou Dark Energy Spectroscopic Instrument).<\/p>\n\n\n\n<p>\u00c0 medida que mais dados do SPT-3G forem sendo disponibilizados, continuar\u00e3o a constituir uma forma independente e cada vez mais poderosa de testar hip\u00f3teses.<\/p>\n\n\n\n<p>&#8220;Se houver realmente um afastamento do modelo padr\u00e3o, poderemos v\u00ea-lo com muito mais for\u00e7a com os pr\u00f3ximos conjuntos de dados&#8221;, disse Quan. &#8220;Se for um sinal real, ser\u00e1 ampliado&#8221;.<\/p>\n\n\n\n<p><strong>Padr\u00e3o de ouro a partir do solo<\/strong><\/p>\n\n\n\n<p>Anteriormente, o padr\u00e3o de ouro para as medi\u00e7\u00f5es da radia\u00e7\u00e3o c\u00f3smica de fundo em micro-ondas eram os dados do sat\u00e9lite Planck, obtidos h\u00e1 mais de uma d\u00e9cada. Agora, os novos dados do SPT, quando combinados com os dados do ACT, estabelecem um novo padr\u00e3o &#8211; um momento pelo qual muitos no campo t\u00eam estado \u00e0 espera, disseram os cientistas.<\/p>\n\n\n\n<p>Os telesc\u00f3pios espaciais, como o Planck, t\u00eam a vantagem de ter uma vis\u00e3o mais n\u00edtida, uma vez que a atmosfera da Terra n\u00e3o est\u00e1 a perturbar a vis\u00e3o.<\/p>\n\n\n\n<p>Mas \u00e9 substancialmente mais f\u00e1cil operar um telesc\u00f3pio a partir do solo. \u00c9 muito mais f\u00e1cil criar um instrumento complexo que funcione mesmo num local t\u00e3o in\u00f3spito como a Ant\u00e1rtida do que conceber algo que tenha de sobreviver a um lan\u00e7amento de foguet\u00e3o e \u00e0s condi\u00e7\u00f5es do espa\u00e7o. &#8220;Se algo se avariar num telesc\u00f3pio terrestre, podemos ir l\u00e1 e repar\u00e1-lo&#8221;, disse Brad Benson, professor associado de astronomia e astrof\u00edsica na Universidade de Chicago e diretor de opera\u00e7\u00f5es do SPT. &#8220;N\u00e3o \u00e9 poss\u00edvel fazer isso no espa\u00e7o&#8221;.<\/p>\n\n\n\n<p>Os avan\u00e7os nos detetores e no design est\u00e3o finalmente a permitir que os telesc\u00f3pios terrestres igualem ou rivalizem com os dados do Planck.<\/p>\n\n\n\n<p>&#8220;Durante anos, o Planck definiu efetivamente, por si s\u00f3, o nosso modelo cosmol\u00f3gico&#8221;, disse Camphuis. &#8220;No entanto, em ci\u00eancia, \u00e9 importante confirmar as medi\u00e7\u00f5es. Com o SPT e o ACT, temos agora um conjunto quase totalmente independente de medi\u00e7\u00f5es com um poder de restri\u00e7\u00e3o semelhante&#8221;.<\/p>\n\n\n\n<p>Estes novos resultados representam menos de um-quarto dos dados obtidos com a SPT-3G no SPT.<\/p>\n\n\n\n<p>&#8220;Isto \u00e9 apenas o in\u00edcio&#8221;, disse Crawford. &#8220;A imagem s\u00f3 vai ficar mais interessante&#8221;.<\/p>\n\n\n\n<p><a href=\"https:\/\/news.uchicago.edu\/story\/latest-data-south-pole-telescope-signals-new-era-measuring-first-light-universe\" target=\"_blank\" rel=\"noreferrer noopener\">\/\/ Universidade de Chicago (comunicado de imprensa)<\/a><br><a href=\"https:\/\/arxiv.org\/abs\/2506.20707\" target=\"_blank\" rel=\"noreferrer noopener\">\/\/ Artigo cient\u00edfico (arXiv)<\/a><\/p>\n\n\n\n<h3 class=\"wp-block-heading\">Saiba mais:<\/h3>\n\n\n\n<p><strong>Universo:<\/strong><br><a href=\"https:\/\/en.wikipedia.org\/wiki\/Cosmic_microwave_background\" target=\"_blank\" rel=\"noreferrer noopener\">Radia\u00e7\u00e3o c\u00f3smica de fundo em micro-ondas (Wikipedia)<\/a><br><a href=\"https:\/\/en.wikipedia.org\/wiki\/Accelerating_expansion_of_the_universe\" target=\"_blank\" rel=\"noreferrer noopener\">A expans\u00e3o acelerada do Universo (Wikipedia)<\/a><br><a href=\"http:\/\/en.wikipedia.org\/wiki\/Universe\" target=\"_blank\" rel=\"noreferrer noopener\">Universo (Wikipedia)<\/a><br><a href=\"http:\/\/en.wikipedia.org\/wiki\/Age_of_the_universe\" target=\"_blank\" rel=\"noreferrer noopener\">Idade do Universo (Wikipedia)<\/a><br><a href=\"https:\/\/en.wikipedia.org\/wiki\/Reionization\" target=\"_blank\" rel=\"noreferrer noopener\">\u00c9poca da Reioniza\u00e7\u00e3o (Wikipedia)<\/a><br><a href=\"http:\/\/en.wikipedia.org\/wiki\/Large-scale_structure_of_the_universe\" target=\"_blank\" rel=\"noreferrer noopener\">Estrutura a grande-escala do Universo (Wikipedia)<\/a><br><a href=\"http:\/\/en.wikipedia.org\/wiki\/Big_Bang\" target=\"_blank\" rel=\"noreferrer noopener\">Big Bang (Wikipedia)<\/a><br><a href=\"http:\/\/en.wikipedia.org\/wiki\/Timeline_of_the_Big_Bang\" target=\"_blank\" rel=\"noreferrer noopener\">Cronologia do Big Bang (Wikipedia)<\/a><br><a href=\"https:\/\/en.wikipedia.org\/wiki\/Lambda-CDM_model\" target=\"_blank\" rel=\"noreferrer noopener\">Modelo Lambda-CDM (Wikipedia)<\/a><\/p>\n\n\n\n<p><strong>SPT (South Pole Telescope):<\/strong><br><a href=\"https:\/\/pole.uchicago.edu\/\" target=\"_blank\" rel=\"noreferrer noopener\">P\u00e1gina principal<\/a><br><a href=\"https:\/\/en.wikipedia.org\/wiki\/South_Pole_Telescope\" target=\"_blank\" rel=\"noreferrer noopener\">Wikipedia<\/a><br><a href=\"https:\/\/astro.fnal.gov\/science\/cmbr\/spt-3g\/\" target=\"_blank\" rel=\"noreferrer noopener\">SPT-3G (Fermilab)<\/a><\/p>\n\n\n\n<p><strong>ACT (Atacama Cosmology Telescope):<\/strong><br><a href=\"https:\/\/act.princeton.edu\/\" target=\"_blank\" rel=\"noreferrer noopener\">P\u00e1gina principal (Universidade de Princeton)<\/a><br><a href=\"https:\/\/en.wikipedia.org\/wiki\/Atacama_Cosmology_Telescope\" target=\"_blank\" rel=\"noreferrer noopener\">Wikipedia<\/a><\/p>\n\n\n\n<p><strong>Observat\u00f3rio Planck:<\/strong><br><a href=\"http:\/\/sci.esa.int\/science-e\/www\/area\/index.cfm?fareaid=17\" target=\"_blank\" rel=\"noreferrer noopener\">ESA (ci\u00eancia e tecnologia)<\/a><br><a href=\"http:\/\/www.cosmos.esa.int\/web\/planck\" target=\"_blank\" rel=\"noreferrer noopener\">ESA (centro cient\u00edfico)<\/a><br><a href=\"http:\/\/www.esa.int\/SPECIALS\/Operations\/SEM45HZTIVE_0.html\" target=\"_blank\" rel=\"noreferrer noopener\">ESA (p\u00e1gina de opera\u00e7\u00f5es)<\/a><br><a href=\"https:\/\/science.nasa.gov\/mission\/planck\/\" target=\"_blank\" rel=\"noreferrer noopener\">NASA<\/a><br><a href=\"http:\/\/pla.esac.esa.int\/pla\/#home\" target=\"_blank\" rel=\"noreferrer noopener\">Arquivo do Legado Planck (ESA)<\/a><br><a href=\"http:\/\/en.wikipedia.org\/wiki\/Planck_(telescope)\" target=\"_blank\" rel=\"noreferrer noopener\">Wikipedia<\/a><\/p>\n","protected":false},"excerpt":{"rendered":"<p>A luz mais antiga do universo tem estado a viajar pelo espa\u00e7o desde logo ap\u00f3s o Big Bang. Conhecida como radia\u00e7\u00e3o c\u00f3smica de fundo em micro-ondas, \u00e9 impercet\u00edvel ao olho humano. Mas se os cientistas a conseguirem captar, utilizando alguns dos detetores mais sens\u00edveis alguma vez fabricados, pode dizer-nos como o nosso Universo se formou e evoluiu ao longo do tempo.<\/p>\n","protected":false},"author":1,"featured_media":8132,"comment_status":"open","ping_status":"open","sticky":false,"template":"","format":"standard","meta":{"footnotes":""},"categories":[62,1],"tags":[870,1728,330,746],"class_list":["post-8131","post","type-post","status-publish","format-standard","has-post-thumbnail","","category-cosmologia","category-telescopios-profissionais","tag-act","tag-modelo-lambda-cdm","tag-planck","tag-spt"],"_links":{"self":[{"href":"https:\/\/ccvalg.pt\/astronomia\/wordpress\/wp-json\/wp\/v2\/posts\/8131","targetHints":{"allow":["GET"]}}],"collection":[{"href":"https:\/\/ccvalg.pt\/astronomia\/wordpress\/wp-json\/wp\/v2\/posts"}],"about":[{"href":"https:\/\/ccvalg.pt\/astronomia\/wordpress\/wp-json\/wp\/v2\/types\/post"}],"author":[{"embeddable":true,"href":"https:\/\/ccvalg.pt\/astronomia\/wordpress\/wp-json\/wp\/v2\/users\/1"}],"replies":[{"embeddable":true,"href":"https:\/\/ccvalg.pt\/astronomia\/wordpress\/wp-json\/wp\/v2\/comments?post=8131"}],"version-history":[{"count":1,"href":"https:\/\/ccvalg.pt\/astronomia\/wordpress\/wp-json\/wp\/v2\/posts\/8131\/revisions"}],"predecessor-version":[{"id":8133,"href":"https:\/\/ccvalg.pt\/astronomia\/wordpress\/wp-json\/wp\/v2\/posts\/8131\/revisions\/8133"}],"wp:featuredmedia":[{"embeddable":true,"href":"https:\/\/ccvalg.pt\/astronomia\/wordpress\/wp-json\/wp\/v2\/media\/8132"}],"wp:attachment":[{"href":"https:\/\/ccvalg.pt\/astronomia\/wordpress\/wp-json\/wp\/v2\/media?parent=8131"}],"wp:term":[{"taxonomy":"category","embeddable":true,"href":"https:\/\/ccvalg.pt\/astronomia\/wordpress\/wp-json\/wp\/v2\/categories?post=8131"},{"taxonomy":"post_tag","embeddable":true,"href":"https:\/\/ccvalg.pt\/astronomia\/wordpress\/wp-json\/wp\/v2\/tags?post=8131"}],"curies":[{"name":"wp","href":"https:\/\/api.w.org\/{rel}","templated":true}]}}