{"id":8084,"date":"2025-06-13T06:11:34","date_gmt":"2025-06-13T05:11:34","guid":{"rendered":"https:\/\/ccvalg.pt\/astronomia\/wordpress\/?p=8084"},"modified":"2025-06-13T06:11:35","modified_gmt":"2025-06-13T05:11:35","slug":"as-luas-de-urano-surpreenderam-os-cientistas","status":"publish","type":"post","link":"https:\/\/ccvalg.pt\/astronomia\/wordpress\/2025\/06\/13\/as-luas-de-urano-surpreenderam-os-cientistas\/","title":{"rendered":"As luas de \u00darano surpreenderam os cientistas"},"content":{"rendered":"<div class=\"wp-block-image\">\n<figure class=\"aligncenter size-large\"><a href=\"https:\/\/stsci-opo.org\/STScI-01JWH54XKQDEY989WK9759CRGY.jpg\"><img loading=\"lazy\" decoding=\"async\" width=\"930\" height=\"1024\" src=\"https:\/\/ccvalg.pt\/astronomia\/wordpress\/wp-content\/uploads\/2025\/06\/jqPDZd3Y_o-930x1024.jpg\" alt=\"\" class=\"wp-image-8085\" srcset=\"https:\/\/ccvalg.pt\/astronomia\/wordpress\/wp-content\/uploads\/2025\/06\/jqPDZd3Y_o-930x1024.jpg 930w, https:\/\/ccvalg.pt\/astronomia\/wordpress\/wp-content\/uploads\/2025\/06\/jqPDZd3Y_o-272x300.jpg 272w, https:\/\/ccvalg.pt\/astronomia\/wordpress\/wp-content\/uploads\/2025\/06\/jqPDZd3Y_o-768x846.jpg 768w, https:\/\/ccvalg.pt\/astronomia\/wordpress\/wp-content\/uploads\/2025\/06\/jqPDZd3Y_o.jpg 1280w\" sizes=\"auto, (max-width: 930px) 100vw, 930px\" \/><\/a><figcaption class=\"wp-element-caption\">As cinco maiores luas de \u00darano &#8211; por vezes chamadas de &#8220;luas cl\u00e1ssicas&#8221; &#8211; aparecem numa linha irregular, aproximadamente diagonal, de cima \u00e0 direita para baixo \u00e0 esquerda. S\u00e3o designadas Tit\u00e2nia, Oberon, Umbriel, Miranda e Ariel. Tamb\u00e9m \u00e9 vis\u00edvel a sombra de Ariel, que est\u00e1 sobreposta a \u00darano. An\u00e9is t\u00e9nues e fantasmag\u00f3ricos, semelhantes aos de Saturno, rodeiam o gigante gelado azul.\nCr\u00e9dito: ci\u00eancia &#8211; NASA, ESA, STScI, Christian Soto (STScI); processamento &#8211; Joseph DePasquale (STScI)<\/figcaption><\/figure>\n<\/div>\n\n\n<p><\/p>\n\n\n\n<p>Cientistas recorreram ao Telesc\u00f3pio Espacial Hubble da NASA para procurar evid\u00eancias de um fen\u00f3meno e encontraram outro bem diferente.<\/p>\n\n\n\n<p>A equipa de investiga\u00e7\u00e3o estudou as quatro maiores luas do gigante gelado \u00darano, o s\u00e9timo planeta a contar do Sol, procurando sinais de intera\u00e7\u00f5es entre a sua magnetosfera e as superf\u00edcies das luas (a magnetosfera \u00e9 uma regi\u00e3o em torno de um corpo celeste onde as part\u00edculas com carga el\u00e9trica s\u00e3o afetadas pelo campo magn\u00e9tico do objeto astron\u00f3mico).<\/p>\n\n\n\n<p>Em particular, a equipa previu que, com base nas intera\u00e7\u00f5es com a magnetosfera de \u00darano, os lados &#8220;dianteiros&#8221; destas luas com acoplamento de mar\u00e9, ou seja, que t\u00eam sempre o mesmo lado voltado para o planeta, seriam mais brilhantes do que os lados &#8220;traseiros&#8221;, sempre virados para o lado oposto. Isto dever-se-ia ao escurecimento da radia\u00e7\u00e3o dos seus lados ocultos [para o planeta] por part\u00edculas carregadas, tais como eletr\u00f5es presos na magnetosfera de \u00darano.<\/p>\n\n\n\n<p>Em vez disso, n\u00e3o encontraram evid\u00eancias de escurecimento nos hemisf\u00e9rios traseiros das luas, e evid\u00eancias claras de escurecimento dos lados dianteiros das luas exteriores. Isto surpreendeu a equipa e indica que a magnetosfera de \u00darano pode n\u00e3o interagir muito com as suas grandes luas, contrariando os dados existentes recolhidos nos comprimentos de onda do infravermelho pr\u00f3ximo.<\/p>\n\n\n\n<p>A n\u00edtida vis\u00e3o ultravioleta e as capacidades espetrosc\u00f3picas do Hubble foram fundamentais para permitir \u00e0 equipa investigar as condi\u00e7\u00f5es da superf\u00edcie destas luas e revelar a surpreendente descoberta, apresentada no passado dia 10 de junho na 246.\u00aa reuni\u00e3o da Sociedade Astron\u00f3mica Americana, em Anchorage, Alasca.<\/p>\n\n\n\n<p><strong>O complicado ambiente magn\u00e9tico do &#8220;estranho&#8221; \u00darano<\/strong><\/p>\n\n\n\n<p>As quatro luas deste estudo &#8211; Ariel, Umbriel, Tit\u00e2nia e Oberon &#8211; sofrem acoplamento de mar\u00e9, de modo que mostram sempre o mesmo lado para o planeta \u00darano. A ideia era que as part\u00edculas carregadas presas ao longo das linhas do campo magn\u00e9tico atingissem principalmente o lado oculto de cada lua, o que escureceria esse hemisf\u00e9rio.<\/p>\n\n\n\n<p>&#8220;\u00darano \u00e9 esquisito, por isso sempre foi incerto o quanto o campo magn\u00e9tico interage com os seus sat\u00e9lites&#8221;, explicou o investigador principal Richard Cartwright do JHUAPL (Johns Hopkins University Applied Physics Laboratory). &#8220;Para come\u00e7ar, tem uma inclina\u00e7\u00e3o de 98 graus em rela\u00e7\u00e3o \u00e0 ecl\u00edptica&#8221;.<\/p>\n\n\n\n<p>Isto significa que \u00darano est\u00e1 dramaticamente inclinado em rela\u00e7\u00e3o ao plano orbital dos planetas. \u00darano viaja muito lentamente \u00e0 volta do Sol, de lado, \u00e0 medida que completa a sua \u00f3rbita de 84 anos terrestres.<\/p>\n\n\n\n<p>&#8220;Aquando do &#8216;flyby&#8217; da Voyager 2, a magnetosfera de \u00darano estava inclinada cerca de 59 graus em rela\u00e7\u00e3o ao plano orbital dos sat\u00e9lites. Por isso, h\u00e1 uma inclina\u00e7\u00e3o adicional do campo magn\u00e9tico&#8221;, explicou Cartwright.<\/p>\n\n\n\n<p>Como \u00darano e as suas linhas de campo magn\u00e9tico giram mais depressa do que as suas luas orbitam o planeta, passam constantemente por elas. Se a magnetosfera de \u00darano interagir com as suas luas, as part\u00edculas carregadas dever\u00e3o atingir preferencialmente a superf\u00edcie dos hemisf\u00e9rios traseiros.<\/p>\n\n\n\n<p>Estas part\u00edculas carregadas, bem como os raios c\u00f3smicos da nossa Gal\u00e1xia, devem escurecer os hemisf\u00e9rios traseiros de Ariel, Umbriel, Tit\u00e2nia e Oberon e possivelmente gerar o di\u00f3xido de carbono detetado nestas luas. A equipa esperava que, especialmente no caso das luas interiores Ariel e Umbriel, estes hemisf\u00e9rios fossem mais escuros do que os lados dianteiros nos comprimentos de onda do ultravioleta e no vis\u00edvel.<\/p>\n\n\n\n<p>Mas n\u00e3o foi isso que descobriram. Ao que parece, os hemisf\u00e9rios dianteiro e traseiro de Ariel e Umbriel s\u00e3o de facto muito semelhantes em termos de brilho. No entanto, os investigadores observaram uma diferen\u00e7a entre os hemisf\u00e9rios das duas luas exteriores, Tit\u00e2nia e Oberon &#8211; n\u00e3o as luas que esperavam.<\/p>\n\n\n\n<p><strong>Como insetos num para-brisas<\/strong><\/p>\n\n\n\n<p>Ainda mais estranho \u00e9 o facto de a diferen\u00e7a de brilho ser o oposto do que esperavam. As duas luas exteriores t\u00eam hemisf\u00e9rios dianteiros mais escuros e mais vermelhos do que os hemisf\u00e9rios traseiros. A equipa pensa que a poeira de alguns dos sat\u00e9lites irregulares de \u00darano est\u00e1 a cobrir os lados dianteiros de Tit\u00e2nia e Oberon.<\/p>\n\n\n\n<p>Os sat\u00e9lites irregulares s\u00e3o corpos naturais que t\u00eam \u00f3rbitas grandes, exc\u00eantricas e inclinadas em rela\u00e7\u00e3o ao plano equatorial do seu planeta. Micrometeoritos est\u00e3o constantemente a atingir as superf\u00edcies dos sat\u00e9lites irregulares de \u00darano, libertando pequenos peda\u00e7os de material para \u00f3rbita do planeta.<\/p>\n\n\n\n<p>Ao longo de milh\u00f5es de anos, este material poeirento move-se para dentro em dire\u00e7\u00e3o a \u00darano e eventualmente atravessa as \u00f3rbitas de Tit\u00e2nia e de Oberon. Estas luas exteriores varrem a poeira e apanham-na principalmente nos seus hemisf\u00e9rios dianteiros, que est\u00e3o virados para o planeta. \u00c9 como os insetos que batem no para-brisas do carro quando se conduz numa autoestrada.<\/p>\n\n\n\n<p>Este material faz com que Tit\u00e2nia e Oberon tenham hemisf\u00e9rios dianteiros mais escuros e mais avermelhados. Estas luas exteriores protegem efetivamente as luas interiores Ariel e Umbriel da poeira, raz\u00e3o pela qual os hemisf\u00e9rios das luas interiores n\u00e3o mostram uma diferen\u00e7a de brilho.<\/p>\n\n\n\n<p>&#8220;Vemos a mesma coisa a acontecer no sistema de Saturno e provavelmente tamb\u00e9m no sistema de J\u00fapiter&#8221;, disse o coinvestigador Bryan Holler do STScI (Space Telescope Science Institute). &#8220;Esta \u00e9 uma das primeiras evid\u00eancias que vemos de uma troca de material semelhante entre os sat\u00e9lites uranianos&#8221;.<\/p>\n\n\n\n<p>&#8220;E isso apoia uma explica\u00e7\u00e3o diferente&#8221;, disse Cartwright. &#8220;\u00c9 a recolha de poeira. Eu nem sequer esperava entrar nessa hip\u00f3tese, mas os dados surpreendem-nos sempre&#8221;.<\/p>\n\n\n\n<p>Com base nestas descobertas, Cartwright e a sua equipa suspeitam que a magnetosfera de \u00darano pode ser bastante tranquila, ou pode ser mais complicada do que se pensava anteriormente. Talvez estejam a ocorrer intera\u00e7\u00f5es entre as luas de \u00darano e a magnetosfera, mas por alguma raz\u00e3o, n\u00e3o est\u00e3o a causar assimetria nos hemisf\u00e9rios como os investigadores suspeitavam. A resposta exigir\u00e1 mais investiga\u00e7\u00e3o sobre o enigm\u00e1tico \u00darano, a sua magnetosfera e as suas luas.<\/p>\n\n\n\n<p><a href=\"https:\/\/www.stsci.edu\/contents\/news-releases\/2025\/news-2025-018\" target=\"_blank\" rel=\"noreferrer noopener\">\/\/ STScI (comunicado de imprensa)<\/a><\/p>\n\n\n\n<h3 class=\"wp-block-heading\">Saiba mais:<\/h3>\n\n\n\n<p><strong>\u00darano:<\/strong><br><a href=\"https:\/\/solarsystem.nasa.gov\/planets\/uranus\/overview\/\" target=\"_blank\" rel=\"noreferrer noopener\">NASA<\/a><br><a href=\"http:\/\/en.wikipedia.org\/wiki\/Uranus_(planet)\" target=\"_blank\" rel=\"noreferrer noopener\">Wikipedia<\/a><br><a href=\"https:\/\/en.wikipedia.org\/wiki\/Uranus#Magnetosphere\" target=\"_blank\" rel=\"noreferrer noopener\">Magnetosfera de \u00darano (Wikipedia)<\/a><\/p>\n\n\n\n<p><strong>Ariel:<\/strong><br><a href=\"https:\/\/solarsystem.nasa.gov\/moons\/uranus-moons\/ariel\/in-depth\" target=\"_blank\" rel=\"noreferrer noopener\">NASA<\/a><br><a href=\"https:\/\/en.wikipedia.org\/wiki\/Ariel_(moon)\" target=\"_blank\" rel=\"noreferrer noopener\">Wikipedia<\/a><\/p>\n\n\n\n<p><strong>Umbriel:<\/strong><br><a href=\"https:\/\/solarsystem.nasa.gov\/moons\/uranus-moons\/umbriel\/in-depth\" target=\"_blank\" rel=\"noreferrer noopener\">NASA<\/a><br><a href=\"https:\/\/en.wikipedia.org\/wiki\/Umbriel_(moon)\" target=\"_blank\" rel=\"noreferrer noopener\">Wikipedia<\/a><\/p>\n\n\n\n<p><strong>Tit\u00e2nia:<\/strong><br><a href=\"https:\/\/solarsystem.nasa.gov\/moons\/uranus-moons\/titania\/in-depth\" target=\"_blank\" rel=\"noreferrer noopener\">NASA<\/a><br><a href=\"https:\/\/en.wikipedia.org\/wiki\/Titania_(moon)\" target=\"_blank\" rel=\"noreferrer noopener\">Wikipedia<\/a><\/p>\n\n\n\n<p><strong>Oberon:<\/strong><br><a href=\"https:\/\/solarsystem.nasa.gov\/moons\/uranus-moons\/oberon\/in-depth\" target=\"_blank\" rel=\"noreferrer noopener\">NASA<\/a><br><a href=\"https:\/\/en.wikipedia.org\/wiki\/Oberon_(moon)\" target=\"_blank\" rel=\"noreferrer noopener\">Wikipedia<\/a><\/p>\n\n\n\n<p><strong>Telesc\u00f3pio Espacial Hubble:<br><\/strong><a href=\"https:\/\/science.nasa.gov\/mission\/hubble\/\" target=\"_blank\" rel=\"noreferrer noopener\">Hubble, NASA<\/a>&nbsp;<br><a href=\"http:\/\/www.esa.int\/esaSC\/SEM106WO4HD_index_0_m.html\" target=\"_blank\" rel=\"noreferrer noopener\">ESA<\/a><br><a href=\"https:\/\/www.stsci.edu\/hst\" target=\"_blank\" rel=\"noreferrer noopener\">STScI<\/a><br><a href=\"http:\/\/archive.stsci.edu\/\" target=\"_blank\" rel=\"noreferrer noopener\">Base de dados do Arquivo Mikulski para Telesc\u00f3pios Espaciais<\/a><br><a href=\"https:\/\/hst.esac.esa.int\/ehst\/#\/pages\/home\" target=\"_blank\" rel=\"noreferrer noopener\">Arquivo de Ci\u00eancias do eHST<\/a><br><a href=\"https:\/\/en.wikipedia.org\/wiki\/Hubble_Space_Telescope\" target=\"_blank\" rel=\"noreferrer noopener\">Wikipedia<\/a><\/p>\n","protected":false},"excerpt":{"rendered":"<p>Cientistas recorreram ao Telesc\u00f3pio Espacial Hubble da NASA para procurar evid\u00eancias de um fen\u00f3meno e encontraram outro bem diferente. A equipa de investiga\u00e7\u00e3o estudou as quatro maiores luas do gigante gelado \u00darano, o s\u00e9timo planeta a contar do Sol, procurando sinais de intera\u00e7\u00f5es entre a sua magnetosfera e as superf\u00edcies das luas.<\/p>\n","protected":false},"author":1,"featured_media":8085,"comment_status":"open","ping_status":"open","sticky":false,"template":"","format":"standard","meta":{"footnotes":""},"categories":[9,16,1],"tags":[150,1532,1531,1530,486],"class_list":["post-8084","post","type-post","status-publish","format-standard","has-post-thumbnail","","category-sistema-solar","category-sondas-missoes-espaciais","category-telescopios-profissionais","tag-hubble","tag-oberon","tag-titania","tag-umbriel","tag-urano"],"_links":{"self":[{"href":"https:\/\/ccvalg.pt\/astronomia\/wordpress\/wp-json\/wp\/v2\/posts\/8084","targetHints":{"allow":["GET"]}}],"collection":[{"href":"https:\/\/ccvalg.pt\/astronomia\/wordpress\/wp-json\/wp\/v2\/posts"}],"about":[{"href":"https:\/\/ccvalg.pt\/astronomia\/wordpress\/wp-json\/wp\/v2\/types\/post"}],"author":[{"embeddable":true,"href":"https:\/\/ccvalg.pt\/astronomia\/wordpress\/wp-json\/wp\/v2\/users\/1"}],"replies":[{"embeddable":true,"href":"https:\/\/ccvalg.pt\/astronomia\/wordpress\/wp-json\/wp\/v2\/comments?post=8084"}],"version-history":[{"count":1,"href":"https:\/\/ccvalg.pt\/astronomia\/wordpress\/wp-json\/wp\/v2\/posts\/8084\/revisions"}],"predecessor-version":[{"id":8086,"href":"https:\/\/ccvalg.pt\/astronomia\/wordpress\/wp-json\/wp\/v2\/posts\/8084\/revisions\/8086"}],"wp:featuredmedia":[{"embeddable":true,"href":"https:\/\/ccvalg.pt\/astronomia\/wordpress\/wp-json\/wp\/v2\/media\/8085"}],"wp:attachment":[{"href":"https:\/\/ccvalg.pt\/astronomia\/wordpress\/wp-json\/wp\/v2\/media?parent=8084"}],"wp:term":[{"taxonomy":"category","embeddable":true,"href":"https:\/\/ccvalg.pt\/astronomia\/wordpress\/wp-json\/wp\/v2\/categories?post=8084"},{"taxonomy":"post_tag","embeddable":true,"href":"https:\/\/ccvalg.pt\/astronomia\/wordpress\/wp-json\/wp\/v2\/tags?post=8084"}],"curies":[{"name":"wp","href":"https:\/\/api.w.org\/{rel}","templated":true}]}}