{"id":7285,"date":"2024-09-13T06:09:34","date_gmt":"2024-09-13T05:09:34","guid":{"rendered":"https:\/\/ccvalg.pt\/astronomia\/wordpress\/?p=7285"},"modified":"2024-09-13T06:09:35","modified_gmt":"2024-09-13T05:09:35","slug":"estudo-revela-evidencias-da-origem-do-buraco-negro-supermassivo-no-centro-da-nossa-galaxia","status":"publish","type":"post","link":"https:\/\/ccvalg.pt\/astronomia\/wordpress\/2024\/09\/13\/estudo-revela-evidencias-da-origem-do-buraco-negro-supermassivo-no-centro-da-nossa-galaxia\/","title":{"rendered":"Estudo revela evid\u00eancias da origem do buraco negro supermassivo no centro da nossa Gal\u00e1xia"},"content":{"rendered":"<div class=\"wp-block-image\">\n<figure class=\"aligncenter size-large\"><a href=\"https:\/\/cdn.eso.org\/images\/large\/eso2208-eht-mwa.jpg\"><img loading=\"lazy\" decoding=\"async\" width=\"1024\" height=\"1024\" src=\"https:\/\/ccvalg.pt\/astronomia\/wordpress\/wp-content\/uploads\/2022\/05\/eso2208-eht-mwa-1024x1024.jpg\" alt=\"\" class=\"wp-image-5086\" srcset=\"https:\/\/ccvalg.pt\/astronomia\/wordpress\/wp-content\/uploads\/2022\/05\/eso2208-eht-mwa-1024x1024.jpg 1024w, https:\/\/ccvalg.pt\/astronomia\/wordpress\/wp-content\/uploads\/2022\/05\/eso2208-eht-mwa-300x300.jpg 300w, https:\/\/ccvalg.pt\/astronomia\/wordpress\/wp-content\/uploads\/2022\/05\/eso2208-eht-mwa-150x150.jpg 150w, https:\/\/ccvalg.pt\/astronomia\/wordpress\/wp-content\/uploads\/2022\/05\/eso2208-eht-mwa-768x768.jpg 768w, https:\/\/ccvalg.pt\/astronomia\/wordpress\/wp-content\/uploads\/2022\/05\/eso2208-eht-mwa-1536x1536.jpg 1536w, https:\/\/ccvalg.pt\/astronomia\/wordpress\/wp-content\/uploads\/2022\/05\/eso2208-eht-mwa-2048x2048.jpg 2048w\" sizes=\"auto, (max-width: 1024px) 100vw, 1024px\" \/><\/a><figcaption class=\"wp-element-caption\">A primeira imagem de Sagit\u00e1rio A*, o buraco negro supermassivo no centro da nossa Gal\u00e1xia. Foi captada pelo EHT (Event Horizon Telescope), uma rede que ligou oito observat\u00f3rios de r\u00e1dio existentes em todo o planeta para formar um \u00fanico telesc\u00f3pio virtual da &#8220;dimens\u00e3o da Terra&#8221;.<br>Cr\u00e9dito: Colabora\u00e7\u00e3o EHT<\/figcaption><\/figure>\n<\/div>\n\n\n<p>A origem dos apropriadamente chamados buracos negros supermassivos &#8211; que podem ter mais de um milh\u00e3o de vezes a massa do Sol e residir no centro da maioria das gal\u00e1xias &#8211; continua a ser um dos grandes mist\u00e9rios do cosmos.<\/p>\n\n\n\n<p>Agora, investigadores do Centro de Astrof\u00edsica da Universidade do Nevada em Las Vegas (UNLV), EUA, descobriram evid\u00eancias convincentes que sugerem que o buraco negro supermassivo no centro da nossa Gal\u00e1xia, a Via L\u00e1ctea, conhecido como Sagit\u00e1rio A* (Sgr A*), \u00e9 provavelmente o resultado de uma fus\u00e3o c\u00f3smica passada.<\/p>\n\n\n\n<p>O estudo, publicado no passado dia 6 de setembro na revista Nature Astronomy, baseia-se em observa\u00e7\u00f5es recentes do EHT (Event Horizon Telescope), que captou a primeira imagem direta de Sgr A* em 2022. O EHT, resultado de uma colabora\u00e7\u00e3o global de investiga\u00e7\u00e3o, sincroniza dados de oito observat\u00f3rios de r\u00e1dio existentes em todo o mundo para criar um enorme telesc\u00f3pio virtual do tamanho da Terra.<\/p>\n\n\n\n<p>Os astrof\u00edsicos da UNLV, Yihan Wang e Bing Zhang, utilizaram os dados da observa\u00e7\u00e3o de Sgr A* pelo EHT para procurar evid\u00eancias de como este se ter\u00e1 formado. Pensa-se que os buracos negros supermassivos crescem quer pela acre\u00e7\u00e3o de mat\u00e9ria ao longo do tempo, quer pela fus\u00e3o de dois buracos negros existentes.<\/p>\n\n\n\n<p>A equipa da UNLV investigou v\u00e1rios modelos de crescimento para compreender a peculiar rota\u00e7\u00e3o r\u00e1pida e o desalinhamento de Sgr A* relativamente ao momento angular da Via L\u00e1ctea. A equipa demonstrou que estas caracter\u00edsticas invulgares s\u00e3o melhor explicadas por um grande evento de fus\u00e3o envolvendo Sgr A* e outro buraco negro supermassivo, provavelmente de uma gal\u00e1xia sat\u00e9lite.<\/p>\n\n\n\n<p>&#8220;Esta descoberta abre caminho para a nossa compreens\u00e3o de como os buracos negros supermassivos crescem e evoluem&#8221;, disse Wang, o autor principal do estudo e bolseiro de p\u00f3s-doutoramento na UNLV. &#8220;A grande rota\u00e7\u00e3o desalinhada de Sgr A* indica que pode ter-se fundido com outro buraco negro, alterando dramaticamente a sua amplitude e orienta\u00e7\u00e3o.&#8221;<\/p>\n\n\n\n<p>Usando simula\u00e7\u00f5es sofisticadas, os investigadores modelaram o impacto de uma fus\u00e3o, considerando v\u00e1rios cen\u00e1rios que se alinham com as propriedades da rota\u00e7\u00e3o observadas de Sgr A*. Os seus resultados indicam que uma fus\u00e3o com um r\u00e1cio de massa de 4:1 e uma configura\u00e7\u00e3o orbital altamente inclinada poderia reproduzir as propriedades de rota\u00e7\u00e3o observadas pelo EHT.<\/p>\n\n\n\n<p>&#8220;Esta fus\u00e3o ocorreu provavelmente h\u00e1 cerca de 9 mil milh\u00f5es de anos, ap\u00f3s a fus\u00e3o da Via L\u00e1ctea com a gal\u00e1xia Gaia-Enc\u00e9lado&#8221;, disse Zhang, professor de f\u00edsica e astronomia na UNLV e diretor fundador do Centro de Astrof\u00edsica da mesma institui\u00e7\u00e3o de ensino. &#8220;Este evento n\u00e3o s\u00f3 fornece evid\u00eancias da teoria de fus\u00e3o hier\u00e1rquica de buracos negros, como tamb\u00e9m fornece informa\u00e7\u00f5es sobre a hist\u00f3ria din\u00e2mica da nossa Gal\u00e1xia.&#8221;<\/p>\n\n\n\n<p>Sgr A* situa-se no centro da Gal\u00e1xia, a mais de 27.000 anos-luz da Terra, e ferramentas sofisticadas como o EHT fornecem imagens diretas que ajudam os cientistas a testar teorias preditivas.<\/p>\n\n\n\n<p>Os investigadores afirmam que as conclus\u00f5es do estudo ter\u00e3o implica\u00e7\u00f5es significativas para futuras observa\u00e7\u00f5es com os pr\u00f3ximos detetores de ondas gravitacionais enviados para o espa\u00e7o, como o LISA (Laser Interferometer Space Antenna), cujo lan\u00e7amento est\u00e1 previsto para 2035 e que dever\u00e1 detetar fus\u00f5es semelhantes de buracos negros supermassivos em todo o Universo.<\/p>\n\n\n\n<p><a href=\"https:\/\/www.unlv.edu\/news\/release\/massive-merger-study-reveals-evidence-origin-supermassive-black-hole-galaxys-center\" target=\"_blank\" rel=\"noreferrer noopener\">\/\/ Universidade do Nevada, Las Vegas (comunicado de imprensa)<\/a><br><a href=\"https:\/\/www.nature.com\/articles\/s41550-024-02358-w\" target=\"_blank\" rel=\"noreferrer noopener\">\/\/ Artigo cient\u00edfico (Nature Astronomy)<\/a><br><a href=\"https:\/\/arxiv.org\/abs\/2403.06416\" target=\"_blank\" rel=\"noreferrer noopener\">\/\/ Artigo cient\u00edfico (arXiv.org)<\/a><\/p>\n\n\n\n<h3 class=\"wp-block-heading\">Saiba mais:<\/h3>\n\n\n\n<p><strong>Sagit\u00e1rio A*:<br><\/strong><a href=\"http:\/\/en.wikipedia.org\/wiki\/Sagittarius_A*\" target=\"_blank\" rel=\"noreferrer noopener\">Wikipedia<\/a><\/p>\n\n\n\n<p><strong>Buraco negro supermassivo:<\/strong><br><a href=\"http:\/\/en.wikipedia.org\/wiki\/Supermassive_black_hole\" target=\"_blank\" rel=\"noreferrer noopener\">Wikipedia<\/a><\/p>\n\n\n\n<p><strong>Via L\u00e1ctea:<\/strong><br><a href=\"http:\/\/en.wikipedia.org\/wiki\/Milky_Way\" target=\"_blank\" rel=\"noreferrer noopener\">Wikipedia<\/a><br><a href=\"http:\/\/messier.seds.org\/more\/mw.html\" target=\"_blank\" rel=\"noreferrer noopener\">SEDS<\/a><\/p>\n\n\n\n<p><strong>Gaia-Salsicha-Enc\u00e9lado:<\/strong><br><a href=\"https:\/\/en.wikipedia.org\/wiki\/Gaia_Sausage\" target=\"_blank\" rel=\"noreferrer noopener\">Wikipedia<\/a><\/p>\n\n\n\n<p><strong>EHT (Event Horizon Telescope):<\/strong><br><a href=\"https:\/\/eventhorizontelescope.org\/\" target=\"_blank\" rel=\"noreferrer noopener\">P\u00e1gina principal<\/a><br><a href=\"https:\/\/en.wikipedia.org\/wiki\/Event_Horizon_Telescope\" target=\"_blank\" rel=\"noreferrer noopener\">Wikipedia<\/a><\/p>\n","protected":false},"excerpt":{"rendered":"<p>A primeira imagem de Sagit\u00e1rio A*, o buraco negro supermassivo no centro da nossa Gal\u00e1xia. Foi captada pelo EHT (Event Horizon Telescope), uma rede que ligou oito observat\u00f3rios de r\u00e1dio existentes em todo o planeta para formar um \u00fanico telesc\u00f3pio virtual da &#8220;dimens\u00e3o da Terra&#8221;.Cr\u00e9dito: Colabora\u00e7\u00e3o EHT A origem dos apropriadamente chamados buracos negros supermassivos &hellip;<\/p>\n","protected":false},"author":1,"featured_media":5086,"comment_status":"open","ping_status":"open","sticky":false,"template":"","format":"standard","meta":{"footnotes":""},"categories":[151,1,59],"tags":[192,323,511,393,321,180],"class_list":["post-7285","post","type-post","status-publish","format-standard","has-post-thumbnail","","category-buracos-negros","category-telescopios-profissionais","category-via-lactea","tag-buraco-negro","tag-eht","tag-gaia-encelado","tag-sagitario-a","tag-sgr-a","tag-via-lactea"],"_links":{"self":[{"href":"https:\/\/ccvalg.pt\/astronomia\/wordpress\/wp-json\/wp\/v2\/posts\/7285","targetHints":{"allow":["GET"]}}],"collection":[{"href":"https:\/\/ccvalg.pt\/astronomia\/wordpress\/wp-json\/wp\/v2\/posts"}],"about":[{"href":"https:\/\/ccvalg.pt\/astronomia\/wordpress\/wp-json\/wp\/v2\/types\/post"}],"author":[{"embeddable":true,"href":"https:\/\/ccvalg.pt\/astronomia\/wordpress\/wp-json\/wp\/v2\/users\/1"}],"replies":[{"embeddable":true,"href":"https:\/\/ccvalg.pt\/astronomia\/wordpress\/wp-json\/wp\/v2\/comments?post=7285"}],"version-history":[{"count":1,"href":"https:\/\/ccvalg.pt\/astronomia\/wordpress\/wp-json\/wp\/v2\/posts\/7285\/revisions"}],"predecessor-version":[{"id":7286,"href":"https:\/\/ccvalg.pt\/astronomia\/wordpress\/wp-json\/wp\/v2\/posts\/7285\/revisions\/7286"}],"wp:featuredmedia":[{"embeddable":true,"href":"https:\/\/ccvalg.pt\/astronomia\/wordpress\/wp-json\/wp\/v2\/media\/5086"}],"wp:attachment":[{"href":"https:\/\/ccvalg.pt\/astronomia\/wordpress\/wp-json\/wp\/v2\/media?parent=7285"}],"wp:term":[{"taxonomy":"category","embeddable":true,"href":"https:\/\/ccvalg.pt\/astronomia\/wordpress\/wp-json\/wp\/v2\/categories?post=7285"},{"taxonomy":"post_tag","embeddable":true,"href":"https:\/\/ccvalg.pt\/astronomia\/wordpress\/wp-json\/wp\/v2\/tags?post=7285"}],"curies":[{"name":"wp","href":"https:\/\/api.w.org\/{rel}","templated":true}]}}