{"id":6833,"date":"2024-03-19T07:10:51","date_gmt":"2024-03-19T06:10:51","guid":{"rendered":"https:\/\/ccvalg.pt\/astronomia\/wordpress\/?p=6833"},"modified":"2024-03-19T07:10:52","modified_gmt":"2024-03-19T06:10:52","slug":"um-novo-modelo-teorico-sugere-que-o-nosso-universo-nao-tem-materia-escura","status":"publish","type":"post","link":"https:\/\/ccvalg.pt\/astronomia\/wordpress\/2024\/03\/19\/um-novo-modelo-teorico-sugere-que-o-nosso-universo-nao-tem-materia-escura\/","title":{"rendered":"Um novo modelo te\u00f3rico sugere que o nosso Universo n\u00e3o tem mat\u00e9ria escura"},"content":{"rendered":"<div class=\"wp-block-image\">\n<figure class=\"aligncenter size-full\"><a href=\"https:\/\/ccvalg.pt\/astronomia\/wordpress\/wp-content\/uploads\/2024\/03\/k8GPe3me_o.jpg\"><img loading=\"lazy\" decoding=\"async\" width=\"1024\" height=\"640\" src=\"https:\/\/ccvalg.pt\/astronomia\/wordpress\/wp-content\/uploads\/2024\/03\/k8GPe3me_o.jpg\" alt=\"\" class=\"wp-image-6834\" srcset=\"https:\/\/ccvalg.pt\/astronomia\/wordpress\/wp-content\/uploads\/2024\/03\/k8GPe3me_o.jpg 1024w, https:\/\/ccvalg.pt\/astronomia\/wordpress\/wp-content\/uploads\/2024\/03\/k8GPe3me_o-300x188.jpg 300w, https:\/\/ccvalg.pt\/astronomia\/wordpress\/wp-content\/uploads\/2024\/03\/k8GPe3me_o-768x480.jpg 768w\" sizes=\"auto, (max-width: 1024px) 100vw, 1024px\" \/><\/a><figcaption class=\"wp-element-caption\">Imagem, gerada por IA (intelig\u00eancia artificial), de v\u00e1rias gal\u00e1xias e planetas remontando ao Universo primitivo.<br>Cr\u00e9dito: NightCafeStudio<\/figcaption><\/figure>\n<\/div>\n\n\n<p>O modelo te\u00f3rico atual para a composi\u00e7\u00e3o do Universo diz que este \u00e9 feito de &#8220;mat\u00e9ria normal&#8221;, &#8220;energia escura&#8221; e &#8220;mat\u00e9ria escura&#8221;. Um novo estudo da Universidade de Otava p\u00f5e em causa este modelo. Publicado na passada sexta-feira, dia 15 de mar\u00e7o, mostra que, de facto, n\u00e3o h\u00e1 lugar para a mat\u00e9ria escura.<\/p>\n\n\n\n<p>Em cosmologia, o termo &#8220;mat\u00e9ria escura&#8221; descreve tudo o que parece n\u00e3o interagir com a luz ou com o campo eletromagn\u00e9tico, ou que s\u00f3 pode ser explicado atrav\u00e9s da for\u00e7a gravitacional. N\u00e3o a podemos ver, nem sabemos de que \u00e9 feita, mas ajuda-nos a compreender como as gal\u00e1xias, os planetas e as estrelas se comportam.<\/p>\n\n\n\n<p>Rajendra Gupta, professor de f\u00edsica na Faculdade de Ci\u00eancias da Universidade de Otava, utilizou uma combina\u00e7\u00e3o das teorias das constantes de acoplamento covariantes e da &#8220;luz cansada&#8221; (o chamado modelo CCC+TL) para chegar a esta conclus\u00e3o. Este modelo combina duas ideias &#8211; sobre a forma como as for\u00e7as da natureza diminuem ao longo do tempo c\u00f3smico e sobre o facto de a luz perder energia quando viaja uma longa dist\u00e2ncia. Foi testado e demonstrou estar de acordo com v\u00e1rias observa\u00e7\u00f5es, nomeadamente sobre a forma como as gal\u00e1xias est\u00e3o espalhadas e como a luz do Universo primitivo evoluiu.<\/p>\n\n\n\n<p>Esta descoberta te\u00f3rica desafia a compreens\u00e3o dominante do Universo, que sugere que cerca de 27% do mesmo \u00e9 composto por mat\u00e9ria escura e menos de 5% por mat\u00e9ria comum, sendo o restante energia escura.<\/p>\n\n\n\n<p><strong>Desafiando a necessidade de mat\u00e9ria escura no Universo<\/strong><\/p>\n\n\n\n<p>&#8220;As descobertas deste estudo confirmam que o nosso trabalho anterior (um artigo cient\u00edfico denominado &#8220;JWST early Universe observations and \u039bCDM cosmology&#8221;) sobre a idade do Universo ser de 26,7 mil milh\u00f5es de anos permitiu-nos descobrir que o Universo n\u00e3o precisa de mat\u00e9ria escura para existir&#8221;, explica Gupta. &#8220;Na cosmologia padr\u00e3o, diz-se que a expans\u00e3o acelerada do Universo \u00e9 causada pela energia escura, mas na realidade deve-se ao enfraquecimento das for\u00e7as da natureza \u00e0 medida que se expande, e n\u00e3o \u00e0 energia escura&#8221;.<\/p>\n\n\n\n<p>Os &#8220;desvios para o vermelho&#8221; referem-se a quando a luz \u00e9 desviada para a parte vermelha do espetro. O investigador analisou dados de artigos cient\u00edficos recentes acerca da distribui\u00e7\u00e3o de gal\u00e1xias a baixos desvios para o vermelho e do tamanho angular do &#8220;horizonte sonoro&#8221; na literatura a altos desvios para o vermelho.<\/p>\n\n\n\n<p>&#8220;H\u00e1 v\u00e1rios trabalhos que questionam a exist\u00eancia da mat\u00e9ria escura, mas o meu \u00e9 o primeiro, que eu saiba, que elimina a sua exist\u00eancia cosmol\u00f3gica ao mesmo tempo que \u00e9 consistente com as observa\u00e7\u00f5es cosmol\u00f3gicas fundamentais que tivemos tempo de confirmar&#8221;, diz Gupta.<\/p>\n\n\n\n<p>Ao p\u00f4r em causa a necessidade de mat\u00e9ria escura no Universo e ao fornecer evid\u00eancias para um novo modelo cosmol\u00f3gico, este estudo abre novas vias para a explora\u00e7\u00e3o das propriedades fundamentais do Universo.<\/p>\n\n\n\n<p>O artigo cient\u00edfico, &#8220;Testing CCC+TL Cosmology with Observed Baryon Acoustic Oscillation Features&#8221;, foi publicado na revista cient\u00edfica The Astrophysical Journal.<\/p>\n\n\n\n<p><a href=\"https:\/\/www.uottawa.ca\/en\/news-all\/new-research-suggests-our-universe-has-no-dark-matter\" target=\"_blank\" rel=\"noreferrer noopener\">\/\/ Universidade de Otava (comunicado de imprensa)<\/a><br><a href=\"https:\/\/iopscience.iop.org\/article\/10.3847\/1538-4357\/ad1bc6\" target=\"_blank\" rel=\"noreferrer noopener\">\/\/ Artigo cient\u00edfico (The Astrophysical Journal)<\/a><br><a href=\"https:\/\/arxiv.org\/abs\/2401.09483\" target=\"_blank\" rel=\"noreferrer noopener\">\/\/ Artigo cient\u00edfico (arXiv.org)<\/a><br><a href=\"https:\/\/academic.oup.com\/mnras\/article\/524\/3\/3385\/7221343?login=false\" target=\"_blank\" rel=\"noreferrer noopener\">\/\/ Anterior artigo cient\u00edfico por Rajendra Gupta (Monthly Notices of the Royal Astronomical Society)<\/a><\/p>\n\n\n\n<h3 class=\"wp-block-heading\">Saiba mais:<\/h3>\n\n\n\n<p><strong>Universo:<\/strong><br><a href=\"http:\/\/en.wikipedia.org\/wiki\/Universe\" target=\"_blank\" rel=\"noreferrer noopener\">Wikipedia<\/a><br><a href=\"http:\/\/en.wikipedia.org\/wiki\/Large-scale_structure_of_the_universe\" target=\"_blank\" rel=\"noreferrer noopener\">Estrutura a grande-escala do Universo (Wikipedia)<\/a><br><a href=\"http:\/\/en.wikipedia.org\/wiki\/Big_Bang\" target=\"_blank\" rel=\"noreferrer noopener\">Big Bang (Wikipedia)<\/a><br><a href=\"https:\/\/en.wikipedia.org\/wiki\/Chronology_of_the_universe\" target=\"_blank\" rel=\"noreferrer noopener\">Cronologia do Universo (Wikipedia)<\/a><a href=\"https:\/\/en.wikipedia.org\/wiki\/Lambda-CDM_model\" target=\"_blank\" rel=\"noreferrer noopener\">Modelo Lambda-CDM (Wikipedia)<\/a><\/p>\n\n\n\n<p><strong>Mat\u00e9ria escura:<\/strong><br><a href=\"http:\/\/en.wikipedia.org\/wiki\/Dark_matter\" target=\"_blank\" rel=\"noreferrer noopener\">Wikipedia<\/a><\/p>\n\n\n\n<p><strong>Energia escura:<\/strong><br><a href=\"http:\/\/en.wikipedia.org\/wiki\/Dark_Energy\" target=\"_blank\" rel=\"noreferrer noopener\">Wikipedia<\/a><\/p>\n\n\n\n<p><strong>Mat\u00e9ria normal:<\/strong><br><a href=\"https:\/\/en.wikipedia.org\/wiki\/Matter\" target=\"_blank\" rel=\"noreferrer noopener\">Wikipedia<\/a><\/p>\n\n\n\n<p><strong>Constantes de acoplamento covariantes:<\/strong><br><a href=\"https:\/\/arxiv.org\/abs\/2201.11667\" target=\"_blank\" rel=\"noreferrer noopener\">Artigo cient\u00edfico por Rajendra Gupta (arXiv.org)<\/a><\/p>\n\n\n\n<p><strong>Luz cansada:<\/strong><br><a href=\"https:\/\/en.wikipedia.org\/wiki\/Tired_light\" target=\"_blank\" rel=\"noreferrer noopener\">Wikipedia<\/a><\/p>\n\n\n\n<p><strong>Desvio para o vermelho:<\/strong><br><a href=\"https:\/\/en.wikipedia.org\/wiki\/Redshift\" target=\"_blank\" rel=\"noreferrer noopener\">Wikipedia<\/a><\/p>\n","protected":false},"excerpt":{"rendered":"<p>Imagem, gerada por IA (intelig\u00eancia artificial), de v\u00e1rias gal\u00e1xias e planetas remontando ao Universo primitivo.Cr\u00e9dito: NightCafeStudio O modelo te\u00f3rico atual para a composi\u00e7\u00e3o do Universo diz que este \u00e9 feito de &#8220;mat\u00e9ria normal&#8221;, &#8220;energia escura&#8221; e &#8220;mat\u00e9ria escura&#8221;. Um novo estudo da Universidade de Otava p\u00f5e em causa este modelo. Publicado na passada sexta-feira, dia &hellip;<\/p>\n","protected":false},"author":1,"featured_media":6834,"comment_status":"open","ping_status":"open","sticky":false,"template":"","format":"standard","meta":{"footnotes":""},"categories":[62],"tags":[1068,168,930,371],"class_list":["post-6833","post","type-post","status-publish","format-standard","has-post-thumbnail","","category-cosmologia","tag-desvio-para-o-vermelho","tag-energia-escura","tag-materia-barionica","tag-materia-escura"],"_links":{"self":[{"href":"https:\/\/ccvalg.pt\/astronomia\/wordpress\/wp-json\/wp\/v2\/posts\/6833","targetHints":{"allow":["GET"]}}],"collection":[{"href":"https:\/\/ccvalg.pt\/astronomia\/wordpress\/wp-json\/wp\/v2\/posts"}],"about":[{"href":"https:\/\/ccvalg.pt\/astronomia\/wordpress\/wp-json\/wp\/v2\/types\/post"}],"author":[{"embeddable":true,"href":"https:\/\/ccvalg.pt\/astronomia\/wordpress\/wp-json\/wp\/v2\/users\/1"}],"replies":[{"embeddable":true,"href":"https:\/\/ccvalg.pt\/astronomia\/wordpress\/wp-json\/wp\/v2\/comments?post=6833"}],"version-history":[{"count":1,"href":"https:\/\/ccvalg.pt\/astronomia\/wordpress\/wp-json\/wp\/v2\/posts\/6833\/revisions"}],"predecessor-version":[{"id":6835,"href":"https:\/\/ccvalg.pt\/astronomia\/wordpress\/wp-json\/wp\/v2\/posts\/6833\/revisions\/6835"}],"wp:featuredmedia":[{"embeddable":true,"href":"https:\/\/ccvalg.pt\/astronomia\/wordpress\/wp-json\/wp\/v2\/media\/6834"}],"wp:attachment":[{"href":"https:\/\/ccvalg.pt\/astronomia\/wordpress\/wp-json\/wp\/v2\/media?parent=6833"}],"wp:term":[{"taxonomy":"category","embeddable":true,"href":"https:\/\/ccvalg.pt\/astronomia\/wordpress\/wp-json\/wp\/v2\/categories?post=6833"},{"taxonomy":"post_tag","embeddable":true,"href":"https:\/\/ccvalg.pt\/astronomia\/wordpress\/wp-json\/wp\/v2\/tags?post=6833"}],"curies":[{"name":"wp","href":"https:\/\/api.w.org\/{rel}","templated":true}]}}