{"id":6403,"date":"2023-09-29T06:29:02","date_gmt":"2023-09-29T05:29:02","guid":{"rendered":"https:\/\/ccvalg.pt\/astronomia\/wordpress\/?p=6403"},"modified":"2023-09-29T06:29:03","modified_gmt":"2023-09-29T05:29:03","slug":"novas-evidencias-da-rotacao-de-um-buraco-negro","status":"publish","type":"post","link":"https:\/\/ccvalg.pt\/astronomia\/wordpress\/2023\/09\/29\/novas-evidencias-da-rotacao-de-um-buraco-negro\/","title":{"rendered":"Novas evid\u00eancias da rota\u00e7\u00e3o de um buraco negro"},"content":{"rendered":"<div class=\"wp-block-image\">\n<figure class=\"aligncenter size-large\"><a href=\"https:\/\/www.nao.ac.jp\/en\/contents\/news\/science\/2023\/20230928-eavn-fig-full.jpg\"><img loading=\"lazy\" decoding=\"async\" width=\"1024\" height=\"754\" src=\"https:\/\/ccvalg.pt\/astronomia\/wordpress\/wp-content\/uploads\/2023\/09\/J69CNFTU_o-1024x754.jpg\" alt=\"\" class=\"wp-image-6404\" srcset=\"https:\/\/ccvalg.pt\/astronomia\/wordpress\/wp-content\/uploads\/2023\/09\/J69CNFTU_o-1024x754.jpg 1024w, https:\/\/ccvalg.pt\/astronomia\/wordpress\/wp-content\/uploads\/2023\/09\/J69CNFTU_o-300x221.jpg 300w, https:\/\/ccvalg.pt\/astronomia\/wordpress\/wp-content\/uploads\/2023\/09\/J69CNFTU_o-768x566.jpg 768w, https:\/\/ccvalg.pt\/astronomia\/wordpress\/wp-content\/uploads\/2023\/09\/J69CNFTU_o.jpg 1280w\" sizes=\"auto, (max-width: 1024px) 100vw, 1024px\" \/><\/a><figcaption class=\"wp-element-caption\">Representa\u00e7\u00e3o esquem\u00e1tica do modelo do disco de acre\u00e7\u00e3o inclinado. Nesta ilustra\u00e7\u00e3o, assume-se que o eixo de rota\u00e7\u00e3o do buraco negro corresponde \u00e0 vertical (exatamente de cima para exatamente em baixo). A dire\u00e7\u00e3o do jato aponta quase perpendicularmente ao plano do disco. O desalinhamento entre o eixo de rota\u00e7\u00e3o do buraco negro e o eixo de rota\u00e7\u00e3o do disco desencadeia a precess\u00e3o do disco e do jato. <br>Cr\u00e9dito: Cui et al. (2023), Intouchable Lab@Openverse e Laborat\u00f3rio de Zhejiang<\/figcaption><\/figure>\n<\/div>\n\n\n<p>O buraco negro supermassivo no cora\u00e7\u00e3o da gal\u00e1xia M87, que se tornou famoso pela primeira imagem da sombra de um buraco negro, deu origem a outra novidade: confirmou-se agora que o seu jato oscila, fornecendo uma evid\u00eancia direta de que o buraco negro est\u00e1 a girar.<\/p>\n\n\n\n<p>Os buracos negros supermassivos, monstros at\u00e9 milhares de milh\u00f5es de vezes mais pesados do que o Sol que devoram tudo \u00e0 sua volta, incluindo a luz, s\u00e3o dif\u00edceis de estudar porque nenhuma informa\u00e7\u00e3o pode escapar do seu interior. Teoricamente, h\u00e1 muitas poucas propriedades que possamos sequer esperar medir. Uma propriedade que poderia ser observada \u00e9 a rota\u00e7\u00e3o, mas devido \u00e0s dificuldades envolvidas, n\u00e3o t\u00eam havido observa\u00e7\u00f5es diretas da rota\u00e7\u00e3o de buracos negros.<\/p>\n\n\n\n<p>\u00c0 procura de evid\u00eancias da rota\u00e7\u00e3o de buracos negros, uma equipa internacional analisou mais de duas d\u00e9cadas de dados observacionais da gal\u00e1xia M87. Esta gal\u00e1xia, localizada a 55 milh\u00f5es de anos-luz de dist\u00e2ncia, na dire\u00e7\u00e3o da constela\u00e7\u00e3o de Virgem, alberga um buraco negro 6,5 mil milh\u00f5es de vezes mais massivo do que o Sol, o mesmo buraco negro que produziu a primeira imagem da sombra de um buraco negro pelo EHT (Event Horizon Telescope) em 2019. Sabe-se que o buraco negro supermassivo na gal\u00e1xia M87 tem um disco de acre\u00e7\u00e3o, que alimenta o buraco negro com mat\u00e9ria, e um jato, no qual a mat\u00e9ria \u00e9 ejetada de perto do buraco negro a uma velocidade pr\u00f3xima da da luz.<\/p>\n\n\n\n<p>A equipa analisou dados relativos a 170 per\u00edodos de tempo recolhidos pela EAVN (East Asian VLBI Network), pelo VLBA (Very Long Baseline Array), pela rede conjunta KVN e VERA (KaVA) e pela rede VLBI EATING (East Asia to Italy Nearly Global). No total, mais de 20 radiotelesc\u00f3pios de todo o mundo contribu\u00edram para este estudo.<\/p>\n\n\n<div class=\"wp-block-image\">\n<figure class=\"aligncenter size-large\"><a href=\"https:\/\/www.nao.ac.jp\/en\/contents\/news\/science\/2023\/20230928-eavn-fig2-full.jpg\"><img decoding=\"async\" src=\"https:\/\/images2.imgbox.com\/26\/bb\/J8In0B1K_o.jpg\" alt=\"\"\/><\/a><figcaption class=\"wp-element-caption\">Painel superior: estrutura do jato de M87 a 43 GHz em m\u00e9dia de dois em dois anos de 2013 a 2018. Os anos correspondentes est\u00e3o indicados no canto superior esquerdo. As setas brancas indicam o \u00e2ngulo de posi\u00e7\u00e3o do jato em cada subparcela.<br>Painel inferior: evolu\u00e7\u00e3o observada da dire\u00e7\u00e3o do jato entre 2000 e 2022. Os pontos verdes e azuis s\u00e3o obtidos a partir de observa\u00e7\u00f5es a 22 e 43 GHz. A linha vermelha representa uma curva sinusoidal de melhor ajuste com um per\u00edodo de 11 anos. Cr\u00e9dito: Cui et al. (2023)<\/figcaption><\/figure>\n<\/div>\n\n\n<p>Os resultados mostram que as intera\u00e7\u00f5es gravitacionais entre o disco de acre\u00e7\u00e3o e a rota\u00e7\u00e3o do buraco negro fazem com que a base do jato oscile, ou precesse, da mesma forma que as intera\u00e7\u00f5es gravitacionais dentro do Sistema Solar fazem com que a Terra precesse. A equipa conseguiu ligar a din\u00e2mica do jato ao buraco negro supermassivo central, fornecendo evid\u00eancias diretas de que o buraco negro est\u00e1, de facto, a girar. A dire\u00e7\u00e3o do jato muda cerca de 10 graus com um per\u00edodo de precess\u00e3o de 11 anos, o que corresponde \u00e0s simula\u00e7\u00f5es te\u00f3ricas em supercomputador realizadas pelo ATERUI II no NAOJ (National Astronomical Observatory of Japan).<\/p>\n\n\n\n<p>&#8220;Estamos entusiasmados com esta descoberta significativa&#8221;, diz Yuzhu Cui, autora principal do artigo que resume a investiga\u00e7\u00e3o que iniciou como estudante no NAOJ antes de se mudar para o Laborat\u00f3rio de Zhejiang como investigadora de p\u00f3s-doutorada. &#8220;Uma vez que o desalinhamento entre o buraco negro e o disco \u00e9 relativamente pequeno e o per\u00edodo de precess\u00e3o \u00e9 de cerca de 11 anos, a acumula\u00e7\u00e3o de dados de alta resolu\u00e7\u00e3o que tra\u00e7am a estrutura de M87 ao longo de duas d\u00e9cadas e uma an\u00e1lise minuciosa s\u00e3o essenciais para esta descoberta.&#8221;<\/p>\n\n\n\n<p>&#8220;Depois do sucesso da imagem do buraco negro nesta gal\u00e1xia com o EHT, saber se este buraco negro est\u00e1 a girar ou n\u00e3o tem sido uma preocupa\u00e7\u00e3o central entre os cientistas&#8221;, explica o Dr. Kazuhiro Hada do NAOJ. &#8220;Agora, a antecipa\u00e7\u00e3o transformou-se em certeza. Este buraco negro monstruoso est\u00e1 de facto a girar&#8221;.<\/p>\n\n\n\n<p>&#8220;Este \u00e9 um marco cient\u00edfico empolgante que foi finalmente revelado atrav\u00e9s de anos de observa\u00e7\u00f5es conjuntas pela equipa internacional de investigadores de 45 institui\u00e7\u00f5es de todo o mundo, trabalhando em conjunto&#8221;, diz o Dr. Motoki Kino da Universidade de Kogakuin, coordenador do Grupo de Trabalho Cient\u00edfico de N\u00facleos Gal\u00e1cticos Ativos da EAVN. &#8220;Os nossos dados observacionais, perfeitamente ajustados \u00e0 curva sinusoidal simples, trazem-nos novos avan\u00e7os na nossa compreens\u00e3o do sistema de buraco negro e jato.&#8221;<\/p>\n\n\n\n<figure class=\"wp-block-embed is-type-video is-provider-youtube wp-block-embed-youtube wp-embed-aspect-4-3 wp-has-aspect-ratio\"><div class=\"wp-block-embed__wrapper\">\n<iframe loading=\"lazy\" title=\"\u30d6\u30e9\u30c3\u30af\u30db\u30fc\u30eb\u964d\u7740\u5186\u76e4\u3068\u30b8\u30a7\u30c3\u30c8\u306e\u6b73\u5dee\u904b\u52d5\u30b7\u30df\u30e5\u30ec\u30fc\u30b7\u30e7\u30f3\" width=\"618\" height=\"464\" src=\"https:\/\/www.youtube.com\/embed\/SiU01a2Orw0?feature=oembed\" frameborder=\"0\" allow=\"accelerometer; autoplay; clipboard-write; encrypted-media; gyroscope; picture-in-picture; web-share\" referrerpolicy=\"strict-origin-when-cross-origin\" allowfullscreen><\/iframe>\n<\/div><\/figure>\n\n\n\n<p><a rel=\"noreferrer noopener\" href=\"https:\/\/www.nao.ac.jp\/en\/news\/science\/2023\/20230928-eavn.html\" target=\"_blank\">\/\/ NAOJ (comunicado de imprensa)<\/a><br><a rel=\"noreferrer noopener\" href=\"https:\/\/www.miz.nao.ac.jp\/eht-j\/c\/pr\/pr20230928\/en\" target=\"_blank\">\/\/ EHT-Jap\u00e3o (comunicado de imprensa)<\/a><br><a rel=\"noreferrer noopener\" href=\"https:\/\/english.cas.cn\/newsroom\/research_news\/phys\/202309\/t20230925_377426.shtml\" target=\"_blank\">\/\/ Academia Chinesa de Ci\u00eancias (comunicado de imprensa)<\/a><br><a rel=\"noreferrer noopener\" href=\"https:\/\/www.cfca.nao.ac.jp\/en\/pr\/20230928\" target=\"_blank\">\/\/ CfCA (comunicado de imprensa)<\/a><br><a rel=\"noreferrer noopener\" href=\"https:\/\/www.omu.ac.jp\/en\/info\/research-news\/entry-36182.html\" target=\"_blank\">\/\/ Universidade Metropolitana de Osaka (comunicado de imprensa)<\/a><br><a rel=\"noreferrer noopener\" href=\"https:\/\/www.soken.ac.jp\/en\/news\/2023\/20230928.html\" target=\"_blank\">\/\/ Universidade de Estudos Avan\u00e7ados &#8211; SOKENDAI (comunicado de imprensa)<\/a><br><a rel=\"noreferrer noopener\" href=\"https:\/\/www.icrr.u-tokyo.ac.jp\/en\/news\/14130\/\" target=\"_blank\">\/\/ ICCR, Universidade de T\u00f3quio (comunicado de imprensa)<\/a><br><a rel=\"noreferrer noopener\" href=\"https:\/\/www.yamaguchi-u.ac.jp\/english\/news\/2340\/index.html\" target=\"_blank\">\/\/ Universidade de Yamaguchi (comunicado de imprensa)<\/a><br><a rel=\"noreferrer noopener\" href=\"https:\/\/www.iaa.csic.es\/en\/news\/two-decades-observing-galaxy-m87-show-oscillating-jet-connected-rotating-black-hole\" target=\"_blank\">\/\/ Instituto de Astrof\u00edsica da Andaluzia (comunicado de imprensa)<\/a><br><a rel=\"noreferrer noopener\" href=\"https:\/\/www.nature.com\/articles\/s41586-023-06479-6\" target=\"_blank\">\/\/ Artigo cient\u00edfico (Nature)<\/a><\/p>\n\n\n\n<h3 class=\"wp-block-heading\">Saiba mais:<\/h3>\n\n\n\n<p><strong>Not\u00edcias relacionadas:<\/strong><br><a href=\"https:\/\/www.eurekalert.org\/news-releases\/1002773\" target=\"_blank\" rel=\"noreferrer noopener\">EurekAlert!<\/a><br><a href=\"https:\/\/www.space.com\/historic-donut-black-hole-is-spinning-new-study-finds\" target=\"_blank\" rel=\"noreferrer noopener\">SPACE.com<\/a><br><a href=\"https:\/\/phys.org\/news\/2023-09-radio-galaxy-m87-black-hole.html\" target=\"_blank\" rel=\"noreferrer noopener\">PHYSORG<\/a><\/p>\n\n\n\n<p><strong>M87*:<\/strong><br><a href=\"https:\/\/en.wikipedia.org\/wiki\/Messier_87#Supermassive_black_hole_M87*\" target=\"_blank\" rel=\"noreferrer noopener\">Wikipedia<\/a><\/p>\n\n\n\n<p><strong>Buraco negro supermassivo:<\/strong><br><a href=\"http:\/\/en.wikipedia.org\/wiki\/Supermassive_black_hole\" target=\"_blank\" rel=\"noreferrer noopener\">Wikipedia<\/a><\/p>\n\n\n\n<p><strong>EHT (Event Horizon Telescope):<\/strong><br><a href=\"http:\/\/www.eventhorizontelescope.org\/\" target=\"_blank\" rel=\"noreferrer noopener\">P\u00e1gina principal<\/a><br><a href=\"https:\/\/en.wikipedia.org\/wiki\/Event_Horizon_Telescope\" target=\"_blank\" rel=\"noreferrer noopener\">Wikipedia<\/a><\/p>\n\n\n\n<p><strong>EAVN (East Asia VLBI Network):<\/strong><br><a href=\"https:\/\/radio.kasi.re.kr\/eavn\/main.php\" target=\"_blank\" rel=\"noreferrer noopener\">KASI<\/a><br><a href=\"https:\/\/www.miz.nao.ac.jp\/en\/content\/project\/east-asia-vlbi-network.html\" target=\"_blank\" rel=\"noreferrer noopener\">NAOJ<\/a><\/p>\n\n\n\n<p><strong>VLBA (Very Long Baseline Array):<\/strong><br><a href=\"https:\/\/science.nrao.edu\/facilities\/vlba\" target=\"_blank\" rel=\"noreferrer noopener\">NRAO<\/a><br><a href=\"http:\/\/en.wikipedia.org\/wiki\/Very_Long_Baseline_Array\" target=\"_blank\" rel=\"noreferrer noopener\">Wikipedia<\/a><\/p>\n\n\n\n<p><strong>KaVA (rede conjunta KVN e VERA):<\/strong><br><a href=\"https:\/\/radio.kasi.re.kr\/kava\/main.php\" target=\"_blank\" rel=\"noreferrer noopener\">KASI<\/a><\/p>\n","protected":false},"excerpt":{"rendered":"<p>Representa\u00e7\u00e3o esquem\u00e1tica do modelo do disco de acre\u00e7\u00e3o inclinado. Nesta ilustra\u00e7\u00e3o, assume-se que o eixo de rota\u00e7\u00e3o do buraco negro corresponde \u00e0 vertical (exatamente de cima para exatamente em baixo). A dire\u00e7\u00e3o do jato aponta quase perpendicularmente ao plano do disco. O desalinhamento entre o eixo de rota\u00e7\u00e3o do buraco negro e o eixo de &hellip;<\/p>\n","protected":false},"author":1,"featured_media":6404,"comment_status":"open","ping_status":"open","sticky":false,"template":"","format":"standard","meta":{"footnotes":""},"categories":[151,1],"tags":[192,1613,323,1614,421,925,390],"class_list":["post-6403","post","type-post","status-publish","format-standard","has-post-thumbnail","","category-buracos-negros","category-telescopios-profissionais","tag-buraco-negro","tag-eavn","tag-eht","tag-kava","tag-m87","tag-m87-2","tag-vlba"],"_links":{"self":[{"href":"https:\/\/ccvalg.pt\/astronomia\/wordpress\/wp-json\/wp\/v2\/posts\/6403","targetHints":{"allow":["GET"]}}],"collection":[{"href":"https:\/\/ccvalg.pt\/astronomia\/wordpress\/wp-json\/wp\/v2\/posts"}],"about":[{"href":"https:\/\/ccvalg.pt\/astronomia\/wordpress\/wp-json\/wp\/v2\/types\/post"}],"author":[{"embeddable":true,"href":"https:\/\/ccvalg.pt\/astronomia\/wordpress\/wp-json\/wp\/v2\/users\/1"}],"replies":[{"embeddable":true,"href":"https:\/\/ccvalg.pt\/astronomia\/wordpress\/wp-json\/wp\/v2\/comments?post=6403"}],"version-history":[{"count":1,"href":"https:\/\/ccvalg.pt\/astronomia\/wordpress\/wp-json\/wp\/v2\/posts\/6403\/revisions"}],"predecessor-version":[{"id":6405,"href":"https:\/\/ccvalg.pt\/astronomia\/wordpress\/wp-json\/wp\/v2\/posts\/6403\/revisions\/6405"}],"wp:featuredmedia":[{"embeddable":true,"href":"https:\/\/ccvalg.pt\/astronomia\/wordpress\/wp-json\/wp\/v2\/media\/6404"}],"wp:attachment":[{"href":"https:\/\/ccvalg.pt\/astronomia\/wordpress\/wp-json\/wp\/v2\/media?parent=6403"}],"wp:term":[{"taxonomy":"category","embeddable":true,"href":"https:\/\/ccvalg.pt\/astronomia\/wordpress\/wp-json\/wp\/v2\/categories?post=6403"},{"taxonomy":"post_tag","embeddable":true,"href":"https:\/\/ccvalg.pt\/astronomia\/wordpress\/wp-json\/wp\/v2\/tags?post=6403"}],"curies":[{"name":"wp","href":"https:\/\/api.w.org\/{rel}","templated":true}]}}