{"id":6163,"date":"2023-06-30T06:19:47","date_gmt":"2023-06-30T05:19:47","guid":{"rendered":"http:\/\/ccvalg.pt\/astronomia\/wordpress\/?p=6163"},"modified":"2023-06-30T06:19:48","modified_gmt":"2023-06-30T05:19:48","slug":"missao-euclid-da-esa-com-lancamento-previsto-para-amanha","status":"publish","type":"post","link":"https:\/\/ccvalg.pt\/astronomia\/wordpress\/2023\/06\/30\/missao-euclid-da-esa-com-lancamento-previsto-para-amanha\/","title":{"rendered":"Miss\u00e3o Euclid da ESA com lan\u00e7amento previsto para amanh\u00e3"},"content":{"rendered":"<div class=\"wp-block-image\">\n<figure class=\"aligncenter size-large\"><a href=\"https:\/\/www.esa.int\/var\/esa\/storage\/images\/esa_multimedia\/images\/2023\/02\/euclid_looking_into_the_universe\/24697244-1-eng-GB\/Euclid_looking_into_the_Universe.jpg\"><img loading=\"lazy\" decoding=\"async\" width=\"1024\" height=\"512\" src=\"https:\/\/ccvalg.pt\/astronomia\/wordpress\/wp-content\/uploads\/2023\/06\/Pr7FqSCu_o-1024x512.jpg\" alt=\"\" class=\"wp-image-6164\" srcset=\"https:\/\/ccvalg.pt\/astronomia\/wordpress\/wp-content\/uploads\/2023\/06\/Pr7FqSCu_o-1024x512.jpg 1024w, https:\/\/ccvalg.pt\/astronomia\/wordpress\/wp-content\/uploads\/2023\/06\/Pr7FqSCu_o-300x150.jpg 300w, https:\/\/ccvalg.pt\/astronomia\/wordpress\/wp-content\/uploads\/2023\/06\/Pr7FqSCu_o-768x384.jpg 768w, https:\/\/ccvalg.pt\/astronomia\/wordpress\/wp-content\/uploads\/2023\/06\/Pr7FqSCu_o-660x330.jpg 660w, https:\/\/ccvalg.pt\/astronomia\/wordpress\/wp-content\/uploads\/2023\/06\/Pr7FqSCu_o-1050x525.jpg 1050w, https:\/\/ccvalg.pt\/astronomia\/wordpress\/wp-content\/uploads\/2023\/06\/Pr7FqSCu_o.jpg 1280w\" sizes=\"auto, (max-width: 1024px) 100vw, 1024px\" \/><\/a><figcaption class=\"wp-element-caption\">Impress\u00e3o de artista do telesc\u00f3pio espacial Euclid.<br>Cr\u00e9dito: ESA<\/figcaption><\/figure>\n<\/div>\n\n\n<p>Se tudo correr como previsto, o pr\u00f3ximo telesc\u00f3pio espacial da ESA, Euclid, ser\u00e1 lan\u00e7ado amanh\u00e3, dia 1 de julho, pelas 16:11 (hora portuguesa), a bordo de um foguet\u00e3o Falcon 9 da SpaceX e a partir de Cabo Canaveral, no estado norte-americano da Fl\u00f3rida, EUA.<\/p>\n\n\n\n<p>A miss\u00e3o Euclid da ESA foi concebida para explorar a composi\u00e7\u00e3o e a evolu\u00e7\u00e3o do Universo escuro. O telesc\u00f3pio espacial ir\u00e1 criar o maior e mais preciso mapa 3D do Universo no espa\u00e7o e no tempo, observando milhares de milh\u00f5es de gal\u00e1xias at\u00e9 10 mil milh\u00f5es de anos-luz, em mais de um-ter\u00e7o do c\u00e9u. O Euclid ir\u00e1 explorar a forma como o Universo se expandiu e como a estrutura em grande escala se distribui no espa\u00e7o e no tempo, revelando mais sobre o papel da gravidade e a natureza da energia escura e da mat\u00e9ria escura.<\/p>\n\n\n\n<p>A nave espacial Euclid tem cerca de 4,7 m de altura e 3,7 m em di\u00e2metro. \u00c9 constitu\u00edda por dois componentes principais: o m\u00f3dulo de servi\u00e7o e o m\u00f3dulo de carga \u00fatil. O m\u00f3dulo de carga \u00fatil \u00e9 composto por um telesc\u00f3pio com 1,2 m de di\u00e2metro e dois instrumentos cient\u00edficos: uma c\u00e2mara que funciona no vis\u00edvel (VIS, ou VISible) e uma c\u00e2mara\/espetr\u00f3metro que funciona no infravermelho pr\u00f3ximo (NISP, ou Near-Infrared Spectrometer and Photometer). O m\u00f3dulo de servi\u00e7o cont\u00e9m os sistemas do sat\u00e9lite: produ\u00e7\u00e3o e distribui\u00e7\u00e3o de energia el\u00e9ctrica, controlo de atitude, eletr\u00f3nica de processamento de dados, propuls\u00e3o, telecomando, telemetria, e controlo t\u00e9rmico.<\/p>\n\n\n\n<p>Ap\u00f3s o lan\u00e7amento, o Euclid vai dirigir-se para o ponto de Lagrange L2 do sistema Sol-Terra. Quatro semanas depois, entrar\u00e1 em \u00f3rbita em torno deste ponto, que se situa a 1,5 milh\u00f5es de quil\u00f3metros da Terra, na dire\u00e7\u00e3o oposta \u00e0 do Sol. Uma vez em \u00f3rbita, os operadores da miss\u00e3o ir\u00e3o come\u00e7ar a verificar todas as fun\u00e7\u00f5es do telesc\u00f3pio. Durante este processo, a \u00e1gua residual \u00e9 desgaseificada e, em seguida, os instrumentos do Euclid ser\u00e3o ligados. Entre um e tr\u00eas meses ap\u00f3s o lan\u00e7amento, o Euclid passar\u00e1 por v\u00e1rias calibra\u00e7\u00f5es e testes de desempenho cient\u00edfico e preparar-se-\u00e1 ent\u00e3o para a ci\u00eancia. O telesc\u00f3pio inicia a fase inicial do estudo do Universo tr\u00eas meses ap\u00f3s o lan\u00e7amento.<\/p>\n\n\n\n<p>A miss\u00e3o tem uma dura\u00e7\u00e3o nominal de seis anos, com a possibilidade de extens\u00e3o (limitada pela quantidade de g\u00e1s frio utilizado para a propuls\u00e3o).<\/p>\n\n\n\n<p>A ESA e a NASA t\u00eam planeados &#8220;livestreams&#8221; do lan\u00e7amento nos seus respetivos canais web.<\/p>\n\n\n\n<figure class=\"wp-block-embed is-type-video is-provider-youtube wp-block-embed-youtube wp-embed-aspect-4-3 wp-has-aspect-ratio\"><div class=\"wp-block-embed__wrapper\">\n<iframe loading=\"lazy\" title=\"Euclid: Journey to darkness\" width=\"618\" height=\"348\" src=\"https:\/\/www.youtube.com\/embed\/2OJ6lCFS29Y?feature=oembed\" frameborder=\"0\" allow=\"accelerometer; autoplay; clipboard-write; encrypted-media; gyroscope; picture-in-picture; web-share\" referrerpolicy=\"strict-origin-when-cross-origin\" allowfullscreen><\/iframe>\n<\/div><\/figure>\n\n\n\n<p><a rel=\"noreferrer noopener\" href=\"https:\/\/esamultimedia.esa.int\/docs\/science\/Euclid-LaunchKit.pdf\" target=\"_blank\">\/\/ Kit de lan\u00e7amento do telesc\u00f3pio espacial Euclid (PDF)<\/a><br><a rel=\"noreferrer noopener\" href=\"https:\/\/www.esa.int\/ESA_Multimedia\/ESA_Web_TV\" target=\"_blank\">\/\/ Web TV da ESA<\/a><br><a rel=\"noreferrer noopener\" href=\"https:\/\/youtu.be\/21X5lGlDOfg\" target=\"_blank\">\/\/ NASA TV<\/a><\/p>\n\n\n\n<h3 class=\"wp-block-heading\">Saiba mais:<\/h3>\n\n\n\n<p><strong>Euclid:<\/strong><br><a href=\"https:\/\/www.esa.int\/Science_Exploration\/Space_Science\/Euclid\" target=\"_blank\" rel=\"noreferrer noopener\">ESA<\/a><br><a href=\"https:\/\/en.wikipedia.org\/wiki\/Euclid_(spacecraft)\" target=\"_blank\" rel=\"noreferrer noopener\">Wikipedia<\/a><br><a href=\"https:\/\/twitter.com\/ESA_Euclid\" target=\"_blank\" rel=\"noreferrer noopener\">Twitter<\/a><\/p>\n","protected":false},"excerpt":{"rendered":"<p>Impress\u00e3o de artista do telesc\u00f3pio espacial Euclid.Cr\u00e9dito: ESA Se tudo correr como previsto, o pr\u00f3ximo telesc\u00f3pio espacial da ESA, Euclid, ser\u00e1 lan\u00e7ado amanh\u00e3, dia 1 de julho, pelas 16:11 (hora portuguesa), a bordo de um foguet\u00e3o Falcon 9 da SpaceX e a partir de Cabo Canaveral, no estado norte-americano da Fl\u00f3rida, EUA. A miss\u00e3o Euclid &hellip;<\/p>\n","protected":false},"author":1,"featured_media":6164,"comment_status":"open","ping_status":"open","sticky":false,"template":"","format":"standard","meta":{"footnotes":""},"categories":[16,1],"tags":[748],"class_list":["post-6163","post","type-post","status-publish","format-standard","has-post-thumbnail","","category-sondas-missoes-espaciais","category-telescopios-profissionais","tag-euclid"],"_links":{"self":[{"href":"https:\/\/ccvalg.pt\/astronomia\/wordpress\/wp-json\/wp\/v2\/posts\/6163","targetHints":{"allow":["GET"]}}],"collection":[{"href":"https:\/\/ccvalg.pt\/astronomia\/wordpress\/wp-json\/wp\/v2\/posts"}],"about":[{"href":"https:\/\/ccvalg.pt\/astronomia\/wordpress\/wp-json\/wp\/v2\/types\/post"}],"author":[{"embeddable":true,"href":"https:\/\/ccvalg.pt\/astronomia\/wordpress\/wp-json\/wp\/v2\/users\/1"}],"replies":[{"embeddable":true,"href":"https:\/\/ccvalg.pt\/astronomia\/wordpress\/wp-json\/wp\/v2\/comments?post=6163"}],"version-history":[{"count":1,"href":"https:\/\/ccvalg.pt\/astronomia\/wordpress\/wp-json\/wp\/v2\/posts\/6163\/revisions"}],"predecessor-version":[{"id":6165,"href":"https:\/\/ccvalg.pt\/astronomia\/wordpress\/wp-json\/wp\/v2\/posts\/6163\/revisions\/6165"}],"wp:featuredmedia":[{"embeddable":true,"href":"https:\/\/ccvalg.pt\/astronomia\/wordpress\/wp-json\/wp\/v2\/media\/6164"}],"wp:attachment":[{"href":"https:\/\/ccvalg.pt\/astronomia\/wordpress\/wp-json\/wp\/v2\/media?parent=6163"}],"wp:term":[{"taxonomy":"category","embeddable":true,"href":"https:\/\/ccvalg.pt\/astronomia\/wordpress\/wp-json\/wp\/v2\/categories?post=6163"},{"taxonomy":"post_tag","embeddable":true,"href":"https:\/\/ccvalg.pt\/astronomia\/wordpress\/wp-json\/wp\/v2\/tags?post=6163"}],"curies":[{"name":"wp","href":"https:\/\/api.w.org\/{rel}","templated":true}]}}