{"id":5663,"date":"2022-12-20T07:31:58","date_gmt":"2022-12-20T06:31:58","guid":{"rendered":"http:\/\/ccvalg.pt\/astronomia\/wordpress\/?p=5663"},"modified":"2022-12-20T07:31:59","modified_gmt":"2022-12-20T06:31:59","slug":"descobertas-duas-exo-terras-potencialmente-habitaveis-em-torno-de-uma-estrela-perto-do-sol","status":"publish","type":"post","link":"https:\/\/ccvalg.pt\/astronomia\/wordpress\/2022\/12\/20\/descobertas-duas-exo-terras-potencialmente-habitaveis-em-torno-de-uma-estrela-perto-do-sol\/","title":{"rendered":"<strong>Descobertas duas exo-Terras potencialmente habit\u00e1veis em torno de uma estrela perto do Sol<\/strong>"},"content":{"rendered":"\n<p>Uma equipa cient\u00edfica internacional liderada por investigadores do IAC (Instituto de Astrof\u00edsica das Can\u00e1rias) descobriu a presen\u00e7a de dois planetas com massas semelhantes \u00e0 da Terra em \u00f3rbita da estrela GJ 1002, uma an\u00e3 vermelha n\u00e3o muito longe do nosso Sistema Solar. Ambos os planetas situam-se na zona habit\u00e1vel da estrela.<\/p>\n\n\n\n<p>&#8220;A natureza parece querer mostrar-nos que os planetas semelhantes \u00e0 Terra s\u00e3o comuns. Com estes dois, conhecemos agora sete em sistemas planet\u00e1rios bastante pr\u00f3ximos do Sol&#8221;, explica Alejandro Su\u00e1rez Mascare\u00f1o, investigador do IAC, primeiro autor do estudo aceite para publica\u00e7\u00e3o na revista Astronomy &amp; Astrophysics.<\/p>\n\n\n<div class=\"wp-block-image\">\n<figure class=\"aligncenter size-large\"><a href=\"https:\/\/images2.imgbox.com\/a6\/23\/fYN158Cb_o.jpg\"><img decoding=\"async\" src=\"https:\/\/images2.imgbox.com\/a6\/23\/fYN158Cb_o.jpg\" alt=\"\"\/><\/a><figcaption class=\"wp-element-caption\">Impress\u00e3o de artista de dois planetas com a massa da Terra em \u00f3rbita da estrela GJ 1002.<br>Cr\u00e9dito: Alejandro Su\u00e1rez Mascare\u00f1o e In\u00e9s Bonet (IAC)<\/figcaption><\/figure>\n<\/div>\n\n\n<p>Os exoplanetas rec\u00e9m-descobertos orbitam a estrela GJ 1002, que est\u00e1 a uma dist\u00e2ncia inferior a 16 anos-luz do Sistema Solar. Ambos t\u00eam massas semelhantes \u00e0 da Terra e encontram-se na zona habit\u00e1vel. GJ 1002b, o mais interior dos dois, demora pouco mais de 10 dias a completar uma \u00f3rbita em torno da estrela, enquanto que GJ 1002c o faz em pouco mais de 21 dias. &#8220;GJ 1002 \u00e9 uma estrela an\u00e3 vermelha, com apenas um-oitavo da massa do Sol. \u00c9 uma estrela bastante fria e t\u00e9nue. Isto significa que a sua zona habit\u00e1vel se encontra muito perto da estrela&#8221;, explica Vera Mar\u00eda Passegger, coautora do artigo e investigadora do IAC.<\/p>\n\n\n\n<p>A proximidade da estrela ao nosso Sistema Solar implica que os dois planetas, especialmente GJ 1002c, s\u00e3o candidatos excelentes para a caracteriza\u00e7\u00e3o das suas atmosferas com base quer na sua luz refletida, quer na sua emiss\u00e3o t\u00e9rmica. &#8220;O futuro espectr\u00f3grafo ANDES, para o telesc\u00f3pio ELT do ESO, no qual o IAC est\u00e1 a participar, poderia estudar a presen\u00e7a de oxig\u00e9nio na atmosfera de GJ 1002c&#8221;, real\u00e7a Jonay I. Gonz\u00e1lez Hern\u00e1ndez, investigador do IAC que \u00e9 coautor do artigo. Al\u00e9m disso, ambos os planetas satisfazem as caracter\u00edsticas necess\u00e1rias para que sejam objetivos da futura miss\u00e3o LIFE, que se encontra atualmente em fase de estudo.<\/p>\n\n\n<div class=\"wp-block-image\">\n<figure class=\"aligncenter size-large\"><a href=\"https:\/\/ccvalg.pt\/astronomia\/wordpress\/wp-content\/uploads\/2022\/12\/AGos3C0A_o.jpg\"><img loading=\"lazy\" decoding=\"async\" width=\"1024\" height=\"360\" src=\"https:\/\/ccvalg.pt\/astronomia\/wordpress\/wp-content\/uploads\/2022\/12\/AGos3C0A_o-1024x360.jpg\" alt=\"\" class=\"wp-image-5664\" srcset=\"https:\/\/ccvalg.pt\/astronomia\/wordpress\/wp-content\/uploads\/2022\/12\/AGos3C0A_o-1024x360.jpg 1024w, https:\/\/ccvalg.pt\/astronomia\/wordpress\/wp-content\/uploads\/2022\/12\/AGos3C0A_o-300x105.jpg 300w, https:\/\/ccvalg.pt\/astronomia\/wordpress\/wp-content\/uploads\/2022\/12\/AGos3C0A_o-768x270.jpg 768w, https:\/\/ccvalg.pt\/astronomia\/wordpress\/wp-content\/uploads\/2022\/12\/AGos3C0A_o.jpg 1280w\" sizes=\"auto, (max-width: 1024px) 100vw, 1024px\" \/><\/a><figcaption class=\"wp-element-caption\">Infogr\u00e1fico que compara as dist\u00e2ncias relativas entre os planetas rec\u00e9m-descobertos e a sua estrela com os planetas interiores do Sistema Solar. A regi\u00e3o marcada a verde representa a zona habit\u00e1vel dos dois sistemas planet\u00e1rios.<br>Cr\u00e9dito: Alejandro Su\u00e1rez Mascare\u00f1o (IAC); planetas do Sistema Solar &#8211; NASA<\/figcaption><\/figure>\n<\/div>\n\n\n<p>A descoberta foi feita durante uma colabora\u00e7\u00e3o entre os cons\u00f3rcios dos dois instrumentos ESPRESSO e CARMENES. GJ 1002 foi observada pelo CARMENES entre 2017 e 2019 e pelo ESPRESSO entre 2019 e 2021. &#8220;Devido \u00e0 sua baixa temperatura, a luz vis\u00edvel de GJ 1002 \u00e9 demasiado fraca para medir as suas varia\u00e7\u00f5es de velocidade com a maioria dos espectr\u00f3grafos&#8221;, diz Ignasi Ribas, investigador do ICE-CSIC (Instituto de Ciencias del Espacio) e diretor do IEEC (Institut d&#8217;Estudis Espacials de Catalunya). O CARMENES tem uma sensibilidade ao longo de uma vasta gama de comprimentos de onda no infravermelho pr\u00f3ximo que \u00e9 superior \u00e0 de outros espectr\u00f3grafos com o objetivo de detetar varia\u00e7\u00f5es nas velocidades das estrelas, o que lhes permitiu estudar GJ 1002 com o telesc\u00f3pio de 3,5 metros do observat\u00f3rio de Calar Alto.<\/p>\n\n\n\n<p>A combina\u00e7\u00e3o do ESPRESSO e do poder de recolha de luz dos telesc\u00f3pios de 8 metros do VLT no ESO permitiu medi\u00e7\u00f5es com uma precis\u00e3o de apenas 30 cm\/s, n\u00e3o alcan\u00e7\u00e1veis com qualquer outro instrumento no mundo. &#8220;Qualquer dos dois grupos teria tido muitas dificuldades se tivessem abordado este trabalho de forma independente. Em conjunto, conseguimos ir muito mais longe,&#8221; afirma Su\u00e1rez Mascare\u00f1o.<\/p>\n\n\n\n<p>Os outros membros do IAC que colaboraram nesta publica\u00e7\u00e3o s\u00e3o os investigadores Rafael Rebolo L\u00f3pez, V\u00edctor S\u00e1nchez B\u00e9jar e Enric Pall\u00e9.<\/p>\n\n\n\n<p><a rel=\"noreferrer noopener\" href=\"https:\/\/www.iac.es\/es\/divulgacion\/noticias\/espresso-y-carmenes-descubren-dos-exotierras-potencialmente-habitables-en-una-estrella-cercana-al-sol\" target=\"_blank\">\/\/ IAC (comunicado de imprensa)<\/a><br><a rel=\"noreferrer noopener\" href=\"https:\/\/www.ieec.cat\/content\/media\/news\/en\/1016\" target=\"_blank\">\/\/ IEEC (comunicado de imprensa)<\/a><br><a rel=\"noreferrer noopener\" href=\"https:\/\/www.caha.es\/news\/releases-mainmenu-163\/14619-dos-exotierras-detectadas-en-la-zona-habitable-de-la-cercana-estrella-enana-roja-gj-1002\" target=\"_blank\">\/\/ CAHA (comunicado de imprensa)<\/a><br><a rel=\"noreferrer noopener\" href=\"https:\/\/www.ucm.es\/espresso-y-carmenes-descubren-dos-exotierras-habitables-en-la-estrella-gj-1002\" target=\"_blank\">\/\/ Universidade Complutense de Madrid (comunicado de imprensa)<\/a><br><a rel=\"noreferrer noopener\" href=\"https:\/\/www.aanda.org\/component\/article?access=doi&amp;doi=10.1051\/0004-6361\/202244991\" target=\"_blank\">\/\/ Artigo cient\u00edfico (Astronomy &amp; Astrophysics)<\/a><br><a rel=\"noreferrer noopener\" href=\"https:\/\/arxiv.org\/abs\/2212.07332\" target=\"_blank\">\/\/ Artigo cient\u00edfico (arXiv.org)<\/a><\/p>\n\n\n\n<h3 class=\"wp-block-heading\">Saiba mais:<\/h3>\n\n\n\n<p><strong>Not\u00edcias relacionadas:<\/strong><br><a href=\"https:\/\/www.sciencealert.com\/two-nearby-earth-like-worlds-found-in-the-sweet-spot-for-life-to-survive\" target=\"_blank\" rel=\"noreferrer noopener\">science alert<\/a><br><a href=\"https:\/\/www.spacedaily.com\/reports\/ESPRESSO_and_CARMENES_discover_two_potentially_habitable_exo_Earths_around_a_star_near_the_Sun_999.html\" target=\"_blank\" rel=\"noreferrer noopener\">Space Daily<\/a><br><a href=\"https:\/\/phys.org\/news\/2022-12-astronomers-potentially-habitable-exo-earths-star.html\" target=\"_blank\" rel=\"noreferrer noopener\">PHYSORG<\/a><\/p>\n\n\n\n<p><strong>GJ 1002:<\/strong><br><a href=\"http:\/\/exoplanet.eu\/catalog\/gj_1002_b\/\" target=\"_blank\" rel=\"noreferrer noopener\">GJ 1002b (Exoplanet.eu)<\/a><br><a href=\"http:\/\/exoplanet.eu\/catalog\/gj_1002_c\/\" target=\"_blank\" rel=\"noreferrer noopener\">GJ 1002c (Exoplanet.eu)<\/a><br><a href=\"https:\/\/en.wikipedia.org\/wiki\/Gliese_1002\" target=\"_blank\" rel=\"noreferrer noopener\">Wikipedia<\/a><\/p>\n\n\n\n<p><strong>Exoplanetas:<br><\/strong><a href=\"http:\/\/en.wikipedia.org\/wiki\/Extrasolar_planet\" target=\"_blank\" rel=\"noreferrer noopener\">Wikipedia<\/a><br><a href=\"http:\/\/en.wikipedia.org\/wiki\/List_of_exoplanets\" target=\"_blank\" rel=\"noreferrer noopener\">Lista de planetas (Wikipedia)<\/a><br><a href=\"http:\/\/en.wikipedia.org\/wiki\/List_of_potential_habitable_exoplanets\" target=\"_blank\" rel=\"noreferrer noopener\">Lista de exoplanetas potencialmente habit\u00e1veis (Wikipedia)<\/a><br><a href=\"http:\/\/en.wikipedia.org\/wiki\/List_of_extrasolar_planet_extremes\" target=\"_blank\" rel=\"noreferrer noopener\">Lista de extremos (Wikipedia)<\/a><br><a href=\"http:\/\/www.openexoplanetcatalogue.com\/\" target=\"_blank\" rel=\"noreferrer noopener\">Open Exoplanet Catalogue<\/a><br><a href=\"https:\/\/exoplanets.nasa.gov\/\" target=\"_blank\" rel=\"noreferrer noopener\">NASA<\/a><br><a href=\"http:\/\/www.exoplanet.eu\/index.php\" target=\"_blank\" rel=\"noreferrer noopener\">Enciclop\u00e9dia dos Planetas Extrasolares<\/a><\/p>\n\n\n\n<p><strong>VLT:<\/strong><br><a href=\"https:\/\/www.eso.org\/public\/teles-instr\/paranal-observatory\/vlt\" target=\"_blank\" rel=\"noreferrer noopener\">ESO<\/a><br><a href=\"http:\/\/en.wikipedia.org\/wiki\/Very_Large_Telescope\" target=\"_blank\" rel=\"noreferrer noopener\">Wikipedia<\/a><br><a href=\"https:\/\/www.eso.org\/sci\/facilities\/paranal\/instruments\/espresso.html\" target=\"_blank\" rel=\"noreferrer noopener\">ESPRESSO<\/a><\/p>\n\n\n\n<p><strong>Observat\u00f3rio de Calar Alto:<\/strong><br><a href=\"http:\/\/www.caha.es\/\" target=\"_blank\" rel=\"noreferrer noopener\">P\u00e1gina principal<\/a><br><a href=\"http:\/\/en.wikipedia.org\/wiki\/Calar_Alto_Observatory\" target=\"_blank\" rel=\"noreferrer noopener\">Wikipedia<\/a><br><a href=\"https:\/\/carmenes.caha.es\/\" target=\"_blank\" rel=\"noreferrer noopener\">CARMENES<\/a><\/p>\n\n\n\n<p><strong>ELT (Extremely Large Telescope):<\/strong><br><a href=\"http:\/\/www.eso.org\/public\/teles-instr\/e-elt\/\" target=\"_blank\" rel=\"noreferrer noopener\">ESO<\/a><br><a href=\"http:\/\/www.eso.org\/sci\/facilities\/eelt\/\" target=\"_blank\" rel=\"noreferrer noopener\">ESO &#8211; 2<\/a><br><a href=\"http:\/\/en.wikipedia.org\/wiki\/European_Extremely_Large_Telescope\" target=\"_blank\" rel=\"noreferrer noopener\">Wikipedia<\/a><\/p>\n\n\n\n<p><strong>LIFE (Large Interferometer For Exoplanets):<\/strong><br><a href=\"https:\/\/www.life-space-mission.com\/\" target=\"_blank\" rel=\"noreferrer noopener\">P\u00e1gina principal<\/a><br><a href=\"https:\/\/en.wikipedia.org\/wiki\/Large_Interferometer_For_Exoplanets\" target=\"_blank\" rel=\"noreferrer noopener\">Wikipedia<\/a><\/p>\n","protected":false},"excerpt":{"rendered":"<p>Uma equipa cient\u00edfica internacional liderada por investigadores do IAC (Instituto de Astrof\u00edsica das Can\u00e1rias) descobriu a presen\u00e7a de dois planetas com massas semelhantes \u00e0 da Terra em \u00f3rbita da estrela GJ 1002, uma an\u00e3 vermelha n\u00e3o muito longe do nosso Sistema Solar. Ambos os planetas situam-se na zona habit\u00e1vel da estrela. &#8220;A natureza parece querer &hellip;<\/p>\n","protected":false},"author":1,"featured_media":5664,"comment_status":"open","ping_status":"open","sticky":false,"template":"","format":"standard","meta":{"footnotes":""},"categories":[72,1],"tags":[528,147,1458,1459,1302,484,107],"class_list":["post-5663","post","type-post","status-publish","format-standard","has-post-thumbnail","","category-exoplanetas","category-telescopios-profissionais","tag-elt","tag-exoplaneta","tag-gj-1002-b","tag-gj-1002-c","tag-life","tag-observatorio-calar-alto","tag-vlt"],"_links":{"self":[{"href":"https:\/\/ccvalg.pt\/astronomia\/wordpress\/wp-json\/wp\/v2\/posts\/5663","targetHints":{"allow":["GET"]}}],"collection":[{"href":"https:\/\/ccvalg.pt\/astronomia\/wordpress\/wp-json\/wp\/v2\/posts"}],"about":[{"href":"https:\/\/ccvalg.pt\/astronomia\/wordpress\/wp-json\/wp\/v2\/types\/post"}],"author":[{"embeddable":true,"href":"https:\/\/ccvalg.pt\/astronomia\/wordpress\/wp-json\/wp\/v2\/users\/1"}],"replies":[{"embeddable":true,"href":"https:\/\/ccvalg.pt\/astronomia\/wordpress\/wp-json\/wp\/v2\/comments?post=5663"}],"version-history":[{"count":1,"href":"https:\/\/ccvalg.pt\/astronomia\/wordpress\/wp-json\/wp\/v2\/posts\/5663\/revisions"}],"predecessor-version":[{"id":5665,"href":"https:\/\/ccvalg.pt\/astronomia\/wordpress\/wp-json\/wp\/v2\/posts\/5663\/revisions\/5665"}],"wp:featuredmedia":[{"embeddable":true,"href":"https:\/\/ccvalg.pt\/astronomia\/wordpress\/wp-json\/wp\/v2\/media\/5664"}],"wp:attachment":[{"href":"https:\/\/ccvalg.pt\/astronomia\/wordpress\/wp-json\/wp\/v2\/media?parent=5663"}],"wp:term":[{"taxonomy":"category","embeddable":true,"href":"https:\/\/ccvalg.pt\/astronomia\/wordpress\/wp-json\/wp\/v2\/categories?post=5663"},{"taxonomy":"post_tag","embeddable":true,"href":"https:\/\/ccvalg.pt\/astronomia\/wordpress\/wp-json\/wp\/v2\/tags?post=5663"}],"curies":[{"name":"wp","href":"https:\/\/api.w.org\/{rel}","templated":true}]}}