{"id":5645,"date":"2022-12-13T07:25:12","date_gmt":"2022-12-13T06:25:12","guid":{"rendered":"http:\/\/ccvalg.pt\/astronomia\/wordpress\/?p=5645"},"modified":"2022-12-13T07:25:12","modified_gmt":"2022-12-13T06:25:12","slug":"contagens-de-raios-cosmicos-escondidas-em-dados-de-naves-espaciais-realcam-a-influencia-do-ciclo-solar-em-marte-e-venus","status":"publish","type":"post","link":"https:\/\/ccvalg.pt\/astronomia\/wordpress\/2022\/12\/13\/contagens-de-raios-cosmicos-escondidas-em-dados-de-naves-espaciais-realcam-a-influencia-do-ciclo-solar-em-marte-e-venus\/","title":{"rendered":"<strong>Contagens de raios c\u00f3smicos, escondidas em dados de naves espaciais, real\u00e7am a influ\u00eancia do ciclo solar em Marte e V\u00e9nus<\/strong>"},"content":{"rendered":"<div class=\"wp-block-image\">\n<figure class=\"aligncenter size-large\"><a href=\"https:\/\/images2.imgbox.com\/1d\/fa\/voBykcoo_o.jpg\"><img loading=\"lazy\" decoding=\"async\" width=\"1024\" height=\"417\" src=\"https:\/\/ccvalg.pt\/astronomia\/wordpress\/wp-content\/uploads\/2022\/12\/voBykcoo_o-1024x417.jpg\" alt=\"\" class=\"wp-image-5646\" srcset=\"https:\/\/ccvalg.pt\/astronomia\/wordpress\/wp-content\/uploads\/2022\/12\/voBykcoo_o-1024x417.jpg 1024w, https:\/\/ccvalg.pt\/astronomia\/wordpress\/wp-content\/uploads\/2022\/12\/voBykcoo_o-300x122.jpg 300w, https:\/\/ccvalg.pt\/astronomia\/wordpress\/wp-content\/uploads\/2022\/12\/voBykcoo_o-768x312.jpg 768w, https:\/\/ccvalg.pt\/astronomia\/wordpress\/wp-content\/uploads\/2022\/12\/voBykcoo_o-1536x625.jpg 1536w, https:\/\/ccvalg.pt\/astronomia\/wordpress\/wp-content\/uploads\/2022\/12\/voBykcoo_o.jpg 1920w\" sizes=\"auto, (max-width: 1024px) 100vw, 1024px\" \/><\/a><figcaption class=\"wp-element-caption\">Impress\u00f5es de artista da Mars Express (esquerda) e Venus Express (direita).<br>Cr\u00e9dito: ESA\/D. Ducros\/AOES Medialab<\/figcaption><\/figure>\n<\/div>\n\n\n<p>Medi\u00e7\u00f5es das miss\u00f5es g\u00e9meas da ESA, a Mars Express e a Venus Express, capturaram a dan\u00e7a entre a intensidade dos raios c\u00f3smicos altamente energ\u00e9ticos e a influ\u00eancia da atividade do Sol em todo o nosso Sistema Solar interior.<\/p>\n\n\n\n<p>Uma compara\u00e7\u00e3o dos dados do sensor de plasma ASPERA, um instrumento transportado por ambas as naves espaciais, com o n\u00famero de manchas solares vis\u00edveis \u00e0 superf\u00edcie do Sol, mostra como os raios c\u00f3smicos s\u00e3o suprimidos durante os picos de atividade no ciclo solar de 11 anos. O estudo internacional, liderado pelo Dr. Yoshifumi Futaana do Instituto Sueco de F\u00edsica Espacial, foi publicado na revista The Astrophysical Journal.<\/p>\n\n\n\n<p>Os raios c\u00f3smicos s\u00e3o part\u00edculas que viajam quase \u00e0 velocidade da luz que t\u00eam origem fora do nosso Sistema Solar. S\u00e3o uma perigosa forma de radia\u00e7\u00e3o altamente energ\u00e9tica que pode causar falhas eletr\u00f3nicas nas naves espaciais e danificar o ADN dos seres humanos no espa\u00e7o.<\/p>\n\n\n\n<p>Para al\u00e9m da rela\u00e7\u00e3o de uma d\u00e9cada com o ciclo solar, os investigadores tamb\u00e9m observaram como as dete\u00e7\u00f5es de raios c\u00f3smicos variaram ao longo dos curtos per\u00edodos de tempo de uma \u00f3rbita. Surpreendentemente, descobriram que a \u00e1rea protegida dos raios c\u00f3smicos, por tr\u00e1s de Marte, \u00e9 mais de 100 quil\u00f3metros mais larga do que o raio real do planeta. A raz\u00e3o pela qual esta \u00e1rea bloqueada deve ser t\u00e3o grande ainda n\u00e3o \u00e9 clara.<\/p>\n\n\n\n<p>&#8220;O estudo mostra a gama de conhecimentos valiosos que podem ser derivados do que \u00e9 realmente informa\u00e7\u00e3o da contagem de fundo recolhida pelos instrumentos ASPERA. A compreens\u00e3o das v\u00e1rias rela\u00e7\u00f5es entre os raios c\u00f3smicos e o ciclo solar, entre as atmosferas dos planetas e o desempenho dos instrumentos das naves espaciais \u00e9 muito importante para futuras miss\u00f5es rob\u00f3ticas e de explora\u00e7\u00e3o humana&#8221;, disse o Dr. Futaana.<\/p>\n\n\n\n<p>Lan\u00e7ada em 2003, a Mars Express continua em servi\u00e7o em torno do Planeta Vermelho, enquanto a Venus Express operou de 2006 a 2014. Os investigadores compararam o conjunto de dados de 17 anos de Marte e o conjunto de dados de oito anos de V\u00e9nus com medi\u00e7\u00f5es de raios c\u00f3smicos obtidas na Terra com o monitor de neutr\u00f5es Thule na Gronel\u00e2ndia. Os cientistas obtiveram valores m\u00e9dios das contagens de raios c\u00f3smicos durante per\u00edodos de tr\u00eas meses para minimizar a influ\u00eancia da atividade solar espor\u00e1dica, tais como proemin\u00eancias ou eje\u00e7\u00f5es de massa coronal. As bases de dados das contagens da radia\u00e7\u00e3o de fundo, extra\u00eddas para o estudo, foram publicadas e podem ser consultadas atrav\u00e9s do servi\u00e7o meteorol\u00f3gico espacial e planet\u00e1rio SPIDER.<\/p>\n\n\n\n<p>Todos os conjuntos de dados mostraram uma diminui\u00e7\u00e3o no n\u00famero de dete\u00e7\u00f5es de raios c\u00f3smicos, uma vez que foi atingido o pico de atividade do Ciclo solar 24. Em particular, os dados da Mars Express e as observa\u00e7\u00f5es na Terra mostraram caracter\u00edsticas muito semelhantes. Contudo, houve um atraso aparente de cerca de nove meses entre o n\u00famero m\u00e1ximo de manchas solares e o m\u00ednimo de dete\u00e7\u00f5es de raios c\u00f3smicos em Marte.<\/p>\n\n\n\n<p>&#8220;Estudos anteriores sugeriram que existe um atraso de v\u00e1rios meses entre a atividade solar e o comportamento dos raios c\u00f3smicos na Terra e em Marte. Os nossos resultados parecem confirmar isto e tamb\u00e9m fornecer mais evid\u00eancias de que o Ciclo solar 24 foi um pouco invulgar, talvez devido ao longo m\u00ednimo solar entre o Ciclo 23 e 24, ou \u00e0 atividade relativamente baixa durante o Ciclo 24&#8221;, disse o Dr. Futaana.<\/p>\n\n\n\n<p>A an\u00e1lise dos dados da Venus Express foi complicada por altera\u00e7\u00f5es na forma como o processamento a bordo foi efetuado a partir de 2010. Al\u00e9m disso, embora os instrumentos ASPERA transportados pela Mars Express e Venus Express se baseassem num desenho comum, cada um deles foi adaptado aos ambientes planet\u00e1rios muito diferentes em que operaram. Isto significa que uma compara\u00e7\u00e3o direta dos fluxos de raios c\u00f3smicos em Marte e V\u00e9nus n\u00e3o \u00e9 poss\u00edvel utilizando os conjuntos de dados dispon\u00edveis.<\/p>\n\n\n\n<p>&#8220;A utiliza\u00e7\u00e3o de contagens de fundo para estudar a intera\u00e7\u00e3o dos raios c\u00f3smicos e part\u00edculas altamente energ\u00e9ticas com miss\u00f5es planet\u00e1rias \u00e9 relativamente nova. No entanto, a obten\u00e7\u00e3o desta informa\u00e7\u00e3o mostra potencial como uma ferramenta poderosa, por exemplo, na prote\u00e7\u00e3o da futura miss\u00e3o JUICE (JUpiter Icy moon Explorer) da ESA, que ir\u00e1 explorar o ambiente in\u00f3spito em torno das luas geladas de J\u00fapiter&#8221;, disse Nicolas Andre do IRAP (Institut de Recherche en Astrophysique et Plan\u00e9tologie) em Toulouse, Fran\u00e7a, coordenador do servi\u00e7o SPIDER e coautor deste estudo.<\/p>\n\n\n\n<figure class=\"wp-block-embed is-type-video is-provider-youtube wp-block-embed-youtube wp-embed-aspect-16-9 wp-has-aspect-ratio\"><div class=\"wp-block-embed__wrapper\">\n<iframe loading=\"lazy\" title=\"Dr. Yoshifumi Futaana on finding valuable information about galactic cosmic rays in junk data\" width=\"618\" height=\"348\" src=\"https:\/\/www.youtube.com\/embed\/5ZdwAEivOtY?feature=oembed\" frameborder=\"0\" allow=\"accelerometer; autoplay; clipboard-write; encrypted-media; gyroscope; picture-in-picture; web-share\" referrerpolicy=\"strict-origin-when-cross-origin\" allowfullscreen><\/iframe>\n<\/div><\/figure>\n\n\n\n<p><a rel=\"noreferrer noopener\" href=\"https:\/\/www.europlanet-society.org\/cosmic-ray-counts-hidden-in-spacecraft-data-highlight-influence-of-solar-cycle-at-mars-and-venus\/\" target=\"_blank\">\/\/ Europlanet Society (comunicado de imprensa)<\/a><br><a rel=\"noreferrer noopener\" href=\"https:\/\/iopscience.iop.org\/article\/10.3847\/1538-4357\/ac9a49\" target=\"_blank\">\/\/ Artigo cient\u00edfico (The Astrophysical Journal)<\/a><br><a rel=\"noreferrer noopener\" href=\"https:\/\/iopscience.iop.org\/article\/10.3847\/1538-4357\/ac9a49\/pdf\" target=\"_blank\">\/\/ Artigo cient\u00edfico (PDF)<\/a><\/p>\n\n\n\n<h3 class=\"wp-block-heading\">Saiba mais:<\/h3>\n\n\n\n<p><strong>Raios c\u00f3smicos:<\/strong><br><a href=\"https:\/\/en.wikipedia.org\/wiki\/Cosmic_ray\" target=\"_blank\" rel=\"noreferrer noopener\">Wikipedia<\/a><\/p>\n\n\n\n<p><strong>Ciclo solar:<\/strong><br><a href=\"https:\/\/en.wikipedia.org\/wiki\/Solar_cycle\" target=\"_blank\" rel=\"noreferrer noopener\">Wikipedia<\/a><\/p>\n\n\n\n<p><strong>Venus Express:<\/strong><br><a href=\"http:\/\/www.esa.int\/SPECIALS\/Venus_Express\/index.html\" target=\"_blank\" rel=\"noreferrer noopener\">ESA<\/a>&nbsp;<br><a href=\"http:\/\/en.wikipedia.org\/wiki\/Venus_Express\" target=\"_blank\" rel=\"noreferrer noopener\">Wikipedia<\/a><\/p>\n\n\n\n<p><strong>Mars Express:<\/strong><br><a href=\"https:\/\/www.esa.int\/Science_Exploration\/Space_Science\/Mars_Express\" target=\"_blank\" rel=\"noreferrer noopener\">ESA<\/a>&nbsp;<br><a href=\"https:\/\/archives.esac.esa.int\/psa\/#!Table%20View\/Mars%20Express=mission\" target=\"_blank\" rel=\"noreferrer noopener\">Arquivo de Ci\u00eancias Planet\u00e1rias<\/a><br><a href=\"http:\/\/en.wikipedia.org\/wiki\/Mars_Express\" target=\"_blank\" rel=\"noreferrer noopener\">Wikipedia<\/a><\/p>\n\n\n\n<p><strong>V\u00e9nus:<\/strong><br><a rel=\"noreferrer noopener\" href=\"http:\/\/en.wikipedia.org\/wiki\/Venus_%28planet%29\" target=\"_blank\">Wikipedia<\/a><\/p>\n\n\n\n<p><strong>Marte:<\/strong><br><a rel=\"noreferrer noopener\" href=\"http:\/\/en.wikipedia.org\/wiki\/Mars_%28planet%29\" target=\"_blank\">Wikipedia<\/a><\/p>\n\n\n\n<p><strong>Servi\u00e7o meteorol\u00f3gico espacial e planet\u00e1rio SPIDER:<\/strong><br><a href=\"http:\/\/spider-europlanet.irap.omp.eu\/\" target=\"_blank\" rel=\"noreferrer noopener\">P\u00e1gina principal<\/a><\/p>\n\n\n\n<p><strong>JUICE (JUpiter Icy moon Explorer):<\/strong><br><a href=\"http:\/\/sci.esa.int\/science-e\/www\/area\/index.cfm?fareaid=129\" target=\"_blank\" rel=\"noreferrer noopener\">ESA<\/a><br><a href=\"https:\/\/science.nasa.gov\/missions\/juice\" target=\"_blank\" rel=\"noreferrer noopener\">NASA<\/a><br><a href=\"http:\/\/en.wikipedia.org\/wiki\/Jupiter_Icy_Moon_Explorer\" target=\"_blank\" rel=\"noreferrer noopener\">Wikipedia<\/a><\/p>\n","protected":false},"excerpt":{"rendered":"<p>Impress\u00f5es de artista da Mars Express (esquerda) e Venus Express (direita).Cr\u00e9dito: ESA\/D. Ducros\/AOES Medialab Medi\u00e7\u00f5es das miss\u00f5es g\u00e9meas da ESA, a Mars Express e a Venus Express, capturaram a dan\u00e7a entre a intensidade dos raios c\u00f3smicos altamente energ\u00e9ticos e a influ\u00eancia da atividade do Sol em todo o nosso Sistema Solar interior. Uma compara\u00e7\u00e3o dos &hellip;<\/p>\n","protected":false},"author":1,"featured_media":5646,"comment_status":"open","ping_status":"open","sticky":false,"template":"","format":"standard","meta":{"footnotes":""},"categories":[62,9,16],"tags":[982,508,162,4,247,172,650],"class_list":["post-5645","post","type-post","status-publish","format-standard","has-post-thumbnail","","category-cosmologia","category-sistema-solar","category-sondas-missoes-espaciais","tag-ciclos-solares","tag-juice","tag-mars-express","tag-marte","tag-raios-cosmicos","tag-venus","tag-venus-express"],"_links":{"self":[{"href":"https:\/\/ccvalg.pt\/astronomia\/wordpress\/wp-json\/wp\/v2\/posts\/5645","targetHints":{"allow":["GET"]}}],"collection":[{"href":"https:\/\/ccvalg.pt\/astronomia\/wordpress\/wp-json\/wp\/v2\/posts"}],"about":[{"href":"https:\/\/ccvalg.pt\/astronomia\/wordpress\/wp-json\/wp\/v2\/types\/post"}],"author":[{"embeddable":true,"href":"https:\/\/ccvalg.pt\/astronomia\/wordpress\/wp-json\/wp\/v2\/users\/1"}],"replies":[{"embeddable":true,"href":"https:\/\/ccvalg.pt\/astronomia\/wordpress\/wp-json\/wp\/v2\/comments?post=5645"}],"version-history":[{"count":1,"href":"https:\/\/ccvalg.pt\/astronomia\/wordpress\/wp-json\/wp\/v2\/posts\/5645\/revisions"}],"predecessor-version":[{"id":5647,"href":"https:\/\/ccvalg.pt\/astronomia\/wordpress\/wp-json\/wp\/v2\/posts\/5645\/revisions\/5647"}],"wp:featuredmedia":[{"embeddable":true,"href":"https:\/\/ccvalg.pt\/astronomia\/wordpress\/wp-json\/wp\/v2\/media\/5646"}],"wp:attachment":[{"href":"https:\/\/ccvalg.pt\/astronomia\/wordpress\/wp-json\/wp\/v2\/media?parent=5645"}],"wp:term":[{"taxonomy":"category","embeddable":true,"href":"https:\/\/ccvalg.pt\/astronomia\/wordpress\/wp-json\/wp\/v2\/categories?post=5645"},{"taxonomy":"post_tag","embeddable":true,"href":"https:\/\/ccvalg.pt\/astronomia\/wordpress\/wp-json\/wp\/v2\/tags?post=5645"}],"curies":[{"name":"wp","href":"https:\/\/api.w.org\/{rel}","templated":true}]}}