{"id":5626,"date":"2022-12-06T07:14:18","date_gmt":"2022-12-06T06:14:18","guid":{"rendered":"http:\/\/ccvalg.pt\/astronomia\/wordpress\/?p=5626"},"modified":"2022-12-06T07:14:18","modified_gmt":"2022-12-06T06:14:18","slug":"webb-observa-nuvens-na-lua-de-saturno-tita","status":"publish","type":"post","link":"https:\/\/ccvalg.pt\/astronomia\/wordpress\/2022\/12\/06\/webb-observa-nuvens-na-lua-de-saturno-tita\/","title":{"rendered":"<strong>Webb observa nuvens na lua de Saturno, Tit\u00e3<\/strong>"},"content":{"rendered":"\n<figure class=\"wp-block-image size-large\"><a href=\"https:\/\/images2.imgbox.com\/51\/93\/Qvtpw2zv_o.jpg\"><img loading=\"lazy\" decoding=\"async\" width=\"1024\" height=\"638\" src=\"https:\/\/ccvalg.pt\/astronomia\/wordpress\/wp-content\/uploads\/2022\/12\/Qvtpw2zv_o-1024x638.jpg\" alt=\"\" class=\"wp-image-5627\" srcset=\"https:\/\/ccvalg.pt\/astronomia\/wordpress\/wp-content\/uploads\/2022\/12\/Qvtpw2zv_o-1024x638.jpg 1024w, https:\/\/ccvalg.pt\/astronomia\/wordpress\/wp-content\/uploads\/2022\/12\/Qvtpw2zv_o-300x187.jpg 300w, https:\/\/ccvalg.pt\/astronomia\/wordpress\/wp-content\/uploads\/2022\/12\/Qvtpw2zv_o-768x478.jpg 768w, https:\/\/ccvalg.pt\/astronomia\/wordpress\/wp-content\/uploads\/2022\/12\/Qvtpw2zv_o-1536x957.jpg 1536w, https:\/\/ccvalg.pt\/astronomia\/wordpress\/wp-content\/uploads\/2022\/12\/Qvtpw2zv_o.jpg 1920w\" sizes=\"auto, (max-width: 1024px) 100vw, 1024px\" \/><\/a><figcaption class=\"wp-element-caption\">Imagens lado a lado da lua de Saturno, Tit\u00e3, capturadas pelo NIRCam do Webb a 4 de novembro de 2022, que mostram nuvens e outras caracter\u00edsticas. A imagem da esquerda tem v\u00e1rios tons de vermelho. A imagem da direita tem v\u00e1rios tons de branco, azul e castanho. Pode consultar aqui a vers\u00e3o legendada.<br>Cr\u00e9dito: NASA, ESA, CSA, A. Pagan (STScI), equipa Titan GTO do JWST<\/figcaption><\/figure>\n\n\n\n<p>Estas s\u00e3o imagens da lua de Saturno, Tit\u00e3, capturadas pelo instrumento NIRCam do Telesc\u00f3pio Espacial James Webb da NASA\/ESA\/CSA no dia 4 de novembro de 2022. A imagem \u00e0 esquerda utiliza um filtro sens\u00edvel \u00e0 atmosfera inferior de Tit\u00e3. As manchas brilhantes s\u00e3o nuvens proeminentes no hemisf\u00e9rio norte. A imagem \u00e0 direita \u00e9 uma composi\u00e7\u00e3o a cores.<\/p>\n\n\n\n<p>Tit\u00e3 \u00e9 a \u00fanica lua no Sistema Solar com uma atmosfera densa e \u00e9 tamb\u00e9m o \u00fanico corpo planet\u00e1rio al\u00e9m da Terra que atualmente tem rios, lagos e mares. Por\u00e9m, ao contr\u00e1rio da Terra, o l\u00edquido \u00e0 superf\u00edcie de Tit\u00e3 \u00e9 composto por hidrocarbonetos, incluindo metano e etano, n\u00e3o \u00e1gua. A sua atmosfera tem uma n\u00e9voa espessa que obscurece a luz vis\u00edvel que \u00e9 refletida da superf\u00edcie.<\/p>\n\n\n\n<p>Os cientistas esperaram anos para utilizar a vis\u00e3o infravermelha do Webb e assim estudar a atmosfera de Tit\u00e3, incluindo os seus fascinantes padr\u00f5es meteorol\u00f3gicos e composi\u00e7\u00e3o gasosa, e tamb\u00e9m ver atrav\u00e9s da n\u00e9voa para estudar as caracter\u00edsticas do albedo (manchas brilhantes e escuras) \u00e0 superf\u00edcie. Esperam-se mais dados do NIRCam e do NIRSpec, bem como os primeiros dados do MIRI (Mid-Infrared Instrument) do Webb em maio ou junho de 2023. Os dados do MIRI v\u00e3o revelar uma parte ainda maior do espectro de Tit\u00e3, incluindo alguns comprimentos de onda nunca antes vistos. Isto dar\u00e1 aos cientistas informa\u00e7\u00f5es sobre os complexos gases na atmosfera de Tit\u00e3, bem como pistas cruciais para decifrar a raz\u00e3o pela qual Tit\u00e3 \u00e9 a \u00fanica lua do Sistema Solar com uma atmosfera densa.<\/p>\n\n\n\n<p><a rel=\"noreferrer noopener\" href=\"https:\/\/www.esa.int\/ESA_Multimedia\/Images\/2022\/12\/Webb_tracks_clouds_on_Saturn_s_moon_Titan\" target=\"_blank\">\/\/ ESA (comunicado de imprensa)<\/a><br><a href=\"https:\/\/blogs.nasa.gov\/webb\/2022\/12\/01\/webb-keck-telescopes-team-up-to-track-clouds-on-saturns-moon-titan\/\">\/\/ NASA (blog)<\/a><\/p>\n\n\n\n<h3 class=\"wp-block-heading\">Saiba mais:<\/h3>\n\n\n\n<p><strong>Tit\u00e3:<\/strong><br><a href=\"https:\/\/solarsystem.nasa.gov\/moons\/saturn-moons\/titan\/overview\/\" target=\"_blank\" rel=\"noreferrer noopener\">NASA<\/a><br><a href=\"http:\/\/www.solarviews.com\/eng\/titan.htm\" target=\"_blank\" rel=\"noreferrer noopener\">Solarviews<\/a><br><a href=\"http:\/\/en.wikipedia.org\/wiki\/Titan_%28moon%29\" target=\"_blank\" rel=\"noreferrer noopener\">Wikipedia<\/a><\/p>\n\n\n\n<p><strong>Saturno:<\/strong><br><a href=\"https:\/\/solarsystem.nasa.gov\/planets\/saturn\/in-depth\/\" target=\"_blank\" rel=\"noreferrer noopener\">NASA<\/a><br><a href=\"https:\/\/nineplanets.org\/saturn\/\" target=\"_blank\" rel=\"noreferrer noopener\">The Nine Planets<\/a><br><a href=\"http:\/\/www.solarviews.com\/eng\/saturn.htm\" target=\"_blank\" rel=\"noreferrer noopener\">Solarviews<\/a><br><a href=\"http:\/\/en.wikipedia.org\/wiki\/Saturn_%28planet%29\" target=\"_blank\" rel=\"noreferrer noopener\">Wikipedia<\/a><\/p>\n\n\n\n<p><strong>JWST (Telesc\u00f3pio Espacial James Webb):<\/strong><br><a href=\"http:\/\/www.jwst.nasa.gov\/\" target=\"_blank\" rel=\"noreferrer noopener\">NASA<\/a><br><a href=\"http:\/\/www.stsci.edu\/jwst\/\" target=\"_blank\" rel=\"noreferrer noopener\">STScI<\/a><br><a href=\"https:\/\/webbtelescope.org\/\" target=\"_blank\" rel=\"noreferrer noopener\">STScI (website para o p\u00fablico)<\/a><br><a href=\"https:\/\/www.cosmos.esa.int\/web\/jwst\" target=\"_blank\" rel=\"noreferrer noopener\">ESA<\/a><br><a href=\"https:\/\/esawebb.org\/\" target=\"_blank\" rel=\"noreferrer noopener\">ESA\/Webb<\/a><br><a href=\"http:\/\/en.wikipedia.org\/wiki\/JWST\" target=\"_blank\" rel=\"noreferrer noopener\">Wikipedia<\/a><br><a href=\"https:\/\/www.facebook.com\/NASAWebb\/\" target=\"_blank\" rel=\"noreferrer noopener\">Facebook<\/a><br><a href=\"https:\/\/twitter.com\/NASAWebb\" target=\"_blank\" rel=\"noreferrer noopener\">Twitter<\/a><br><a href=\"https:\/\/www.instagram.com\/nasawebb\/\" target=\"_blank\" rel=\"noreferrer noopener\">Instagram<\/a><br><a href=\"https:\/\/blogs.nasa.gov\/webb\/\" target=\"_blank\" rel=\"noreferrer noopener\">Blog do JWST (NASA)<\/a><br><a href=\"https:\/\/www.stsci.edu\/jwst\/science-execution\/approved-programs\/cycle-1-go\" target=\"_blank\" rel=\"noreferrer noopener\">Programas GO do Webb (STScI)<\/a><br><a href=\"https:\/\/webb.nasa.gov\/content\/observatory\/instruments\/fgs.html\" target=\"_blank\" rel=\"noreferrer noopener\">NIRISS (NASA)<\/a><br><a href=\"https:\/\/webb.nasa.gov\/content\/observatory\/instruments\/nircam.html\" target=\"_blank\" rel=\"noreferrer noopener\">NIRCam (NASA)<\/a><br><a href=\"https:\/\/webb.nasa.gov\/content\/observatory\/instruments\/miri.html\" target=\"_blank\" rel=\"noreferrer noopener\">MIRI (NASA)<\/a><br><a href=\"https:\/\/www.jwst.nasa.gov\/content\/observatory\/instruments\/nirspec.html\" target=\"_blank\" rel=\"noreferrer noopener\">NIRSpec (NASA)<\/a><\/p>\n","protected":false},"excerpt":{"rendered":"<p>Imagens lado a lado da lua de Saturno, Tit\u00e3, capturadas pelo NIRCam do Webb a 4 de novembro de 2022, que mostram nuvens e outras caracter\u00edsticas. A imagem da esquerda tem v\u00e1rios tons de vermelho. A imagem da direita tem v\u00e1rios tons de branco, azul e castanho. Pode consultar aqui a vers\u00e3o legendada.Cr\u00e9dito: NASA, ESA, &hellip;<\/p>\n","protected":false},"author":1,"featured_media":5627,"comment_status":"open","ping_status":"open","sticky":false,"template":"","format":"standard","meta":{"footnotes":""},"categories":[9],"tags":[387,138,186],"class_list":["post-5626","post","type-post","status-publish","format-standard","has-post-thumbnail","","category-sistema-solar","tag-jwst","tag-saturno","tag-tita"],"_links":{"self":[{"href":"https:\/\/ccvalg.pt\/astronomia\/wordpress\/wp-json\/wp\/v2\/posts\/5626","targetHints":{"allow":["GET"]}}],"collection":[{"href":"https:\/\/ccvalg.pt\/astronomia\/wordpress\/wp-json\/wp\/v2\/posts"}],"about":[{"href":"https:\/\/ccvalg.pt\/astronomia\/wordpress\/wp-json\/wp\/v2\/types\/post"}],"author":[{"embeddable":true,"href":"https:\/\/ccvalg.pt\/astronomia\/wordpress\/wp-json\/wp\/v2\/users\/1"}],"replies":[{"embeddable":true,"href":"https:\/\/ccvalg.pt\/astronomia\/wordpress\/wp-json\/wp\/v2\/comments?post=5626"}],"version-history":[{"count":1,"href":"https:\/\/ccvalg.pt\/astronomia\/wordpress\/wp-json\/wp\/v2\/posts\/5626\/revisions"}],"predecessor-version":[{"id":5628,"href":"https:\/\/ccvalg.pt\/astronomia\/wordpress\/wp-json\/wp\/v2\/posts\/5626\/revisions\/5628"}],"wp:featuredmedia":[{"embeddable":true,"href":"https:\/\/ccvalg.pt\/astronomia\/wordpress\/wp-json\/wp\/v2\/media\/5627"}],"wp:attachment":[{"href":"https:\/\/ccvalg.pt\/astronomia\/wordpress\/wp-json\/wp\/v2\/media?parent=5626"}],"wp:term":[{"taxonomy":"category","embeddable":true,"href":"https:\/\/ccvalg.pt\/astronomia\/wordpress\/wp-json\/wp\/v2\/categories?post=5626"},{"taxonomy":"post_tag","embeddable":true,"href":"https:\/\/ccvalg.pt\/astronomia\/wordpress\/wp-json\/wp\/v2\/tags?post=5626"}],"curies":[{"name":"wp","href":"https:\/\/api.w.org\/{rel}","templated":true}]}}