{"id":4734,"date":"2021-12-31T07:09:26","date_gmt":"2021-12-31T06:09:26","guid":{"rendered":"http:\/\/ccvalg.pt\/astronomia\/wordpress\/?p=4734"},"modified":"2021-12-31T07:09:28","modified_gmt":"2021-12-31T06:09:28","slug":"astronomos-encontram-analoga-da-via-lactea-no-universo-jovem","status":"publish","type":"post","link":"https:\/\/ccvalg.pt\/astronomia\/wordpress\/2021\/12\/31\/astronomos-encontram-analoga-da-via-lactea-no-universo-jovem\/","title":{"rendered":"Astr\u00f3nomos encontram an\u00e1loga da Via L\u00e1ctea no Universo jovem"},"content":{"rendered":"\n<p>Uma equipa internacional, que inclui investigadores do Instituto de Astrof\u00edsica das Can\u00e1rias (IAC), utilizou dados combinados de diferentes radiotelesc\u00f3pios localizados na Espanha para estudar o modo de forma\u00e7\u00e3o estelar numa gal\u00e1xia quando o Universo tinha menos de 30% da sua idade atual. Revelaram que as propriedades do reservat\u00f3rio molecular de g\u00e1s s\u00e3o semelhantes \u00e0s do nosso pr\u00f3prio reservat\u00f3rio na Via L\u00e1ctea, algo nunca visto at\u00e9 agora no Universo distante. O artigo cient\u00edfico foi publicado na revista The Astrophysical Journal Letters.<\/p>\n\n\n\n<p>Uma quest\u00e3o importante no estudo das gal\u00e1xias \u00e9 o modo de forma\u00e7\u00e3o estelar, qu\u00e3o eficiente \u00e9 a convers\u00e3o do g\u00e1s frio em estrelas. At\u00e9 agora, as gal\u00e1xias no in\u00edcio do Universo pareciam formar estrelas de uma forma diferente da observada na nossa pr\u00f3pria Gal\u00e1xia, o que \u00e9 intrigante. Para lan\u00e7ar luz sobre esta quest\u00e3o, o g\u00e1s molecular frio, o combust\u00edvel para a forma\u00e7\u00e3o das estrelas, \u00e9 observado com radiotelesc\u00f3pios.<\/p>\n\n\n\n<p>Devido \u00e0s propriedades f\u00edsicas do g\u00e1s hidrog\u00e9nio molecular (H2), n\u00e3o pode ser observado diretamente no r\u00e1dio, mas pode ser rastreado atrav\u00e9s da mol\u00e9cula de mon\u00f3xido de carbono (CO). E foi isso que a equipa liderada por Nikolaus Sulzenauer, estudante de doutoramento no Instituto Max Planck para Radioastronomia, fez.<\/p>\n\n\n\n<div class=\"wp-block-image\"><figure class=\"aligncenter size-large\"><a href=\"https:\/\/www.iac.es\/sites\/default\/files\/images\/news\/zoom_in_seahorse.jpg\"><img loading=\"lazy\" decoding=\"async\" width=\"1024\" height=\"582\" src=\"https:\/\/ccvalg.pt\/astronomia\/wordpress\/wp-content\/uploads\/2021\/12\/ZqLsqxaz_o-1024x582.jpg\" alt=\"\" class=\"wp-image-4735\" srcset=\"https:\/\/ccvalg.pt\/astronomia\/wordpress\/wp-content\/uploads\/2021\/12\/ZqLsqxaz_o-1024x582.jpg 1024w, https:\/\/ccvalg.pt\/astronomia\/wordpress\/wp-content\/uploads\/2021\/12\/ZqLsqxaz_o-300x170.jpg 300w, https:\/\/ccvalg.pt\/astronomia\/wordpress\/wp-content\/uploads\/2021\/12\/ZqLsqxaz_o-768x436.jpg 768w, https:\/\/ccvalg.pt\/astronomia\/wordpress\/wp-content\/uploads\/2021\/12\/ZqLsqxaz_o.jpg 1280w\" sizes=\"auto, (max-width: 1024px) 100vw, 1024px\" \/><\/a><figcaption>Amplia\u00e7\u00e3o do &#8220;Cavalo Marinho C\u00f3smico&#8221; no vis\u00edvel e infravermelho pr\u00f3ximo. A gal\u00e1xia el\u00edptica gigante em primeiro plano, no centro de um enxame de gal\u00e1xias, amplia e distorce a luz da gal\u00e1xia distante e que sofre o efeito de lente gravitacional.<br>Cr\u00e9dito: ESA\/Hubble<\/figcaption><\/figure><\/div>\n\n\n\n<p>Primeiro, os investigadores selecionaram uma gal\u00e1xia cujo brilho \u00e9 potenciado por lentes gravitacionais gra\u00e7as a um enxame interveniente de gal\u00e1xias. Em seguida, procuraram dados de arquivo de miss\u00f5es espaciais infravermelhas em combina\u00e7\u00e3o com imagens pelo Telesc\u00f3pio Espacial Hubble.<\/p>\n\n\n\n<p>&#8220;A gal\u00e1xia descoberta sofre fortes efeitos de lentes gravitacionais por um factor de aproximadamente 10 e assim a sua morfologia assemelha-se a um cavalo marinho. Da\u00ed a sua alcunha de &#8216;Cavalo Marinho C\u00f3smico&#8217;, explica Sulzenauer, que realizou este estudo como tese de mestrado na Universidade de Viena sob a supervis\u00e3o do investigador Helmut Dannerbauer do IAC, que tamb\u00e9m \u00e9 coautor do artigo publicado na revista.<\/p>\n\n\n\n<p>O investigador revelou a dist\u00e2ncia desta gal\u00e1xia &#8211; a luz viajou durante 9,6 mil milh\u00f5es de anos &#8211; gra\u00e7as a observa\u00e7\u00f5es das linhas de mon\u00f3xido de carbono com o radiotelesc\u00f3pio de 30 metros do IRAM (Instituto de Radioastronom\u00eda Milim\u00e9trica) localizado na Sierra Nevada. Juntamente com observa\u00e7\u00f5es do radiotelesc\u00f3pio Yebes de 40 metros localizado em Yebes, 50 km para nordeste de Madrid e operado pelo IGN (Instituto Geogr\u00e1fico Nacional), as propriedades f\u00edsicas do combust\u00edvel da forma\u00e7\u00e3o estelar atrav\u00e9s das observa\u00e7\u00f5es de v\u00e1rias linhas moleculares de g\u00e1s tamb\u00e9m puderam ser derivadas.<\/p>\n\n\n\n<div class=\"wp-block-image\"><figure class=\"aligncenter size-large\"><a href=\"https:\/\/images2.imgbox.com\/27\/d3\/lXdWHq2o_o.jpg\"><img decoding=\"async\" src=\"https:\/\/images2.imgbox.com\/27\/d3\/lXdWHq2o_o.jpg\" alt=\"\"\/><\/a><figcaption>Detalhe do &#8220;Cavalo Marinho C\u00f3smico&#8221;, uma gal\u00e1xia cuja luz foi modificada por lentes gravitacionais.<br>Cr\u00e9dito: Universidade de Viena<\/figcaption><\/figure><\/div>\n\n\n\n<p>&#8220;\u00c9 a gal\u00e1xia mais distante detetada at\u00e9 agora com o radiotelesc\u00f3pio Yebes de 40 metros,&#8221; observa Dannerbauer, que tamb\u00e9m destaca a vantagem que o m\u00e9todo utilizado na investiga\u00e7\u00e3o trouxe a estes radiotelesc\u00f3pios: &#8220;As lentes gravitacionais transformam praticamente os radiotelesc\u00f3pios IRAM e Yebes em radiotelesc\u00f3pios com tamanhos de 300 e 400 metros, respetivamente, imposs\u00edveis de construir.&#8221;<\/p>\n\n\n\n<p>Atrav\u00e9s da an\u00e1lise do g\u00e1s molecular frio, os cientistas descobriram a presen\u00e7a de um mecanismo de forma\u00e7\u00e3o estelar previamente invis\u00edvel no &#8220;meio-dia c\u00f3smico&#8221;, a \u00e9poca do pico de forma\u00e7\u00e3o estelar e de atividade de buracos negros no Universo. &#8220;A nossa investiga\u00e7\u00e3o mostrou que esta \u00e9 uma chamada gal\u00e1xia de sequ\u00eancia principal, com forma\u00e7\u00e3o estelar em evolu\u00e7\u00e3o lenta na \u00e9poca da m\u00e1xima forma\u00e7\u00e3o estelar no Universo,&#8221; acrescenta Bodo Ziegler da Universidade de Viena e coautor do artigo cient\u00edfico.<\/p>\n\n\n\n<p>&#8220;Este parece ser o elo que falta entre sistemas com alto e baixo ritmo de forma\u00e7\u00e3o estelar, como o &#8216;Cavalo Marinho C\u00f3smico&#8217;,&#8221; explica Anastasio D\u00edaz S\u00e1nchez, da Universidade Polit\u00e9cnica de Cartagena, que tamb\u00e9m participou no estudo. Da mesma forma, Susana Iglesias Groth, investigadora do IAC e coautora do artigo, sublinha a relev\u00e2ncia desta descoberta, considerando a dificuldade em estudar este tipo de gal\u00e1xia: &#8220;Sem a lente gravitacional teria sido imposs\u00edvel detetar esta gal\u00e1xia, que tem uma atividade de forma\u00e7\u00e3o estelar calma, com estes grandes radiotelesc\u00f3pios.&#8221;<\/p>\n\n\n\n<p><a rel=\"noreferrer noopener\" href=\"https:\/\/www.iac.es\/es\/divulgacion\/noticias\/encuentran-una-galaxia-similar-la-lactea-en-el-universo-primitivo\" target=\"_blank\">\/\/ IAC (comunicado de imprensa)<\/a><br><a rel=\"noreferrer noopener\" href=\"https:\/\/iopscience.iop.org\/article\/10.3847\/2041-8213\/ac2eba\" target=\"_blank\">\/\/ Artigo cient\u00edfico (The Astrophysical Journal Letters)<\/a><br><a rel=\"noreferrer noopener\" href=\"https:\/\/arxiv.org\/abs\/2110.05537\" target=\"_blank\">\/\/ Artigo cient\u00edfico (arXiv.org)<\/a><\/p>\n\n\n\n<h3 class=\"wp-block-heading\">Saiba mais:<\/h3>\n\n\n\n<p><strong>Gal\u00e1xias:<\/strong><br><a href=\"https:\/\/en.wikipedia.org\/wiki\/Galaxy\" target=\"_blank\" rel=\"noreferrer noopener\">Wikipedia<\/a><\/p>\n\n\n\n<p><strong>Forma\u00e7\u00e3o e evolu\u00e7\u00e3o das gal\u00e1xias:<\/strong><br><a href=\"https:\/\/en.wikipedia.org\/wiki\/Galaxy_formation_and_evolution\" target=\"_blank\" rel=\"noreferrer noopener\">Wikipedia<\/a><\/p>\n\n\n\n<p><strong>Forma\u00e7\u00e3o estelar:<\/strong><br><a href=\"http:\/\/en.wikipedia.org\/wiki\/Star_formation\" target=\"_blank\" rel=\"noreferrer noopener\">Wikipedia<\/a><\/p>\n\n\n\n<p><strong>Lentes gravitacionais:<\/strong><br><a href=\"http:\/\/en.wikipedia.org\/wiki\/Gravitational_lensing\" target=\"_blank\" rel=\"noreferrer noopener\">Wikipedia<\/a><\/p>\n\n\n\n<p><strong>IRAM:<\/strong><br><a href=\"http:\/\/www.iram-institute.org\/\" target=\"_blank\" rel=\"noreferrer noopener\">P\u00e1gina principal<\/a><br><a href=\"http:\/\/en.wikipedia.org\/wiki\/Institut_de_radioastronomie_millim%C3%A9trique\" target=\"_blank\" rel=\"noreferrer noopener\">Wikipedia<\/a><br><a href=\"http:\/\/en.wikipedia.org\/wiki\/IRAM_30-m\" target=\"_blank\" rel=\"noreferrer noopener\">Radiotelesc\u00f3pio de 30 metros (Wikipedia)<\/a><\/p>\n\n\n\n<p><strong>Radiotelesc\u00f3pio Yebes de 40 metros:<\/strong><br><a href=\"https:\/\/rt40m.oan.es\/rt40m_en.php\" target=\"_blank\" rel=\"noreferrer noopener\">P\u00e1gina principal<\/a><br><a href=\"https:\/\/en.wikipedia.org\/wiki\/Yebes_Observatory_RT40m\" target=\"_blank\" rel=\"noreferrer noopener\">Wikipedia<\/a><\/p>\n","protected":false},"excerpt":{"rendered":"<p>Uma equipa internacional, que inclui investigadores do Instituto de Astrof\u00edsica das Can\u00e1rias (IAC), utilizou dados combinados de diferentes radiotelesc\u00f3pios localizados na Espanha para estudar o modo de forma\u00e7\u00e3o estelar numa gal\u00e1xia quando o Universo tinha menos de 30% da sua idade atual. Revelaram que as propriedades do reservat\u00f3rio molecular de g\u00e1s s\u00e3o semelhantes \u00e0s do &hellip;<\/p>\n","protected":false},"author":1,"featured_media":4735,"comment_status":"open","ping_status":"open","sticky":false,"template":"","format":"standard","meta":{"footnotes":""},"categories":[62,50,60,1,59],"tags":[332,534,110,741,109,1238],"class_list":["post-4734","post","type-post","status-publish","format-standard","has-post-thumbnail","","category-cosmologia","category-estrelas","category-galaxias","category-telescopios-profissionais","category-via-lactea","tag-formacao-estelar","tag-formacao-galactica","tag-galaxias","tag-iram","tag-lentes-gravitacionais","tag-radiotelescopio-yebes"],"_links":{"self":[{"href":"https:\/\/ccvalg.pt\/astronomia\/wordpress\/wp-json\/wp\/v2\/posts\/4734","targetHints":{"allow":["GET"]}}],"collection":[{"href":"https:\/\/ccvalg.pt\/astronomia\/wordpress\/wp-json\/wp\/v2\/posts"}],"about":[{"href":"https:\/\/ccvalg.pt\/astronomia\/wordpress\/wp-json\/wp\/v2\/types\/post"}],"author":[{"embeddable":true,"href":"https:\/\/ccvalg.pt\/astronomia\/wordpress\/wp-json\/wp\/v2\/users\/1"}],"replies":[{"embeddable":true,"href":"https:\/\/ccvalg.pt\/astronomia\/wordpress\/wp-json\/wp\/v2\/comments?post=4734"}],"version-history":[{"count":1,"href":"https:\/\/ccvalg.pt\/astronomia\/wordpress\/wp-json\/wp\/v2\/posts\/4734\/revisions"}],"predecessor-version":[{"id":4736,"href":"https:\/\/ccvalg.pt\/astronomia\/wordpress\/wp-json\/wp\/v2\/posts\/4734\/revisions\/4736"}],"wp:featuredmedia":[{"embeddable":true,"href":"https:\/\/ccvalg.pt\/astronomia\/wordpress\/wp-json\/wp\/v2\/media\/4735"}],"wp:attachment":[{"href":"https:\/\/ccvalg.pt\/astronomia\/wordpress\/wp-json\/wp\/v2\/media?parent=4734"}],"wp:term":[{"taxonomy":"category","embeddable":true,"href":"https:\/\/ccvalg.pt\/astronomia\/wordpress\/wp-json\/wp\/v2\/categories?post=4734"},{"taxonomy":"post_tag","embeddable":true,"href":"https:\/\/ccvalg.pt\/astronomia\/wordpress\/wp-json\/wp\/v2\/tags?post=4734"}],"curies":[{"name":"wp","href":"https:\/\/api.w.org\/{rel}","templated":true}]}}