{"id":4556,"date":"2021-10-22T06:42:37","date_gmt":"2021-10-22T05:42:37","guid":{"rendered":"http:\/\/ccvalg.pt\/astronomia\/wordpress\/?p=4556"},"modified":"2021-10-22T06:42:50","modified_gmt":"2021-10-22T05:42:50","slug":"astronomos-avistam-ana-branca-a-ligar-e-a-desligar-se","status":"publish","type":"post","link":"https:\/\/ccvalg.pt\/astronomia\/wordpress\/2021\/10\/22\/astronomos-avistam-ana-branca-a-ligar-e-a-desligar-se\/","title":{"rendered":"Astr\u00f3nomos avistam an\u00e3 branca a &#8220;ligar e a desligar-se&#8221;"},"content":{"rendered":"\n<p>A maioria das estrelas transforma-se em an\u00e3s brancas ap\u00f3s queimarem o hidrog\u00e9nio que as alimenta. Agora, os astr\u00f3nomos viram um destes objetos gal\u00e1cticos a ligar e a desligar-se pela primeira vez.<\/p>\n\n\n\n<p>Os investigadores usaram o TESS, um sat\u00e9lite ca\u00e7ador de planetas, para observar o fen\u00f3meno \u00fanico numa an\u00e3 branca a cerca de 1400 anos-luz da Terra.<\/p>\n\n\n\n<p>Esta an\u00e3 branca em particular &#8211; TW Pictoris &#8211; \u00e9 conhecida por estar a acretar mat\u00e9ria, ou a alimentar-se, de uma estrela companheira.<\/p>\n\n\n\n<p>Os astr\u00f3nomos viram-na a perder brilho em 30 minutos, um processo observado apenas anteriormente na acre\u00e7\u00e3o de an\u00e3s brancas ao longo de um per\u00edodo de v\u00e1rios dias a meses.<\/p>\n\n\n\n<div class=\"wp-block-image\"><figure class=\"aligncenter size-large\"><a href=\"https:\/\/images2.imgbox.com\/c9\/87\/hvC0S3ON_o.jpg\"><img loading=\"lazy\" decoding=\"async\" width=\"1024\" height=\"840\" src=\"https:\/\/ccvalg.pt\/astronomia\/wordpress\/wp-content\/uploads\/2021\/10\/hvC0S3ON_o-1024x840.jpg\" alt=\"\" class=\"wp-image-4557\" srcset=\"https:\/\/ccvalg.pt\/astronomia\/wordpress\/wp-content\/uploads\/2021\/10\/hvC0S3ON_o-1024x840.jpg 1024w, https:\/\/ccvalg.pt\/astronomia\/wordpress\/wp-content\/uploads\/2021\/10\/hvC0S3ON_o-300x246.jpg 300w, https:\/\/ccvalg.pt\/astronomia\/wordpress\/wp-content\/uploads\/2021\/10\/hvC0S3ON_o-768x630.jpg 768w, https:\/\/ccvalg.pt\/astronomia\/wordpress\/wp-content\/uploads\/2021\/10\/hvC0S3ON_o-1536x1260.jpg 1536w, https:\/\/ccvalg.pt\/astronomia\/wordpress\/wp-content\/uploads\/2021\/10\/hvC0S3ON_o-2048x1680.jpg 2048w\" sizes=\"auto, (max-width: 1024px) 100vw, 1024px\" \/><\/a><figcaption>Impress\u00e3o de artista de uma an\u00e3 branca &#8211; neste caso, a an\u00e3 branca MV Lyrae &#8211; acretando mat\u00e9ria de uma estrela companheira.<br>Cr\u00e9dito: Helena Uthas<\/figcaption><\/figure><\/div>\n\n\n\n<p><strong>An\u00e3 branca em acre\u00e7\u00e3o<\/strong><\/p>\n\n\n\n<p>O brilho de uma an\u00e3 branca em acre\u00e7\u00e3o \u00e9 afetado pela quantidade de material em seu redor a partir do qual se alimenta, de modo que os investigadores dizem que algo est\u00e1 a interferir no seu reservat\u00f3rio de &#8220;comida&#8221;.<\/p>\n\n\n\n<p>Pensam que o que est\u00e3o a testemunhar podem ser mudan\u00e7as no campo magn\u00e9tico \u00e0 superf\u00edcie da an\u00e3 branca.<\/p>\n\n\n\n<p>Durante o modo &#8220;ligado&#8221;, quando o brilho \u00e9 alto, a an\u00e3 branca alimenta-se do disco de acre\u00e7\u00e3o como faria normalmente.<\/p>\n\n\n\n<p>De repente e de forma abrupta, o sistema &#8220;desliga-se&#8221; e o seu brilho cai.<\/p>\n\n\n\n<p>Os investigadores dizem que, quando isto acontece, o campo magn\u00e9tico est\u00e1 a girar t\u00e3o depressa que cria uma barreira que interrompe a quantidade de comida que a an\u00e3 branca pode receber.<\/p>\n\n\n\n<p>Isto leva a pequenos aumentos semiregulares no brilho observado pelos astr\u00f3nomos. Ap\u00f3s algum tempo, o sistema &#8220;liga-se&#8221; esporadicamente outra vez e o brilho volta ao n\u00edvel original.<\/p>\n\n\n\n<p>Eles esperam que a sua descoberta nos ensine mais sobre a f\u00edsica por tr\u00e1s da acre\u00e7\u00e3o &#8211; onde objetos como buracos negros, an\u00e3s brancas e estrelas de neutr\u00f5es se alimentam de material circundante de estrelas vizinhas.<\/p>\n\n\n\n<p><a rel=\"noreferrer noopener\" href=\"https:\/\/www.durham.ac.uk\/news-events\/latest-news\/2021\/10\/white-dwarfs-switch-on-and-off\/\" target=\"_blank\">\/\/ Universidade de Durham (comunicado de imprensa)<\/a><br><a rel=\"noreferrer noopener\" href=\"https:\/\/www.nature.com\/articles\/s41550-021-01494-x\" target=\"_blank\">\/\/ Artigo cient\u00edfico (Nature Astronomy)<\/a><\/p>\n\n\n\n<h3 class=\"wp-block-heading\">Saiba mais:<\/h3>\n\n\n\n<p><strong>TW Pictoris:<\/strong><br><a href=\"https:\/\/www.aavso.org\/vsx\/index.php?view=detail.top&amp;oid=26363\" target=\"_blank\" rel=\"noreferrer noopener\">AAVSO<\/a><br><a href=\"https:\/\/en.wikipedia.org\/wiki\/TW_Pictoris\" target=\"_blank\" rel=\"noreferrer noopener\">Wikipedia<\/a><br><a href=\"https:\/\/en.wikipedia.org\/wiki\/Cataclysmic_variable_star\" target=\"_blank\" rel=\"noreferrer noopener\">Estrela vari\u00e1vel catacl\u00edsmica (Wikipedia)<\/a><\/p>\n\n\n\n<p><strong>An\u00e3s brancas:<br><\/strong><a href=\"http:\/\/en.wikipedia.org\/wiki\/White_dwarf\" target=\"_blank\" rel=\"noreferrer noopener\">Wikipedia<\/a><\/p>\n\n\n\n<p><strong>TESS (Transiting Exoplanet Survey Satellite):<\/strong><br><a href=\"https:\/\/www.nasa.gov\/tess-transiting-exoplanet-survey-satellite\" target=\"_blank\" rel=\"noreferrer noopener\">NASA<\/a><br><a href=\"http:\/\/tess.gsfc.nasa.gov\/\" target=\"_blank\" rel=\"noreferrer noopener\">NASA\/Goddard<\/a><br><a href=\"https:\/\/heasarc.gsfc.nasa.gov\/docs\/tess\/proposing-investigations.html\" target=\"_blank\" rel=\"noreferrer noopener\">Programa de Investigadores do TESS (HEASARC da NASA)<\/a><br><a href=\"https:\/\/archive.stsci.edu\/tess\/index.html\" target=\"_blank\" rel=\"noreferrer noopener\">MAST (Arquivo Mikulski para Telesc\u00f3pios Espaciais)<\/a><br><a href=\"https:\/\/exoplanetarchive.ipac.caltech.edu\/cgi-bin\/TblView\/nph-tblView?app=ExoTbls&amp;config=planets&amp;constraint=pl_facility+like+%27%TESS%%27\" target=\"_blank\" rel=\"noreferrer noopener\">Exoplanetas descobertos pelo TESS (NASA Exoplanet Archive)<\/a><br><a href=\"http:\/\/en.wikipedia.org\/wiki\/Transiting_Exoplanet_Survey_Satellite\" target=\"_blank\" rel=\"noreferrer noopener\">Wikipedia<\/a><\/p>\n","protected":false},"excerpt":{"rendered":"<p>A maioria das estrelas transforma-se em an\u00e3s brancas ap\u00f3s queimarem o hidrog\u00e9nio que as alimenta. Agora, os astr\u00f3nomos viram um destes objetos gal\u00e1cticos a ligar e a desligar-se pela primeira vez. Os investigadores usaram o TESS, um sat\u00e9lite ca\u00e7ador de planetas, para observar o fen\u00f3meno \u00fanico numa an\u00e3 branca a cerca de 1400 anos-luz da &hellip;<\/p>\n","protected":false},"author":1,"featured_media":4557,"comment_status":"open","ping_status":"open","sticky":false,"template":"","format":"standard","meta":{"footnotes":""},"categories":[50,16,1],"tags":[310,309,1186],"class_list":["post-4556","post","type-post","status-publish","format-standard","has-post-thumbnail","","category-estrelas","category-sondas-missoes-espaciais","category-telescopios-profissionais","tag-anas-brancas","tag-tess","tag-tw-pictoris"],"_links":{"self":[{"href":"https:\/\/ccvalg.pt\/astronomia\/wordpress\/wp-json\/wp\/v2\/posts\/4556","targetHints":{"allow":["GET"]}}],"collection":[{"href":"https:\/\/ccvalg.pt\/astronomia\/wordpress\/wp-json\/wp\/v2\/posts"}],"about":[{"href":"https:\/\/ccvalg.pt\/astronomia\/wordpress\/wp-json\/wp\/v2\/types\/post"}],"author":[{"embeddable":true,"href":"https:\/\/ccvalg.pt\/astronomia\/wordpress\/wp-json\/wp\/v2\/users\/1"}],"replies":[{"embeddable":true,"href":"https:\/\/ccvalg.pt\/astronomia\/wordpress\/wp-json\/wp\/v2\/comments?post=4556"}],"version-history":[{"count":1,"href":"https:\/\/ccvalg.pt\/astronomia\/wordpress\/wp-json\/wp\/v2\/posts\/4556\/revisions"}],"predecessor-version":[{"id":4558,"href":"https:\/\/ccvalg.pt\/astronomia\/wordpress\/wp-json\/wp\/v2\/posts\/4556\/revisions\/4558"}],"wp:featuredmedia":[{"embeddable":true,"href":"https:\/\/ccvalg.pt\/astronomia\/wordpress\/wp-json\/wp\/v2\/media\/4557"}],"wp:attachment":[{"href":"https:\/\/ccvalg.pt\/astronomia\/wordpress\/wp-json\/wp\/v2\/media?parent=4556"}],"wp:term":[{"taxonomy":"category","embeddable":true,"href":"https:\/\/ccvalg.pt\/astronomia\/wordpress\/wp-json\/wp\/v2\/categories?post=4556"},{"taxonomy":"post_tag","embeddable":true,"href":"https:\/\/ccvalg.pt\/astronomia\/wordpress\/wp-json\/wp\/v2\/tags?post=4556"}],"curies":[{"name":"wp","href":"https:\/\/api.w.org\/{rel}","templated":true}]}}