{"id":4531,"date":"2021-10-12T06:23:17","date_gmt":"2021-10-12T05:23:17","guid":{"rendered":"http:\/\/ccvalg.pt\/astronomia\/wordpress\/?p=4531"},"modified":"2021-10-12T06:23:18","modified_gmt":"2021-10-12T05:23:18","slug":"os-resultados-mais-recentes-das-medicoes-da-radiacao-cosmica-de-fundo-em-micro-ondas","status":"publish","type":"post","link":"https:\/\/ccvalg.pt\/astronomia\/wordpress\/2021\/10\/12\/os-resultados-mais-recentes-das-medicoes-da-radiacao-cosmica-de-fundo-em-micro-ondas\/","title":{"rendered":"Os resultados mais recentes das medi\u00e7\u00f5es da radia\u00e7\u00e3o c\u00f3smica de fundo em micro-ondas"},"content":{"rendered":"\n<div class=\"wp-block-image\"><figure class=\"aligncenter size-full\"><a href=\"https:\/\/images2.imgbox.com\/99\/36\/ib84DEHS_o.jpg\"><img loading=\"lazy\" decoding=\"async\" width=\"650\" height=\"366\" src=\"https:\/\/ccvalg.pt\/astronomia\/wordpress\/wp-content\/uploads\/2021\/10\/ib84DEHS_o.jpg\" alt=\"\" class=\"wp-image-4532\" srcset=\"https:\/\/ccvalg.pt\/astronomia\/wordpress\/wp-content\/uploads\/2021\/10\/ib84DEHS_o.jpg 650w, https:\/\/ccvalg.pt\/astronomia\/wordpress\/wp-content\/uploads\/2021\/10\/ib84DEHS_o-300x169.jpg 300w\" sizes=\"auto, (max-width: 650px) 100vw, 650px\" \/><\/a><figcaption>O telesc\u00f3pio BICEP3 localizado na Esta\u00e7\u00e3o Amundsen-Scott no Polo Sul, Ant\u00e1rtica. A &#8220;saia &#8220;de metal em torno do telesc\u00f3pio protege-o da luz refletida pelo gelo circundante. Os novos resultados da an\u00e1lise de dados do BICEP3, juntamento com dados anteriores e conjuntos de dados de miss\u00f5es espaciais melhoraram as restri\u00e7\u00f5es anteriores sobre os tipos de modelos de infla\u00e7\u00e3o que poderiam descrever os primeiros momentos do Universo.\nCr\u00e9dito: Steffen Richter<\/figcaption><\/figure><\/div>\n\n\n\n<p>O Universo foi formado h\u00e1 cerca de 13,8 mil milh\u00f5es de anos num grande clar\u00e3o de luz: o Big Bang. Aproximadamente 380.000 anos mais tarde, depois da mat\u00e9ria (principalmente hidrog\u00e9nio) ter arrefecido o suficiente para a forma\u00e7\u00e3o de \u00e1tomos neutros, a luz foi capaz de atravessar o espa\u00e7o livremente. Essa luz, a radia\u00e7\u00e3o c\u00f3smica de fundo em micro-ondas, chega at\u00e9 n\u00f3s de todas as dire\u00e7\u00f5es do c\u00e9u e de maneira uniforme&#8230; ou assim parecia \u00e0 primeira vista. Nas \u00faltimas d\u00e9cadas, os astr\u00f3nomos descobriram que a radia\u00e7\u00e3o tem ondula\u00e7\u00f5es e sali\u00eancias fracas a um n\u00edvel de brilho de apenas uma parte em cem mil &#8211; as sementes para estruturas futuras, como gal\u00e1xias.<\/p>\n\n\n\n<p>Os astr\u00f3nomos conjeturaram que estas ondula\u00e7\u00f5es tamb\u00e9m cont\u00eam tra\u00e7os de uma explos\u00e3o inicial de expans\u00e3o &#8211; a chamada infla\u00e7\u00e3o &#8211; que inchou o novo Universo em 33 ordens de magnitude nuns meros 10^-33 segundos. As pistas sobre a infla\u00e7\u00e3o devem estar vagamente presentes na forma como as ondula\u00e7\u00f5es c\u00f3smicas est\u00e3o curvadas, um efeito devido \u00e0s ondas gravitacionais na inf\u00e2ncia c\u00f3smica que dever\u00e1 ser talvez cem ou mais vezes mais t\u00e9nue do que as pr\u00f3prias ondula\u00e7\u00f5es.<\/p>\n\n\n\n<p>O efeito de ondula\u00e7\u00e3o produz padr\u00f5es de luz conhecidos como &#8220;polariza\u00e7\u00e3o de modo-B&#8221; e espera-se que seja excessivamente fraco. Outros processos ex\u00f3ticos est\u00e3o em a\u00e7\u00e3o no Universo para tornar esta medi\u00e7\u00e3o assustadora ainda mais desafiante. O principal \u00e9 o brilho fraco das part\u00edculas de poeira na nossa Gal\u00e1xia que foram alinhadas por campos magn\u00e9ticos. Esta luz tamb\u00e9m \u00e9 polarizada e pode ser torcida por campos magn\u00e9ticos para produzir padr\u00f5es de polariza\u00e7\u00e3o de modo-B. As ondas de r\u00e1dio da nossa Gal\u00e1xia podem produzir efeitos semelhantes. H\u00e1 cerca de seis anos, astr\u00f3nomos do Centro para Astrof\u00edsica | Harvard &amp; Smithsonian que trabalham no Polo Sul relataram a primeira evid\u00eancia para tal ondula\u00e7\u00e3o, a &#8220;polariza\u00e7\u00e3o de modo-B&#8221;, a n\u00edveis consistentes com modelos simples de infla\u00e7\u00e3o, mas as medi\u00e7\u00f5es subsequentes em diferentes frequ\u00eancias (ou cores) do espectro de micro-ondas revelaram que o sinal pode ser explicado pela poeira gal\u00e1ctica.<\/p>\n\n\n\n<p>Nos anos que se seguiram \u00e0s primeiras medi\u00e7\u00f5es da polariza\u00e7\u00e3o de modo-B, os astr\u00f3nomos continuaram as suas observa\u00e7\u00f5es meticulosas, adicionando dados poderosos de novos telesc\u00f3pios em muitas frequ\u00eancias diferentes operando no Polo Sul. Os astr\u00f3nomos do Centro para Astrof\u00edsica | Harvard &amp; Smithsonian e uma grande equipa de colegas acabaram de concluir uma an\u00e1lise de todos os dados das experi\u00eancias BICEP2, Keck Array e BICEP3 no Polo Sul at\u00e9 2018 e correlacionaram os resultados com resultados das miss\u00f5es espaciais Planck e WMAP da radia\u00e7\u00e3o c\u00f3smica de fundo em micro-ondas (embora a recolha de dados dessas miss\u00f5es espaciais tenha terminado em 2013 e 2010, o processamento de dados ainda continua e os cientistas usaram a vers\u00e3o de 2018). Os novos resultados fazem melhoramentos \u00e0s melhores restri\u00e7\u00f5es anteriores da ondula\u00e7\u00e3o, por mais ou menos um factor de dois, e agora fornecem uma orienta\u00e7\u00e3o poderosa sobre os tipos de modelos de infla\u00e7\u00e3o que poderiam descrever os primeiros momentos do Universo.<\/p>\n\n\n\n<p>Uma ampla classe de modelos simples est\u00e1 agora amplamente descartada. A equipa relata que os mais favorecidos da classe restante de modelos preveem ondas gravitacionais primordiais em n\u00edveis que devem ser detetadas (ou descartadas) na pr\u00f3xima d\u00e9cada com telesc\u00f3pios atualizados no Polo Sul. A equipa j\u00e1 est\u00e1 em processo de atualiza\u00e7\u00e3o do sistema BICEP e espera triplicar os melhoramentos em cinco anos, o suficiente para definir restri\u00e7\u00f5es r\u00edgidas aos modelos inflacion\u00e1rios.<\/p>\n\n\n\n<p><a rel=\"noreferrer noopener\" href=\"https:\/\/www.cfa.harvard.edu\/news\/latest-results-cosmic-microwave-background-measurements\" target=\"_blank\">\/\/ Centro para Astrof\u00edsica | Harvard &amp; Smithsonian (comunicado de imprensa)<\/a><br><a rel=\"noreferrer noopener\" href=\"https:\/\/journals.aps.org\/prl\/abstract\/10.1103\/PhysRevLett.127.151301\" target=\"_blank\">\/\/ Artigo cient\u00edfico (Physical Review Letters)<\/a><br><a rel=\"noreferrer noopener\" href=\"https:\/\/arxiv.org\/abs\/2110.00483\" target=\"_blank\">\/\/ Artigo cient\u00edfico (arXiv.org)<\/a><\/p>\n\n\n\n<h3 class=\"wp-block-heading\">Saiba mais:<\/h3>\n\n\n\n<p><strong>Universo:<\/strong><br><a href=\"https:\/\/en.wikipedia.org\/wiki\/Accelerating_expansion_of_the_universe\" target=\"_blank\" rel=\"noreferrer noopener\">A expans\u00e3o acelerada do Universo (Wikipedia)<\/a><br><a href=\"http:\/\/en.wikipedia.org\/wiki\/Universe\" target=\"_blank\" rel=\"noreferrer noopener\">Universo (Wikipedia)<\/a><br><a href=\"http:\/\/en.wikipedia.org\/wiki\/Age_of_the_universe\" target=\"_blank\" rel=\"noreferrer noopener\">Idade do Universo (Wikipedia)<\/a><br><a href=\"http:\/\/en.wikipedia.org\/wiki\/Large-scale_structure_of_the_universe\" target=\"_blank\" rel=\"noreferrer noopener\">Estrutura a grande-escala do Universo (Wikipedia)<\/a><br><a href=\"http:\/\/en.wikipedia.org\/wiki\/Big_Bang\" target=\"_blank\" rel=\"noreferrer noopener\">Big Bang (Wikipedia)<\/a><br><a href=\"http:\/\/en.wikipedia.org\/wiki\/Timeline_of_the_Big_Bang\" target=\"_blank\" rel=\"noreferrer noopener\">Cronologia do Big Bang (Wikipedia)<\/a><br><a href=\"https:\/\/en.wikipedia.org\/wiki\/Lambda-CDM_model\" target=\"_blank\" rel=\"noreferrer noopener\">Modelo Lambda-CDM (Wikipedia)<\/a><\/p>\n\n\n\n<p><strong>Radia\u00e7\u00e3o c\u00f3smica de fundo em micro-ondas:<\/strong><br><a href=\"https:\/\/pt.wikipedia.org\/wiki\/Radia%C3%A7%C3%A3o_c%C3%B3smica_de_fundo_em_micro-ondas\" target=\"_blank\" rel=\"noreferrer noopener\">Wikipedia<\/a><\/p>\n\n\n\n<p><strong>BICEP3:<\/strong><br><a href=\"http:\/\/bicepkeck.org\/\" target=\"_blank\" rel=\"noreferrer noopener\">P\u00e1gina principal<\/a><br><a href=\"http:\/\/www.cfa.harvard.edu\/CMB\/bicep3\/\" target=\"_blank\" rel=\"noreferrer noopener\">Centro Harvard-Smithsonian para Astrof\u00edsica<\/a><br><a href=\"http:\/\/en.wikipedia.org\/wiki\/BICEP_and_Keck_Array\" target=\"_blank\" rel=\"noreferrer noopener\">Wikipedia<\/a><\/p>\n\n\n\n<p><strong>Observat\u00f3rio Planck:<\/strong><br><a href=\"http:\/\/sci.esa.int\/science-e\/www\/area\/index.cfm?fareaid=17\" target=\"_blank\" rel=\"noreferrer noopener\">ESA (ci\u00eancia e tecnologia)<\/a><br><a href=\"http:\/\/www.cosmos.esa.int\/web\/planck\" target=\"_blank\" rel=\"noreferrer noopener\">ESA (centro cient\u00edfico)<\/a><br><a href=\"http:\/\/www.esa.int\/SPECIALS\/Operations\/SEM45HZTIVE_0.html\" target=\"_blank\" rel=\"noreferrer noopener\">ESA (p\u00e1gina de opera\u00e7\u00f5es)<\/a><br><a href=\"http:\/\/www.nasa.gov\/mission_pages\/planck\/index.html\" target=\"_blank\" rel=\"noreferrer noopener\">NASA<\/a><br><a href=\"http:\/\/pla.esac.esa.int\/pla\/#home\" target=\"_blank\" rel=\"noreferrer noopener\">Arquivo do Legado Planck (ESA)<\/a><br><a href=\"http:\/\/en.wikipedia.org\/wiki\/Planck_(telescope)\" target=\"_blank\" rel=\"noreferrer noopener\">Wikipedia<\/a><\/p>\n\n\n\n<p><strong>WMAP:<\/strong><br><a href=\"http:\/\/wmap.gsfc.nasa.gov\/\" target=\"_blank\" rel=\"noreferrer noopener\">NASA<\/a><br><a href=\"http:\/\/en.wikipedia.org\/wiki\/Wmap\" target=\"_blank\" rel=\"noreferrer noopener\">Wikipedia<\/a><\/p>\n","protected":false},"excerpt":{"rendered":"<p>O telesc\u00f3pio BICEP3 localizado na Esta\u00e7\u00e3o Amundsen-Scott no Polo Sul, Ant\u00e1rtica. A &#8220;saia &#8220;de metal em torno do telesc\u00f3pio protege-o da luz refletida pelo gelo circundante. Os novos resultados da an\u00e1lise de dados do BICEP3, juntamento com dados anteriores e conjuntos de dados de miss\u00f5es espaciais melhoraram as restri\u00e7\u00f5es anteriores sobre os tipos de modelos &hellip;<\/p>\n","protected":false},"author":1,"featured_media":4532,"comment_status":"open","ping_status":"open","sticky":false,"template":"","format":"standard","meta":{"footnotes":""},"categories":[62,16,1],"tags":[1176,466,329,330,145],"class_list":["post-4531","post","type-post","status-publish","format-standard","has-post-thumbnail","","category-cosmologia","category-sondas-missoes-espaciais","category-telescopios-profissionais","tag-bicep3","tag-cmb","tag-expansao-do-universo","tag-planck","tag-wmap"],"_links":{"self":[{"href":"https:\/\/ccvalg.pt\/astronomia\/wordpress\/wp-json\/wp\/v2\/posts\/4531","targetHints":{"allow":["GET"]}}],"collection":[{"href":"https:\/\/ccvalg.pt\/astronomia\/wordpress\/wp-json\/wp\/v2\/posts"}],"about":[{"href":"https:\/\/ccvalg.pt\/astronomia\/wordpress\/wp-json\/wp\/v2\/types\/post"}],"author":[{"embeddable":true,"href":"https:\/\/ccvalg.pt\/astronomia\/wordpress\/wp-json\/wp\/v2\/users\/1"}],"replies":[{"embeddable":true,"href":"https:\/\/ccvalg.pt\/astronomia\/wordpress\/wp-json\/wp\/v2\/comments?post=4531"}],"version-history":[{"count":1,"href":"https:\/\/ccvalg.pt\/astronomia\/wordpress\/wp-json\/wp\/v2\/posts\/4531\/revisions"}],"predecessor-version":[{"id":4533,"href":"https:\/\/ccvalg.pt\/astronomia\/wordpress\/wp-json\/wp\/v2\/posts\/4531\/revisions\/4533"}],"wp:featuredmedia":[{"embeddable":true,"href":"https:\/\/ccvalg.pt\/astronomia\/wordpress\/wp-json\/wp\/v2\/media\/4532"}],"wp:attachment":[{"href":"https:\/\/ccvalg.pt\/astronomia\/wordpress\/wp-json\/wp\/v2\/media?parent=4531"}],"wp:term":[{"taxonomy":"category","embeddable":true,"href":"https:\/\/ccvalg.pt\/astronomia\/wordpress\/wp-json\/wp\/v2\/categories?post=4531"},{"taxonomy":"post_tag","embeddable":true,"href":"https:\/\/ccvalg.pt\/astronomia\/wordpress\/wp-json\/wp\/v2\/tags?post=4531"}],"curies":[{"name":"wp","href":"https:\/\/api.w.org\/{rel}","templated":true}]}}