{"id":4235,"date":"2021-06-15T15:45:50","date_gmt":"2021-06-15T14:45:50","guid":{"rendered":"http:\/\/ccvalg.pt\/astronomia\/wordpress\/?p=4235"},"modified":"2021-06-15T15:45:51","modified_gmt":"2021-06-15T14:45:51","slug":"alma-descobre-a-mais-antiga-tempestade-de-um-buraco-negro","status":"publish","type":"post","link":"https:\/\/ccvalg.pt\/astronomia\/wordpress\/2021\/06\/15\/alma-descobre-a-mais-antiga-tempestade-de-um-buraco-negro\/","title":{"rendered":"ALMA descobre a mais antiga &#8220;tempestade&#8221; de um buraco negro"},"content":{"rendered":"\n<p>Investigadores, recorrendo ao ALMA (Atacama Large Millimeter\/submillimeter Array), descobriram um vento gal\u00e1ctico tit\u00e2nico impulsionado por um buraco negro supermassivo h\u00e1 13,1 mil milh\u00f5es de anos. Este \u00e9 o exemplo mais antigo at\u00e9 agora observado de tal vento e \u00e9 um sinal revelador de que os buracos negros enormes t\u00eam um efeito profundo no crescimento das gal\u00e1xias desde o in\u00edcio da hist\u00f3ria do Universo.<\/p>\n\n\n\n<p>No centro de muitas gal\u00e1xias grandes esconde-se um buraco negro supermassivo que \u00e9 milh\u00f5es a milhares de milh\u00f5es de vezes mais massivo do que o Sol. Curiosamente, a massa do buraco negro \u00e9 aproximadamente proporcional \u00e0 massa da regi\u00e3o central (bojo) da gal\u00e1xia no Universo pr\u00f3ximo. \u00c0 primeira vista, isto pode parecer \u00f3bvio, mas na realidade \u00e9 muito estranho. A raz\u00e3o \u00e9 que os tamanhos das gal\u00e1xias e dos buracos negros diferem em cerca de dez ordens de magnitude. Com base nesta rela\u00e7\u00e3o proporcional entre as massas de dois objetos de tamanhos t\u00e3o diferentes, os astr\u00f3nomos pensam que as gal\u00e1xias e os buracos negros cresceram e evolu\u00edram juntos (coevolu\u00e7\u00e3o) por meio de algum tipo de intera\u00e7\u00e3o f\u00edsica.<\/p>\n\n\n\n<div class=\"wp-block-image\"><figure class=\"aligncenter size-large\"><a href=\"https:\/\/images2.imgbox.com\/6e\/2e\/IDZRD6ei_o.png\"><img loading=\"lazy\" decoding=\"async\" width=\"1024\" height=\"717\" src=\"https:\/\/ccvalg.pt\/astronomia\/wordpress\/wp-content\/uploads\/2021\/06\/IDZRD6ei_o-1024x717.png\" alt=\"\" class=\"wp-image-4236\" srcset=\"https:\/\/ccvalg.pt\/astronomia\/wordpress\/wp-content\/uploads\/2021\/06\/IDZRD6ei_o-1024x717.png 1024w, https:\/\/ccvalg.pt\/astronomia\/wordpress\/wp-content\/uploads\/2021\/06\/IDZRD6ei_o-300x210.png 300w, https:\/\/ccvalg.pt\/astronomia\/wordpress\/wp-content\/uploads\/2021\/06\/IDZRD6ei_o-768x538.png 768w, https:\/\/ccvalg.pt\/astronomia\/wordpress\/wp-content\/uploads\/2021\/06\/IDZRD6ei_o.png 1536w\" sizes=\"auto, (max-width: 1024px) 100vw, 1024px\" \/><\/a><figcaption>Impress\u00e3o de artista de um vento gal\u00e1ctico impulsionado por um buraco negro supermassivo no centro de uma gal\u00e1xia. A energia intensa emanada pelo buraco negro cria um fluxo gasoso \u00e0 escala gal\u00e1ctica que &#8220;sopra&#8221; para fora a mat\u00e9ria interestelar, a mat\u00e9ria-prima da forma\u00e7\u00e3o estelar.<br>Cr\u00e9dito: ALMA (ESO\/NAOJ\/NRAO)<\/figcaption><\/figure><\/div>\n\n\n\n<p>Um vento gal\u00e1ctico pode fornecer este tipo de intera\u00e7\u00e3o f\u00edsica entre buracos negros e gal\u00e1xias. Um buraco negro supermassivo engole uma grande quantidade de mat\u00e9ria. Conforme essa mat\u00e9ria come\u00e7a a mover-se a alta velocidade devido \u00e0 gravidade do buraco negro, ela emite energia intensa, que pode empurrar a mat\u00e9ria circundante para fora. \u00c9 assim que o vento gal\u00e1ctico \u00e9 criado.<\/p>\n\n\n\n<p>&#8220;A quest\u00e3o \u00e9 saber quando os ventos gal\u00e1cticos passaram a existir no Universo,&#8221; diz Takuma Izumi, autor principal do artigo cient\u00edfico e investigador do NAOJ (National Astronomical Observatory of Japan). &#8220;Esta \u00e9 uma quest\u00e3o importante porque est\u00e1 relacionada com um problema importante na astronomia: como \u00e9 que as gal\u00e1xias e os buracos negros supermassivos coevolu\u00edram?&#8221;<\/p>\n\n\n\n<p>A equipa de investiga\u00e7\u00e3o usou primeiro o Telesc\u00f3pio Subaru do NAOJ para procurar buracos negros supermassivos. Gra\u00e7as \u00e0 sua capacidade de observa\u00e7\u00e3o de campo amplo, encontraram mais de 100 gal\u00e1xias com buracos negros supermassivos no Universo h\u00e1 mais de 13 mil milh\u00f5es de anos.<\/p>\n\n\n\n<p>De seguida, a equipa de investiga\u00e7\u00e3o usou a alta sensibilidade do ALMA para investigar o movimento do g\u00e1s nas gal\u00e1xias hospedeiras dos buracos negros. O ALMA observou uma gal\u00e1xia de nome HSC J124353.93+010038.5 (J1243+0100 para abreviar), descoberta pelo Telesc\u00f3pio Subaru, e capturou ondas de r\u00e1dio emitidas pela poeira e por i\u00f5es de carbono na gal\u00e1xia.<\/p>\n\n\n\n<div class=\"wp-block-image\"><figure class=\"aligncenter size-large\"><a href=\"https:\/\/images2.imgbox.com\/41\/8a\/jAYAQj9N_o.jpg\"><img decoding=\"async\" src=\"https:\/\/images2.imgbox.com\/41\/8a\/jAYAQj9N_o.jpg\" alt=\"\"\/><\/a><figcaption>Imagem ALMA da distante gal\u00e1xia J1243+0100, que alberga um buraco negro supermassivo no seu centro. A distribui\u00e7\u00e3o do g\u00e1s &#8220;calmo&#8221; na gal\u00e1xia \u00e9 vista a amarelo, e a distribui\u00e7\u00e3o do vento gal\u00e1ctico de alta velocidade \u00e9 mostrado a azul. O vento est\u00e1 localizado no centro da gal\u00e1xia, o que indica que o buraco negro supermassivo impulsiona-o.<br>Cr\u00e9dito: ALMA (ESO\/NAOJ\/NRAO), Izumi et al.<\/figcaption><\/figure><\/div>\n\n\n\n<p>A an\u00e1lise detalhada dos dados do ALMA revelou que em J1243+0100 existe um fluxo de g\u00e1s de alta velocidade, movendo-se a 500 km por segundo. Este fluxo gasoso tem energia suficiente para afastar o material estelar da gal\u00e1xia e interromper a atividade de forma\u00e7\u00e3o estelar. O fluxo de g\u00e1s encontrado neste estudo \u00e9 verdadeiramente um vento gal\u00e1ctico, e \u00e9 o exemplo mais antigo observado de uma gal\u00e1xia com um vento enorme de tamanho gal\u00e1ctico. O detentor anterior do recorde era uma gal\u00e1xia h\u00e1 cerca de 13 mil milh\u00f5es de anos, de modo que esta observa\u00e7\u00e3o empurra o in\u00edcio outros 100 milh\u00f5es de anos.<\/p>\n\n\n\n<p>A equipa tamb\u00e9m mediu o movimento do g\u00e1s silencioso em J1243+0100 e estimou a massa do bojo da gal\u00e1xia, com base no seu equil\u00edbrio gravitacional, em cerca de 30 mil milh\u00f5es de massas solares. A massa do buraco negro supermassivo da gal\u00e1xia, estimada por outro m\u00e9todo, equivale a 1% desse valor. A propor\u00e7\u00e3o da massa do bojo para a do buraco negro supermassivo nesta gal\u00e1xia \u00e9 quase id\u00eantica \u00e0 propor\u00e7\u00e3o da massa dos buracos negros para a das gal\u00e1xias no Universo moderno. Isto implica que a coevolu\u00e7\u00e3o dos buracos negros supermassivos e das gal\u00e1xias tem vindo a ocorrer desde menos de mil milh\u00f5es de anos ap\u00f3s o nascimento do Universo.<\/p>\n\n\n\n<p>&#8220;As nossas observa\u00e7\u00f5es suportam recentes simula\u00e7\u00f5es de computador de alta precis\u00e3o que previram que as rela\u00e7\u00f5es coevolucion\u00e1rias existiam mesmo h\u00e1 cerca de 13 mil milh\u00f5es de anos,&#8221; comenta Izumi. &#8220;Estamos a planear observar um grande n\u00famero de tais objetos no futuro e esperamos esclarecer se a coevolu\u00e7\u00e3o primordial vista neste objeto \u00e9 ou n\u00e3o uma imagem precisa do Universo naquela \u00e9poca.&#8221;<\/p>\n\n\n\n<p><a rel=\"noreferrer noopener\" href=\"https:\/\/www.almaobservatory.org\/en\/press-releases\/alma-discovers-earliest-gigantic-black-hole-storm\/\" target=\"_blank\">\/\/ Observat\u00f3rio ALMA (comunicado de imprensa)<\/a><br><a rel=\"noreferrer noopener\" href=\"https:\/\/alma-telescope.jp\/en\/news\/press\/bhwind-202106\" target=\"_blank\">\/\/ ALMA\/NAOJ (comunicado de imprensa)<\/a><br><a rel=\"noreferrer noopener\" href=\"https:\/\/arxiv.org\/abs\/2104.05738\" target=\"_blank\">\/\/ Artigo cient\u00edfico (arXiv.org)<\/a><\/p>\n\n\n\n<h4 class=\"wp-block-heading\">Saiba mais:<\/h4>\n\n\n\n<p><strong>Buraco negro supermassivo:<\/strong><br><a href=\"http:\/\/en.wikipedia.org\/wiki\/Supermassive_black_hole\" target=\"_blank\" rel=\"noreferrer noopener\">Wikipedia<\/a><\/p>\n\n\n\n<p><strong>ALMA:<\/strong><br><a href=\"http:\/\/www.almaobservatory.org\/\" target=\"_blank\" rel=\"noreferrer noopener\">P\u00e1gina principal<\/a><br><a href=\"http:\/\/www.nrao.edu\/index.php\/about\/facilities\/alma\" target=\"_blank\" rel=\"noreferrer noopener\">ALMA (NRAO)<\/a><br><a href=\"https:\/\/alma-telescope.jp\/en\/\" target=\"_blank\" rel=\"noreferrer noopener\">ALMA (NAOJ)<\/a><br><a href=\"http:\/\/www.eso.org\/public\/teles-instr\/alma.html\" target=\"_blank\" rel=\"noreferrer noopener\">ALMA (ESO)<\/a><br><a href=\"http:\/\/en.wikipedia.org\/wiki\/Atacama_Large_Millimeter_Array\" target=\"_blank\" rel=\"noreferrer noopener\">Wikipedia<\/a><\/p>\n\n\n\n<p><strong>Telesc\u00f3pio Subaru:<\/strong><br><a href=\"http:\/\/www.naoj.org\/\" target=\"_blank\" rel=\"noreferrer noopener\">NAOJ<\/a><br><a href=\"http:\/\/en.wikipedia.org\/wiki\/Subaru_Telescope\" target=\"_blank\" rel=\"noreferrer noopener\">Wikipedia<\/a><\/p>\n","protected":false},"excerpt":{"rendered":"<p>Investigadores, recorrendo ao ALMA (Atacama Large Millimeter\/submillimeter Array), descobriram um vento gal\u00e1ctico tit\u00e2nico impulsionado por um buraco negro supermassivo h\u00e1 13,1 mil milh\u00f5es de anos. Este \u00e9 o exemplo mais antigo at\u00e9 agora observado de tal vento e \u00e9 um sinal revelador de que os buracos negros enormes t\u00eam um efeito profundo no crescimento das &hellip;<\/p>\n","protected":false},"author":1,"featured_media":4236,"comment_status":"open","ping_status":"open","sticky":false,"template":"","format":"standard","meta":{"footnotes":""},"categories":[151,1],"tags":[305,192,1103,384],"class_list":["post-4235","post","type-post","status-publish","format-standard","has-post-thumbnail","","category-buracos-negros","category-telescopios-profissionais","tag-alma","tag-buraco-negro","tag-j12430100","tag-telescopio-subaru"],"_links":{"self":[{"href":"https:\/\/ccvalg.pt\/astronomia\/wordpress\/wp-json\/wp\/v2\/posts\/4235","targetHints":{"allow":["GET"]}}],"collection":[{"href":"https:\/\/ccvalg.pt\/astronomia\/wordpress\/wp-json\/wp\/v2\/posts"}],"about":[{"href":"https:\/\/ccvalg.pt\/astronomia\/wordpress\/wp-json\/wp\/v2\/types\/post"}],"author":[{"embeddable":true,"href":"https:\/\/ccvalg.pt\/astronomia\/wordpress\/wp-json\/wp\/v2\/users\/1"}],"replies":[{"embeddable":true,"href":"https:\/\/ccvalg.pt\/astronomia\/wordpress\/wp-json\/wp\/v2\/comments?post=4235"}],"version-history":[{"count":1,"href":"https:\/\/ccvalg.pt\/astronomia\/wordpress\/wp-json\/wp\/v2\/posts\/4235\/revisions"}],"predecessor-version":[{"id":4237,"href":"https:\/\/ccvalg.pt\/astronomia\/wordpress\/wp-json\/wp\/v2\/posts\/4235\/revisions\/4237"}],"wp:featuredmedia":[{"embeddable":true,"href":"https:\/\/ccvalg.pt\/astronomia\/wordpress\/wp-json\/wp\/v2\/media\/4236"}],"wp:attachment":[{"href":"https:\/\/ccvalg.pt\/astronomia\/wordpress\/wp-json\/wp\/v2\/media?parent=4235"}],"wp:term":[{"taxonomy":"category","embeddable":true,"href":"https:\/\/ccvalg.pt\/astronomia\/wordpress\/wp-json\/wp\/v2\/categories?post=4235"},{"taxonomy":"post_tag","embeddable":true,"href":"https:\/\/ccvalg.pt\/astronomia\/wordpress\/wp-json\/wp\/v2\/tags?post=4235"}],"curies":[{"name":"wp","href":"https:\/\/api.w.org\/{rel}","templated":true}]}}