{"id":4187,"date":"2021-05-28T06:32:23","date_gmt":"2021-05-28T05:32:23","guid":{"rendered":"http:\/\/ccvalg.pt\/astronomia\/wordpress\/?p=4187"},"modified":"2021-05-28T06:32:25","modified_gmt":"2021-05-28T05:32:25","slug":"a-via-lactea-move-se-como-um-piao","status":"publish","type":"post","link":"https:\/\/ccvalg.pt\/astronomia\/wordpress\/2021\/05\/28\/a-via-lactea-move-se-como-um-piao\/","title":{"rendered":"A Via L\u00e1ctea move-se como um pi\u00e3o?"},"content":{"rendered":"\n<p>Uma investiga\u00e7\u00e3o realizada pelos astrof\u00edsicos do IAC (Instituto de Astrof\u00edsica de Canarias) \u017dofia Chrob\u00e1kov\u00e1, estudante de doutoramento da Universidade de La Laguna, e Martin L\u00f3pez Corredoira, questiona um dos achados mais interessantes dos \u00faltimos anos no que toca \u00e0 din\u00e2mica da Via L\u00e1ctea: a precess\u00e3o, ou oscila\u00e7\u00e3o no eixo de rota\u00e7\u00e3o na deforma\u00e7\u00e3o do disco, est\u00e1 incorreta. Os resultados foram publicados na revista The Astrophysical Journal.<\/p>\n\n\n\n<p>A Via L\u00e1ctea \u00e9 uma gal\u00e1xia espiral, o que significa que \u00e9 composta, entre outros componentes, por um disco de estrelas, g\u00e1s e poeira no qual est\u00e3o contidos os bra\u00e7os espirais. Ao in\u00edcio, pensava-se que o disco era completamente plano, mas j\u00e1 h\u00e1 algumas d\u00e9cadas que se sabe que a parte mais externa do disco est\u00e1 distorcida: numa dire\u00e7\u00e3o \u00e9 deformada para cima, e na dire\u00e7\u00e3o oposta est\u00e1 deformada para baixo. As estrelas, o g\u00e1s e a poeira est\u00e3o todos deformados e, portanto, n\u00e3o est\u00e3o no mesmo plano que a parte interna do disco, e um eixo perpendicular aos planos da deforma\u00e7\u00e3o define a sua rota\u00e7\u00e3o.<\/p>\n\n\n\n<div class=\"wp-block-image\"><figure class=\"aligncenter size-large\"><a href=\"https:\/\/www.iac.es\/sites\/default\/files\/styles\/color\/public\/images\/news\/glx_precesion_1920x1080_02.jpg?itok=SNDPapGi\"><img loading=\"lazy\" decoding=\"async\" width=\"1024\" height=\"576\" src=\"https:\/\/ccvalg.pt\/astronomia\/wordpress\/wp-content\/uploads\/2021\/05\/glx-precesion-1920x1080-02-1024x576.jpg\" alt=\"\" class=\"wp-image-4188\" srcset=\"https:\/\/ccvalg.pt\/astronomia\/wordpress\/wp-content\/uploads\/2021\/05\/glx-precesion-1920x1080-02-1024x576.jpg 1024w, https:\/\/ccvalg.pt\/astronomia\/wordpress\/wp-content\/uploads\/2021\/05\/glx-precesion-1920x1080-02-300x169.jpg 300w, https:\/\/ccvalg.pt\/astronomia\/wordpress\/wp-content\/uploads\/2021\/05\/glx-precesion-1920x1080-02-768x432.jpg 768w, https:\/\/ccvalg.pt\/astronomia\/wordpress\/wp-content\/uploads\/2021\/05\/glx-precesion-1920x1080-02.jpg 1280w\" sizes=\"auto, (max-width: 1024px) 100vw, 1024px\" \/><\/a><figcaption>Representa\u00e7\u00e3o gr\u00e1fica da precess\u00e3o da deforma\u00e7\u00e3o no disco da Via L\u00e1ctea.<br>Cr\u00e9dito: Gabriel P\u00e9rez D\u00edaz, SMM (IAC)<\/figcaption><\/figure><\/div>\n\n\n\n<p>Em 2020, uma investiga\u00e7\u00e3o anunciou a dete\u00e7\u00e3o da precess\u00e3o da deforma\u00e7\u00e3o do disco da Via L\u00e1ctea, o que significa que esta regi\u00e3o externa n\u00e3o \u00e9 est\u00e1tica, mas que, assim como um pi\u00e3o, a orienta\u00e7\u00e3o do seu pr\u00f3prio eixo est\u00e1 a girar ao longo do tempo. Al\u00e9m disso, estes investigadores descobriram que era mais r\u00e1pida do que as teorias previram, um ciclo a cada 600-700 milh\u00f5es de anos, cerca de tr\u00eas vezes o tempo que o Sol leva para viajar uma vez em torno do centro da Gal\u00e1xia.<\/p>\n\n\n\n<p>A precess\u00e3o n\u00e3o \u00e9 um fen\u00f3meno que ocorre apenas em gal\u00e1xias, mas tamb\u00e9m ocorre no nosso planeta. Assim como a sua \u00f3rbita em torno do Sol, e do seu per\u00edodo de rota\u00e7\u00e3o de 24 horas, o eixo da Terra sofre o efeito de precess\u00e3o, o que implica que o polo celeste nem sempre est\u00e1 apontado para a atual estrela polar, mas que tamb\u00e9m (por exemplo) h\u00e1 14.000 anos estava perto da estrela Vega.<\/p>\n\n\n\n<p>Agora, um novo estudo por \u017dofia Chrob\u00e1kov\u00e1 e Mart\u00edn L\u00f3pez Corredoira levou em considera\u00e7\u00e3o a varia\u00e7\u00e3o da amplitude da deforma\u00e7\u00e3o com a idade das estrelas. O estudo conclui que, usando a deforma\u00e7\u00e3o das estrelas antigas cujas velocidades foram medidas, \u00e9 poss\u00edvel que a precess\u00e3o possa desaparecer, ou pelo menos tornar-se mais lenta do que se pensa ser atualmente. Para chegar a este resultado, os investigadores usaram dados da miss\u00e3o Gaia da ESA, analisando as posi\u00e7\u00f5es e as velocidades de centenas de milh\u00f5es de estrelas no disco externo.<\/p>\n\n\n\n<p>&#8220;N\u00e3o havia sido notado em estudos anteriores&#8221;, explica \u017dofia Chrob\u00e1kov\u00e1, investigadora pr\u00e9-doutorada do IAC e autora principal do artigo, &#8220;que as estrelas com apenas algumas dezenas de milh\u00f5es de anos, como as Cefeidas, t\u00eam uma deforma\u00e7\u00e3o muito maior do que a das estrelas vis\u00edveis com a miss\u00e3o Gaia, que t\u00eam milhares de milh\u00f5es de anos.&#8221;<\/p>\n\n\n\n<p>&#8220;Isto n\u00e3o significa necessariamente que a deforma\u00e7\u00e3o n\u00e3o sofre precess\u00e3o, pode faz\u00ea-lo, mas muito mais lentamente, e provavelmente n\u00e3o podemos medir este movimento at\u00e9 obtermos dados melhores&#8221;, conclui Mart\u00edn L\u00f3pez Corredoira, investigador do IAC e coautor do artigo.<\/p>\n\n\n\n<figure class=\"wp-block-embed is-type-video is-provider-youtube wp-block-embed-youtube wp-embed-aspect-16-9 wp-has-aspect-ratio\"><div class=\"wp-block-embed__wrapper\">\n<iframe loading=\"lazy\" title=\"Representaci\u00f3n gr\u00e1fica del alabeo del disco de la V\u00eda L\u00e1ctea precesando\" width=\"618\" height=\"348\" src=\"https:\/\/www.youtube.com\/embed\/sYkMSOd_3_g?feature=oembed\" frameborder=\"0\" allow=\"accelerometer; autoplay; clipboard-write; encrypted-media; gyroscope; picture-in-picture; web-share\" referrerpolicy=\"strict-origin-when-cross-origin\" allowfullscreen><\/iframe>\n<\/div><\/figure>\n\n\n\n<p><a rel=\"noreferrer noopener\" href=\"https:\/\/www.iac.es\/en\/outreach\/news\/does-milky-way-move-spinning-top\" target=\"_blank\">\/\/ IAC (comunicado de imprensa)<\/a><br><a rel=\"noreferrer noopener\" href=\"https:\/\/iopscience.iop.org\/article\/10.3847\/1538-4357\/abf356\" target=\"_blank\">\/\/ Artigo cient\u00edfico (The Astrophysical Journal)<\/a><br><a rel=\"noreferrer noopener\" href=\"https:\/\/arxiv.org\/abs\/2105.04348\" target=\"_blank\">\/\/ Artigo cient\u00edfico (arXiv.org)<\/a><\/p>\n\n\n\n<h4 class=\"wp-block-heading\">Saiba mais:<\/h4>\n\n\n\n<p><strong>Via L\u00e1ctea:<\/strong><br><a rel=\"noreferrer noopener\" href=\"http:\/\/en.wikipedia.org\/wiki\/Milky_Way\" target=\"_blank\">Wikipedia<\/a><br><a rel=\"noreferrer noopener\" href=\"http:\/\/messier.seds.org\/more\/mw.html\" target=\"_blank\">SEDS<\/a><\/p>\n\n\n\n<p><strong>Precess\u00e3o:<\/strong><br><a href=\"https:\/\/en.wikipedia.org\/wiki\/Precession\" target=\"_blank\" rel=\"noreferrer noopener\">Wikipedia<\/a><\/p>\n\n\n\n<p><strong>Gaia:<\/strong><br><a href=\"http:\/\/sci.esa.int\/gaia\/\" target=\"_blank\" rel=\"noreferrer noopener\">ESA<\/a><br><a href=\"http:\/\/www.esa.int\/Our_Activities\/Space_Science\/Gaia\" target=\"_blank\" rel=\"noreferrer noopener\">ESA &#8211; 2<\/a><br><a href=\"https:\/\/www.cosmos.esa.int\/web\/gaia\" target=\"_blank\" rel=\"noreferrer noopener\">Gaia\/ESA<\/a><br><a href=\"http:\/\/gsaweb.ast.cam.ac.uk\/alerts\/home\" target=\"_blank\" rel=\"noreferrer noopener\">Programa Alertas de Ci\u00eancia Fotom\u00e9trica do Gaia<\/a><br><a href=\"https:\/\/www.cosmos.esa.int\/web\/gaia\/early-data-release-3\" target=\"_blank\" rel=\"noreferrer noopener\">EDR3 do Gaia<\/a><br><a href=\"http:\/\/www.spaceflight101.com\/gaia-spacecraft-overview.html\" target=\"_blank\" rel=\"noreferrer noopener\">SPACEFLIGHT101<\/a><br><a href=\"http:\/\/en.wikipedia.org\/wiki\/Gaia_(spacecraft)\" target=\"_blank\" rel=\"noreferrer noopener\">Wikipedia<\/a><\/p>\n","protected":false},"excerpt":{"rendered":"<p>Uma investiga\u00e7\u00e3o realizada pelos astrof\u00edsicos do IAC (Instituto de Astrof\u00edsica de Canarias) \u017dofia Chrob\u00e1kov\u00e1, estudante de doutoramento da Universidade de La Laguna, e Martin L\u00f3pez Corredoira, questiona um dos achados mais interessantes dos \u00faltimos anos no que toca \u00e0 din\u00e2mica da Via L\u00e1ctea: a precess\u00e3o, ou oscila\u00e7\u00e3o no eixo de rota\u00e7\u00e3o na deforma\u00e7\u00e3o do disco, &hellip;<\/p>\n","protected":false},"author":1,"featured_media":4188,"comment_status":"open","ping_status":"open","sticky":false,"template":"","format":"standard","meta":{"footnotes":""},"categories":[59],"tags":[311,1091,180],"class_list":["post-4187","post","type-post","status-publish","format-standard","has-post-thumbnail","","category-via-lactea","tag-gaia","tag-precessao","tag-via-lactea"],"_links":{"self":[{"href":"https:\/\/ccvalg.pt\/astronomia\/wordpress\/wp-json\/wp\/v2\/posts\/4187","targetHints":{"allow":["GET"]}}],"collection":[{"href":"https:\/\/ccvalg.pt\/astronomia\/wordpress\/wp-json\/wp\/v2\/posts"}],"about":[{"href":"https:\/\/ccvalg.pt\/astronomia\/wordpress\/wp-json\/wp\/v2\/types\/post"}],"author":[{"embeddable":true,"href":"https:\/\/ccvalg.pt\/astronomia\/wordpress\/wp-json\/wp\/v2\/users\/1"}],"replies":[{"embeddable":true,"href":"https:\/\/ccvalg.pt\/astronomia\/wordpress\/wp-json\/wp\/v2\/comments?post=4187"}],"version-history":[{"count":1,"href":"https:\/\/ccvalg.pt\/astronomia\/wordpress\/wp-json\/wp\/v2\/posts\/4187\/revisions"}],"predecessor-version":[{"id":4189,"href":"https:\/\/ccvalg.pt\/astronomia\/wordpress\/wp-json\/wp\/v2\/posts\/4187\/revisions\/4189"}],"wp:featuredmedia":[{"embeddable":true,"href":"https:\/\/ccvalg.pt\/astronomia\/wordpress\/wp-json\/wp\/v2\/media\/4188"}],"wp:attachment":[{"href":"https:\/\/ccvalg.pt\/astronomia\/wordpress\/wp-json\/wp\/v2\/media?parent=4187"}],"wp:term":[{"taxonomy":"category","embeddable":true,"href":"https:\/\/ccvalg.pt\/astronomia\/wordpress\/wp-json\/wp\/v2\/categories?post=4187"},{"taxonomy":"post_tag","embeddable":true,"href":"https:\/\/ccvalg.pt\/astronomia\/wordpress\/wp-json\/wp\/v2\/tags?post=4187"}],"curies":[{"name":"wp","href":"https:\/\/api.w.org\/{rel}","templated":true}]}}