{"id":4180,"date":"2021-05-25T06:18:30","date_gmt":"2021-05-25T05:18:30","guid":{"rendered":"http:\/\/ccvalg.pt\/astronomia\/wordpress\/?p=4180"},"modified":"2021-05-25T06:18:47","modified_gmt":"2021-05-25T05:18:47","slug":"cientistas-analisam-dados-da-primeira-imagem-de-um-buraco-negro","status":"publish","type":"post","link":"https:\/\/ccvalg.pt\/astronomia\/wordpress\/2021\/05\/25\/cientistas-analisam-dados-da-primeira-imagem-de-um-buraco-negro\/","title":{"rendered":"Cientistas analisam dados da primeira imagem de um buraco negro"},"content":{"rendered":"\n<p>F\u00edsicos te\u00f3ricos da Universidade de Frankfurt analisaram dados do buraco negro M87* como parte da colabora\u00e7\u00e3o EHT (Event Horizon Telescope) para testar a teoria da relatividade geral de Albert Einstein. Segundo os testes, o tamanho e a sombra de M87* est\u00e1 em excelente concord\u00e2ncia como sendo de um buraco negro na relatividade geral, mas define restri\u00e7\u00f5es nas propriedades dos buracos negros noutras teorias. Em 2019, a colabora\u00e7\u00e3o EHT publicou a primeira imagem de um buraco negro localizado no centro da gal\u00e1xia M87.<\/p>\n\n\n\n<div class=\"wp-block-image\"><figure class=\"aligncenter size-large\"><a href=\"https:\/\/i.postimg.cc\/W1hmyV6m\/Bild-Schwarzes-Loch-Theorie.jpg\"><img loading=\"lazy\" decoding=\"async\" width=\"650\" height=\"501\" src=\"https:\/\/ccvalg.pt\/astronomia\/wordpress\/wp-content\/uploads\/2021\/05\/Bild-Schwarzes-Loch-Theorie.jpg\" alt=\"\" class=\"wp-image-4181\" srcset=\"https:\/\/ccvalg.pt\/astronomia\/wordpress\/wp-content\/uploads\/2021\/05\/Bild-Schwarzes-Loch-Theorie.jpg 650w, https:\/\/ccvalg.pt\/astronomia\/wordpress\/wp-content\/uploads\/2021\/05\/Bild-Schwarzes-Loch-Theorie-300x231.jpg 300w\" sizes=\"auto, (max-width: 650px) 100vw, 650px\" \/><\/a><figcaption>Tamanhos do horizonte de eventos para diferentes teorias da gravidade. Todos estes buracos negros provocam sombras escuras que s\u00e3o distingu\u00edveis umas das outras pelo tamanho, mas apenas aquelas que caem na banda cinzenta s\u00e3o compat\u00edveis com as medi\u00e7\u00f5es de M87 de 2017 pelo EHT e, na imagem, o representado a vermelho, em baixo, \u00e9 demasiado pequeno para ser um modelo vi\u00e1vel para M87.<br>Cr\u00e9dito: Prashant Kocherlakota, Luciano Rezzolla (Universidade de Frankfurt e Colabora\u00e7\u00e3o EHT\/ Fiks Film 2021)<\/figcaption><\/figure><\/div>\n\n\n\n<p>Tal como apontado pela primeira vez pelo astr\u00f3nomo Karl Schwarzschild, os buracos negros dobram o espa\u00e7o-tempo a um grau extremo devido \u00e0 sua extraordin\u00e1ria concentra\u00e7\u00e3o de massa, e aquecem tanto a mat\u00e9ria na sua vizinhan\u00e7a que esta come\u00e7a a brilhar. O f\u00edsico da Nova Zel\u00e2ndia Roy Kerr mostrou que a rota\u00e7\u00e3o pode mudar o tamanho do buraco negro e a geometria dos seus arredores. A &#8220;borda&#8221; de um buraco negro \u00e9 conhecida como horizonte de eventos, o limite em torno da concentra\u00e7\u00e3o de massa al\u00e9m do qual a luz e a mat\u00e9ria n\u00e3o podem escapar e que torna o buraco negro, &#8220;negro&#8221;. Os buracos negros, prev\u00ea a teoria, podem ser descritos por um punhado de propriedades: massa, rota\u00e7\u00e3o e uma variedade de poss\u00edveis cargas.<\/p>\n\n\n\n<p>Al\u00e9m dos buracos negros previstos pela teoria da relatividade geral de Einstein, pode-se considerar aqueles inspirados nas teorias das cordas, que descrevem a mat\u00e9ria e todas as part\u00edculas como modos de min\u00fasculas cordas vibrantes. As teorias de buracos negros inspiradas nas cordas preveem a exist\u00eancia de um campo adicional na descri\u00e7\u00e3o da f\u00edsica fundamental, o que leva a modifica\u00e7\u00f5es observ\u00e1veis nos tamanhos dos buracos negros, bem como na curvatura na sua vizinhan\u00e7a.<\/p>\n\n\n\n<p>Os f\u00edsicos Dr. Prashant Kocherlakota e professor Luciano Rezzolla do Instituto de F\u00edsica Te\u00f3rica da Universidade de Frankfurt investigaram agora pela primeira vez como as diferentes teorias encaixam com os dados observacionais do buraco negro M87* no centro da gal\u00e1xia Messier 87. A imagem de M87*, captada em 2019 pela colabora\u00e7\u00e3o EHT (Event Horizon Telescope), foi a primeira prova experimental da exist\u00eancia real de buracos negros ap\u00f3s a medi\u00e7\u00e3o de ondas gravitacionais em 2015.<\/p>\n\n\n\n<p>O resultado destas investiga\u00e7\u00f5es: os dados de M87* est\u00e3o em excelente concord\u00e2ncia com as teorias baseadas em Einstein e, em certa medida, com as teorias baseadas nas cordas. O Dr. Prashant Kocherlakota explica: &#8220;Com os dados registados pela colabora\u00e7\u00e3o EHT, agora podemos testar diferentes teorias da f\u00edsica com imagens de buracos negros. Atualmente, n\u00e3o podemos rejeitar estas teorias ao descrever o tamanho da sombra de M87*, mas os nossos c\u00e1lculos restringem o intervalo de validade destes modelos de buracos negros.&#8221;<\/p>\n\n\n\n<p>O professor Luciano Rezzolla acrescenta: &#8220;A ideia de buracos negros para n\u00f3s, f\u00edsicos te\u00f3ricos, \u00e9 ao mesmo tempo fonte de preocupa\u00e7\u00e3o e de inspira\u00e7\u00e3o. Embora ainda lutemos com algumas das consequ\u00eancias dos buracos negros &#8211; como o horizonte de eventos ou a singularidade &#8211; parecemos sempre ansiosos por encontrar novas solu\u00e7\u00f5es para os buracos negros tamb\u00e9m noutras teorias. Portanto, \u00e9 muito importante obter resultados como os nossos, que determinam o que \u00e9 plaus\u00edvel e o que n\u00e3o \u00e9. Este foi um primeiro passo importante e as nossas restri\u00e7\u00f5es ser\u00e3o aprimoradas \u00e0 medida que novas observa\u00e7\u00f5es forem feitas.&#8221;<\/p>\n\n\n\n<p>Na colabora\u00e7\u00e3o EHT, telesc\u00f3pios de todo o mundo s\u00e3o interligados para formar um telesc\u00f3pio gigante virtual com uma antena do tamanho da pr\u00f3pria Terra. Com a precis\u00e3o deste telesc\u00f3pio, um jornal em Nova Iorque podia ser lido em Berlim.<\/p>\n\n\n\n<figure class=\"wp-block-embed is-type-video is-provider-youtube wp-block-embed-youtube wp-embed-aspect-16-9 wp-has-aspect-ratio\"><div class=\"wp-block-embed__wrapper\">\n<iframe loading=\"lazy\" title=\"Constraining black hole models with EHT observations | Event Horizon Telescope\" width=\"618\" height=\"348\" src=\"https:\/\/www.youtube.com\/embed\/Xf8He6Z1eQU?feature=oembed\" frameborder=\"0\" allow=\"accelerometer; autoplay; clipboard-write; encrypted-media; gyroscope; picture-in-picture; web-share\" referrerpolicy=\"strict-origin-when-cross-origin\" allowfullscreen><\/iframe>\n<\/div><\/figure>\n\n\n\n<p><a rel=\"noreferrer noopener\" href=\"https:\/\/eventhorizontelescope.org\/einsteins-theory-can-explain-black-hole-m87\" target=\"_blank\">\/\/ Colabora\u00e7\u00e3o EHT (comunicado de imprensa)<\/a><br><a rel=\"noreferrer noopener\" href=\"https:\/\/aktuelles.uni-frankfurt.de\/englisch\/scientists-at-goethe-university-and-the-eht-collaboration-analyse-data-from-the-first-image-of-a-black-hole\/\" target=\"_blank\">\/\/ Universidade de Frankfurt (comunicado de imprensa)<\/a><br><a rel=\"noreferrer noopener\" href=\"https:\/\/journals.aps.org\/prd\/abstract\/10.1103\/PhysRevD.103.104047\" target=\"_blank\">\/\/ Artigo cient\u00edfico (Physical Review D)<\/a><br><a rel=\"noreferrer noopener\" href=\"https:\/\/arxiv.org\/abs\/2105.09343\" target=\"_blank\">\/\/ Artigo cient\u00edfico (arXiv.org)<\/a><\/p>\n\n\n\n<h4 class=\"wp-block-heading\">Saiba mais:<\/h4>\n\n\n\n<p><strong>M87*:<\/strong><br><a href=\"https:\/\/en.wikipedia.org\/wiki\/Messier_87#Supermassive_black_hole_M87*\" target=\"_blank\" rel=\"noreferrer noopener\">Wikipedia<\/a><\/p>\n\n\n\n<p><strong>Buraco negro supermassivo:<\/strong><br><a href=\"http:\/\/en.wikipedia.org\/wiki\/Supermassive_black_hole\" target=\"_blank\" rel=\"noreferrer noopener\">Wikipedia<\/a><\/p>\n\n\n\n<p><strong>Teoria da relatividade geral:<\/strong><br><a href=\"https:\/\/en.wikipedia.org\/wiki\/General_relativity\" target=\"_blank\" rel=\"noreferrer noopener\">Wikipedia<\/a><\/p>\n\n\n\n<p><strong>Teoria das cordas:<\/strong><br><a href=\"https:\/\/en.wikipedia.org\/wiki\/String_theory\" target=\"_blank\" rel=\"noreferrer noopener\">Wikipedia<\/a><\/p>\n\n\n\n<p><strong>EHT (Event Horizon Telescope):<\/strong><br><a href=\"http:\/\/www.eventhorizontelescope.org\/\" target=\"_blank\" rel=\"noreferrer noopener\">P\u00e1gina principal<\/a><br><a href=\"https:\/\/en.wikipedia.org\/wiki\/Event_Horizon_Telescope\" target=\"_blank\" rel=\"noreferrer noopener\">Wikipedia<\/a><\/p>\n","protected":false},"excerpt":{"rendered":"<p>F\u00edsicos te\u00f3ricos da Universidade de Frankfurt analisaram dados do buraco negro M87* como parte da colabora\u00e7\u00e3o EHT (Event Horizon Telescope) para testar a teoria da relatividade geral de Albert Einstein. Segundo os testes, o tamanho e a sombra de M87* est\u00e1 em excelente concord\u00e2ncia como sendo de um buraco negro na relatividade geral, mas define &hellip;<\/p>\n","protected":false},"author":1,"featured_media":4181,"comment_status":"open","ping_status":"open","sticky":false,"template":"","format":"standard","meta":{"footnotes":""},"categories":[151,62,1],"tags":[192,323,421,925,149,502],"class_list":["post-4180","post","type-post","status-publish","format-standard","has-post-thumbnail","","category-buracos-negros","category-cosmologia","category-telescopios-profissionais","tag-buraco-negro","tag-eht","tag-m87","tag-m87-2","tag-relatividade-geral","tag-teoria-geral-da-relatividade"],"_links":{"self":[{"href":"https:\/\/ccvalg.pt\/astronomia\/wordpress\/wp-json\/wp\/v2\/posts\/4180","targetHints":{"allow":["GET"]}}],"collection":[{"href":"https:\/\/ccvalg.pt\/astronomia\/wordpress\/wp-json\/wp\/v2\/posts"}],"about":[{"href":"https:\/\/ccvalg.pt\/astronomia\/wordpress\/wp-json\/wp\/v2\/types\/post"}],"author":[{"embeddable":true,"href":"https:\/\/ccvalg.pt\/astronomia\/wordpress\/wp-json\/wp\/v2\/users\/1"}],"replies":[{"embeddable":true,"href":"https:\/\/ccvalg.pt\/astronomia\/wordpress\/wp-json\/wp\/v2\/comments?post=4180"}],"version-history":[{"count":1,"href":"https:\/\/ccvalg.pt\/astronomia\/wordpress\/wp-json\/wp\/v2\/posts\/4180\/revisions"}],"predecessor-version":[{"id":4182,"href":"https:\/\/ccvalg.pt\/astronomia\/wordpress\/wp-json\/wp\/v2\/posts\/4180\/revisions\/4182"}],"wp:featuredmedia":[{"embeddable":true,"href":"https:\/\/ccvalg.pt\/astronomia\/wordpress\/wp-json\/wp\/v2\/media\/4181"}],"wp:attachment":[{"href":"https:\/\/ccvalg.pt\/astronomia\/wordpress\/wp-json\/wp\/v2\/media?parent=4180"}],"wp:term":[{"taxonomy":"category","embeddable":true,"href":"https:\/\/ccvalg.pt\/astronomia\/wordpress\/wp-json\/wp\/v2\/categories?post=4180"},{"taxonomy":"post_tag","embeddable":true,"href":"https:\/\/ccvalg.pt\/astronomia\/wordpress\/wp-json\/wp\/v2\/tags?post=4180"}],"curies":[{"name":"wp","href":"https:\/\/api.w.org\/{rel}","templated":true}]}}