{"id":3690,"date":"2020-11-24T06:25:35","date_gmt":"2020-11-24T06:25:35","guid":{"rendered":"http:\/\/ccvalg.pt\/astronomia\/wordpress\/?p=3690"},"modified":"2020-11-24T06:25:37","modified_gmt":"2020-11-24T06:25:37","slug":"geologia-de-campo-no-equador-de-marte-aponta-para-antiga-megainundacao","status":"publish","type":"post","link":"https:\/\/ccvalg.pt\/astronomia\/wordpress\/2020\/11\/24\/geologia-de-campo-no-equador-de-marte-aponta-para-antiga-megainundacao\/","title":{"rendered":"Geologia de campo no equador de Marte aponta para antiga megainunda\u00e7\u00e3o"},"content":{"rendered":"\n<p>Inunda\u00e7\u00f5es de magnitude inimagin\u00e1vel varreram a Cratera Gale no equador de Marte h\u00e1 cerca de 4 mil milh\u00f5es de anos &#8211; uma descoberta que sugere a possibilidade de que a vida possa ter l\u00e1 existido, de acordo com dados recolhidos pelo rover Curiosity da NASA e analisados num projeto conjunto por cientistas da Universidade Estatal de Jackson, de Cornell, do JPL e da Universidade do Hawaii. A investiga\u00e7\u00e3o foi publicada dia 5 de novembro na revista Nature Scientific Reports.<\/p>\n\n\n\n<p>A furiosa megainunda\u00e7\u00e3o &#8211; provavelmente desencadeada pelo calor de um impacto meteor\u00edtico, que libertou o gelo armazenado na superf\u00edcie marciana &#8211; criou ondula\u00e7\u00f5es gigantescas que s\u00e3o estruturas geol\u00f3gicas reveladoras familiares aos cientistas na Terra.<\/p>\n\n\n\n<figure class=\"wp-block-image\"><a href=\"https:\/\/i.imgur.com\/HQcY25V.jpg\" target=\"_blank\" rel=\"noreferrer noopener\"><img loading=\"lazy\" decoding=\"async\" width=\"1024\" height=\"576\" src=\"https:\/\/ccvalg.pt\/astronomia\/wordpress\/wp-content\/uploads\/2020\/11\/HQcY25V-1024x576.jpg\" alt=\"\" class=\"wp-image-3691\" srcset=\"https:\/\/ccvalg.pt\/astronomia\/wordpress\/wp-content\/uploads\/2020\/11\/HQcY25V-1024x576.jpg 1024w, https:\/\/ccvalg.pt\/astronomia\/wordpress\/wp-content\/uploads\/2020\/11\/HQcY25V-300x169.jpg 300w, https:\/\/ccvalg.pt\/astronomia\/wordpress\/wp-content\/uploads\/2020\/11\/HQcY25V-768x432.jpg 768w, https:\/\/ccvalg.pt\/astronomia\/wordpress\/wp-content\/uploads\/2020\/11\/HQcY25V.jpg 1140w\" sizes=\"auto, (max-width: 1024px) 100vw, 1024px\" \/><\/a><figcaption>Esta composi\u00e7\u00e3o a cores falsas do Monte Sharp dentro da Cratera Gale em Marte mostra aos ge\u00f3logos um ambiente planet\u00e1rio em mudan\u00e7a. Em Marte, o c\u00e9u n\u00e3o \u00e9 azul, mas a imagem foi modificada para parecer ser da Terra para que os cientistas pudessem distinguir entre as camadas de estratifica\u00e7\u00e3o.<br>Cr\u00e9dito: NASA\/JPL-Caltech<\/figcaption><\/figure>\n\n\n\n<p>&#8220;N\u00f3s identific\u00e1mos megainunda\u00e7\u00f5es pela primeira vez usando dados sedimentol\u00f3gicos detalhados observados pelo rover Curiosity,&#8221; disse o coautor Albert G. Fair\u00e9n, astrobi\u00f3logo visitante da Faculdade de Artes e Ci\u00eancias de Cornell. &#8220;Os dep\u00f3sitos deixados por megainunda\u00e7\u00f5es n\u00e3o foram identificados anteriormente com dados de orbitadores.&#8221;<\/p>\n\n\n\n<p>Como \u00e9 o caso na Terra, as caracter\u00edsticas geol\u00f3gicas, incluindo o trabalho da \u00e1gua e do vento, foram temporalmente &#8220;congeladas&#8221; em Marte durante cerca de 4 mil milh\u00f5es de anos. Estas caracter\u00edsticas transmitem processos que moldaram a superf\u00edcie de ambos os planetas no passado.<\/p>\n\n\n\n<p>Este caso inclui a ocorr\u00eancia de caracter\u00edsticas gigantes parecidas com ondas nas camadas sedimentares da Cratera Gale, muitas vezes chamadas &#8220;megaondula\u00e7\u00f5es&#8221; ou antidunas que t\u00eam cerca de 9 metros e espa\u00e7adas cerca de 137 umas das ourtas, de acordo com o autor principal Ezat Heydari, professor de f\u00edsica na Universidade Estatal de Jackson, no estado norte-americano de Mississippi.<\/p>\n\n\n\n<p>As antidunas s\u00e3o indicativas do fluxo de megainunda\u00e7\u00f5es no fundo da Cratera Gale de Marte h\u00e1 cerca de 4 mil milh\u00f5es de anos, que s\u00e3o id\u00eanticas \u00e0s caracter\u00edsticas formadas pelo derreter de gelo na Terra h\u00e1 cerca de 2 milh\u00f5es de anos, disse Heydari.<\/p>\n\n\n\n<p>A causa mais prov\u00e1vel da inunda\u00e7\u00e3o de Marte foi o derretimento de gelo com o calor gerado por um grande impacto, que libertou di\u00f3xido de carbono e metano dos reservat\u00f3rios gelados do planeta. O vapor de \u00e1gua e a liberta\u00e7\u00e3o de gases combinaram-se para produzir um curto per\u00edodo de condi\u00e7\u00f5es quentes e h\u00famidas no Planeta Vermelho.<\/p>\n\n\n\n<p>A condensa\u00e7\u00e3o formou nuvens de vapor de \u00e1gua, que por sua vez criaram chuvas torrenciais, possivelmente por todo o planeta. A \u00e1gua entrou na Cratera Gale, depois combinada com a \u00e1gua que descia pela encosta do Monte Sharp (na Cratera Gale) para produzir enchentes gigantescas que depositaram as cristas de cascalho na Unidade de Plan\u00edcias Hummocky e as forma\u00e7\u00f5es de bandas de cristas e vales na Unidade Estriada.<\/p>\n\n\n\n<p>A equipa cient\u00edfica do rover Curiosity j\u00e1 estabeleceu que a Cratera Gale teve lagos e riachos persistentes no passado. Estes corpos de \u00e1gua duradouros s\u00e3o bons indicadores que a cratera, bem como o Monte Sharp no seu interior, eram capazes de sustentar vida microbiana.<\/p>\n\n\n\n<p>&#8220;No in\u00edcio, Marte era um planeta extremamente ativo de um ponto de vista geol\u00f3gico,&#8221; disse Fair\u00e9n. &#8220;O planeta tinha as condi\u00e7\u00f5es necess\u00e1rias para suportar a presen\u00e7a de \u00e1gua l\u00edquida na superf\u00edcie &#8211; e na Terra, onde h\u00e1 \u00e1gua, h\u00e1 vida.<\/p>\n\n\n\n<p>&#8220;De modo que o jovem Marte era um planeta habit\u00e1vel,&#8221; disse. &#8220;Era habitado? Essa \u00e9 uma pergunta que o pr\u00f3ximo rover Perseverance&#8230; vai ajudar a responder.&#8221;<\/p>\n\n\n\n<p>O Perseverance, que foi lan\u00e7ado a partir de Cabo Canaveral no dia 30 de julho, tem chegada a Marte prevista para o dia 18 de fevereiro de 2021.<\/p>\n\n\n\n<p><a rel=\"noreferrer noopener\" href=\"https:\/\/news.cornell.edu\/stories\/2020\/11\/field-geology-mars-equator-points-ancient-megaflood\" target=\"_blank\">\/\/ Universidade de Cornell (comunicado de imprensa)<\/a><br><a rel=\"noreferrer noopener\" href=\"https:\/\/www.nature.com\/articles\/s41598-020-75665-7\" target=\"_blank\">\/\/ Artigo cient\u00edfico (Nature Scientific Reports)<\/a><\/p>\n\n\n\n<h4 class=\"wp-block-heading\">Saiba mais:<\/h4>\n\n\n\n<p><strong>Marte:<\/strong><br><a rel=\"noreferrer noopener\" href=\"http:\/\/en.wikipedia.org\/wiki\/Mars_%28planet%29\" target=\"_blank\">Wikipedia<\/a><\/p>\n\n\n\n<p><strong>Cratera Gale:<\/strong><br><a href=\"https:\/\/en.wikipedia.org\/wiki\/Gale_(crater)\" target=\"_blank\" rel=\"noreferrer noopener\">Wikipedia<\/a><br><a href=\"https:\/\/en.wikipedia.org\/wiki\/Mount_Sharp\" target=\"_blank\" rel=\"noreferrer noopener\">Monte Sharp (Wikipedia)<\/a><\/p>\n\n\n\n<p><strong>Rover Curiosity (MSL):<\/strong><br><a href=\"http:\/\/www.nasa.gov\/mission_pages\/msl\/index.html\" target=\"_blank\" rel=\"noreferrer noopener\">NASA<\/a><br><a href=\"http:\/\/mars.jpl.nasa.gov\/msl\/\" target=\"_blank\" rel=\"noreferrer noopener\">NASA &#8211; 2<\/a>&nbsp;<br><a href=\"https:\/\/www.facebook.com\/MarsCuriosity\" target=\"_blank\" rel=\"noreferrer noopener\">Facebook<\/a><br><a href=\"https:\/\/twitter.com\/marscuriosity\" target=\"_blank\" rel=\"noreferrer noopener\">Twitter<\/a><br><a href=\"http:\/\/en.wikipedia.org\/wiki\/Mars_Science_Laboratory\" target=\"_blank\" rel=\"noreferrer noopener\">Wikipedia<\/a><\/p>\n\n\n\n<p><strong>Rover Perseverance:<\/strong><br><a href=\"https:\/\/mars.nasa.gov\/mars2020\/\" target=\"_blank\" rel=\"noreferrer noopener\">NASA<\/a><br><a href=\"https:\/\/www.nasa.gov\/mars2020\" target=\"_blank\" rel=\"noreferrer noopener\">NASA &#8211; 2<\/a><br><a href=\"https:\/\/www.facebook.com\/NASAPersevere\/\" target=\"_blank\" rel=\"noreferrer noopener\">Facebook<\/a><br><a href=\"https:\/\/twitter.com\/NASAPersevere\/\" target=\"_blank\" rel=\"noreferrer noopener\">Twitter<\/a><br><a href=\"https:\/\/en.wikipedia.org\/wiki\/Mars_2020\" target=\"_blank\" rel=\"noreferrer noopener\">Wikipedia<\/a><\/p>\n","protected":false},"excerpt":{"rendered":"<p>Inunda\u00e7\u00f5es de magnitude inimagin\u00e1vel varreram a Cratera Gale no equador de Marte h\u00e1 cerca de 4 mil milh\u00f5es de anos &#8211; uma descoberta que sugere a possibilidade de que a vida possa ter l\u00e1 existido, de acordo com dados recolhidos pelo rover Curiosity da NASA e analisados num projeto conjunto por cientistas da Universidade Estatal &hellip;<\/p>\n","protected":false},"author":1,"featured_media":3691,"comment_status":"open","ping_status":"open","sticky":false,"template":"","format":"standard","meta":{"footnotes":""},"categories":[9,16],"tags":[964,4,336,617],"class_list":["post-3690","post","type-post","status-publish","format-standard","has-post-thumbnail","","category-sistema-solar","category-sondas-missoes-espaciais","tag-cratera-gale","tag-marte","tag-rover-curiosity","tag-mars-2020"],"_links":{"self":[{"href":"https:\/\/ccvalg.pt\/astronomia\/wordpress\/wp-json\/wp\/v2\/posts\/3690","targetHints":{"allow":["GET"]}}],"collection":[{"href":"https:\/\/ccvalg.pt\/astronomia\/wordpress\/wp-json\/wp\/v2\/posts"}],"about":[{"href":"https:\/\/ccvalg.pt\/astronomia\/wordpress\/wp-json\/wp\/v2\/types\/post"}],"author":[{"embeddable":true,"href":"https:\/\/ccvalg.pt\/astronomia\/wordpress\/wp-json\/wp\/v2\/users\/1"}],"replies":[{"embeddable":true,"href":"https:\/\/ccvalg.pt\/astronomia\/wordpress\/wp-json\/wp\/v2\/comments?post=3690"}],"version-history":[{"count":1,"href":"https:\/\/ccvalg.pt\/astronomia\/wordpress\/wp-json\/wp\/v2\/posts\/3690\/revisions"}],"predecessor-version":[{"id":3692,"href":"https:\/\/ccvalg.pt\/astronomia\/wordpress\/wp-json\/wp\/v2\/posts\/3690\/revisions\/3692"}],"wp:featuredmedia":[{"embeddable":true,"href":"https:\/\/ccvalg.pt\/astronomia\/wordpress\/wp-json\/wp\/v2\/media\/3691"}],"wp:attachment":[{"href":"https:\/\/ccvalg.pt\/astronomia\/wordpress\/wp-json\/wp\/v2\/media?parent=3690"}],"wp:term":[{"taxonomy":"category","embeddable":true,"href":"https:\/\/ccvalg.pt\/astronomia\/wordpress\/wp-json\/wp\/v2\/categories?post=3690"},{"taxonomy":"post_tag","embeddable":true,"href":"https:\/\/ccvalg.pt\/astronomia\/wordpress\/wp-json\/wp\/v2\/tags?post=3690"}],"curies":[{"name":"wp","href":"https:\/\/api.w.org\/{rel}","templated":true}]}}