{"id":3681,"date":"2020-11-20T06:14:53","date_gmt":"2020-11-20T06:14:53","guid":{"rendered":"http:\/\/ccvalg.pt\/astronomia\/wordpress\/?p=3681"},"modified":"2020-11-20T06:15:03","modified_gmt":"2020-11-20T06:15:03","slug":"blocos-de-construcao-da-vida-podem-formar-se-muito-antes-das-estrelas","status":"publish","type":"post","link":"https:\/\/ccvalg.pt\/astronomia\/wordpress\/2020\/11\/20\/blocos-de-construcao-da-vida-podem-formar-se-muito-antes-das-estrelas\/","title":{"rendered":"Blocos de constru\u00e7\u00e3o da vida podem formar-se muito antes das estrelas"},"content":{"rendered":"\n<p>Uma equipa internacional de cientistas mostrou que a glicina, o amino\u00e1cido mais simples e um importante bloco de constru\u00e7\u00e3o da vida, pode formar-se sob as condi\u00e7\u00f5es adversas que governam a qu\u00edmica no espa\u00e7o.<\/p>\n\n\n\n<p>Os resultados, publicados na revista Nature Astronomy, sugerem que a glicina, e muito provavelmente outros amino\u00e1cidos, formam-se em densas nuvens interestelares muito antes destas se transformarem em novas estrelas e planetas.<\/p>\n\n\n\n<p>Os cometas s\u00e3o o material mais puro no nosso Sistema Solar e refletem a composi\u00e7\u00e3o molecular presente na \u00e9poca em que o nosso Sol e os planetas estavam prestes a se formar. A dete\u00e7\u00e3o de glicina na cabeleira do cometa 67P\/Churyumov-Gerasimenko e em amostras trazidas para a Terra pela miss\u00e3o Stardust sugerem que os amino\u00e1cidos, como a glicina, se formam muito antes das estrelas. No entanto, at\u00e9 recentemente, pensava-se que a forma\u00e7\u00e3o exigia energia, estabelecendo restri\u00e7\u00f5es claras ao ambiente em que pode ser formada.<\/p>\n\n\n\n<figure class=\"wp-block-image\"><a href=\"https:\/\/i.imgur.com\/jjPkgU5.jpg\" target=\"_blank\" rel=\"noreferrer noopener\"><img loading=\"lazy\" decoding=\"async\" width=\"640\" height=\"410\" src=\"https:\/\/ccvalg.pt\/astronomia\/wordpress\/wp-content\/uploads\/2020\/11\/jjPkgU5.jpg\" alt=\"\" class=\"wp-image-3682\" srcset=\"https:\/\/ccvalg.pt\/astronomia\/wordpress\/wp-content\/uploads\/2020\/11\/jjPkgU5.jpg 640w, https:\/\/ccvalg.pt\/astronomia\/wordpress\/wp-content\/uploads\/2020\/11\/jjPkgU5-300x192.jpg 300w\" sizes=\"auto, (max-width: 640px) 100vw, 640px\" \/><\/a><figcaption>Impress\u00e3o de artista da mol\u00e9cula glicina juntamente com nuvens interestelares escuras no laborat\u00f3rio.<br>Cr\u00e9dito: Harold Linnartz<\/figcaption><\/figure>\n\n\n\n<p>No novo estudo, uma equipa internacional de astrof\u00edsicos e modeladores astroqu\u00edmicos baseados principalmente no Laborat\u00f3rio de Astrof\u00edsica do Observat\u00f3rio de Leiden, nos Pa\u00edses Baixos, mostrou que \u00e9 poss\u00edvel que a glicina se forme na superf\u00edcie de gr\u00e3os de poeira gelada, na aus\u00eancia de energia, atrav\u00e9s da &#8220;qu\u00edmica escura&#8221;. Os achados contradizem estudos anteriores que sugeriram que a radia\u00e7\u00e3o UV era necess\u00e1ria para produzir esta mol\u00e9cula.<\/p>\n\n\n\n<p>O Dr. Sergio Ioppolo, da Universidade Queen Mary de Londres e autor principal do artigo, disse: &#8220;A qu\u00edmica escura refere-se \u00e0 qu\u00edmica sem a necessidade de radia\u00e7\u00e3o energ\u00e9tica. No laborat\u00f3rio, fomos capazes de simular as condi\u00e7\u00f5es em nuvens interestelares escuras, onde part\u00edculas frias de poeira s\u00e3o cobertas por finas camadas de gelo e subsequentemente processadas pelo impacto de \u00e1tomos, provocando a fragmenta\u00e7\u00e3o de esp\u00e9cies precursoras e recombina\u00e7\u00e3o de intermedi\u00e1rios reativos.&#8221;<\/p>\n\n\n\n<p><strong>Precursores de outras mol\u00e9culas complexas<\/strong><\/p>\n\n\n\n<p>Os cientistas primeiro mostraram que a metilamina, a esp\u00e9cie precursora da glicina que foi detetada na cabeleira do cometa 67P, podia formar-se. Ent\u00e3o, usando uma configura\u00e7\u00e3o \u00fanica de v\u00e1cuo ultra-alto, equipada com uma s\u00e9rie de linhas de feixe at\u00f3mico e ferramentas de diagn\u00f3stico precisas, foram capazes de confirmar que a glicina tamb\u00e9m poderia ser formada e que a presen\u00e7a de \u00e1gua gelada era essencial neste processo.<\/p>\n\n\n\n<p>Uma investiga\u00e7\u00e3o mais aprofundada usando modelos astroqu\u00edmicos confirmou os resultados experimentais e permitiu aos investigadores extrapolar os dados obtidos numa escala de tempo laboratorial de apenas um dia para as condi\u00e7\u00f5es interestelares, ligando milh\u00f5es de anos. &#8220;A partir daqui, descobrimos que quantidades pequenas mas substanciais de glicina podem ser formadas no espa\u00e7o com o tempo,&#8221; disse a professora Herma Cuppen, da Universidade Radboud, em Nijmegen, que foi respons\u00e1vel por alguns dos estudos de modelagem do artigo.<\/p>\n\n\n\n<p>&#8220;A conclus\u00e3o importante deste trabalho \u00e9 que as mol\u00e9culas consideradas blocos de constru\u00e7\u00e3o da vida j\u00e1 se formam num est\u00e1gio muito anterior ao in\u00edcio da forma\u00e7\u00e3o das estrelas e planetas,&#8221; disse Harold Linnartz, diretor do Laborat\u00f3rio de Astrof\u00edsica do Observat\u00f3rio de Leiden. &#8220;Esta forma\u00e7\u00e3o precoce da glicina, na evolu\u00e7\u00e3o das regi\u00f5es de forma\u00e7\u00e3o estelar, implica que este amino\u00e1cido pode ser formado de uma forma mais ub\u00edqua no espa\u00e7o e est\u00e1 preservado na maior parte do gelo antes da inclus\u00e3o em cometas e planetesimais que comp\u00f5em o material a partir do qual os planetas s\u00e3o feitos.&#8221;<\/p>\n\n\n\n<p>&#8220;Uma vez formada, a glicina tamb\u00e9m pode tornar-se um precursor de outras mol\u00e9culas complexas&#8221;, concluiu o Dr. Ioppolo. &#8220;Seguindo o mesmo mecanismo, em princ\u00edpio, outros grupos funcionais podem ser adicionados \u00e0 &#8216;espinha dorsal&#8217; da glicina, resultando na forma\u00e7\u00e3o de outros amino\u00e1cidos, como a alanina e a serina nas nuvens escuras no espa\u00e7o. No final, este invent\u00e1rio molecular org\u00e2nico enriquecido \u00e9 inclu\u00eddo nos corpos celestes, como cometas, e entregue a planetas jovens, como aconteceu com a nossa Terra e a muitos outros planetas.&#8221;<\/p>\n\n\n\n<p><a rel=\"noreferrer noopener\" href=\"https:\/\/www.qmul.ac.uk\/media\/news\/2020\/se\/building-blocks-of-life-can-form-long-before-stars.html\" target=\"_blank\">\/\/ Universidade Queen Mary de Londres (comunicado de imprensa)<\/a><br><a rel=\"noreferrer noopener\" href=\"https:\/\/www.universiteitleiden.nl\/en\/news\/2020\/11\/glycine-in-space-produced-by-dark-chemistry\" target=\"_blank\">\/\/ Universidade de Leiden (comunicado de imprensa)<\/a><br><a rel=\"noreferrer noopener\" href=\"https:\/\/www.ru.nl\/english\/news-agenda\/news\/vm\/imapp\/2020\/glycine-space-produced-dark-chemistry\/\" target=\"_blank\">\/\/ Universidade Radboud (comunicado de imprensa)<\/a><br><a rel=\"noreferrer noopener\" href=\"https:\/\/www.nature.com\/articles\/s41550-020-01249-0\" target=\"_blank\">\/\/ Artigo cient\u00edfico (Nature Astronomy)<\/a><br><a rel=\"noreferrer noopener\" href=\"https:\/\/arxiv.org\/abs\/2011.06145\" target=\"_blank\">\/\/ Artigo cient\u00edfico (arXiv.org)<\/a><\/p>\n\n\n\n<h4 class=\"wp-block-heading\">Saiba mais:<\/h4>\n\n\n\n<p><strong>Glicina:<\/strong><br><a href=\"https:\/\/en.wikipedia.org\/wiki\/Glycine\" target=\"_blank\" rel=\"noreferrer noopener\">Wikipedia<\/a><\/p>\n\n\n\n<p><strong>Metilamina:<br><\/strong><a href=\"https:\/\/en.wikipedia.org\/wiki\/Methylamine\" target=\"_blank\" rel=\"noreferrer noopener\">Wikipedia<\/a><\/p>\n\n\n\n<p><strong>Cometa 67P\/Churyumov-Gerasimenko:<\/strong><br><a href=\"http:\/\/en.wikipedia.org\/wiki\/67P\/Churyumov%E2%80%93Gerasimenko\" target=\"_blank\" rel=\"noreferrer noopener\">Wikipedia<\/a><br><a href=\"http:\/\/sci.esa.int\/rosetta\/14615-comet-67p\/\" target=\"_blank\" rel=\"noreferrer noopener\">ESA<\/a><\/p>\n\n\n\n<p><strong>Forma\u00e7\u00e3o e evolu\u00e7\u00e3o do Sistema Solar:<\/strong><br><a href=\"http:\/\/en.wikipedia.org\/wiki\/Future_solar_system\" target=\"_blank\" rel=\"noreferrer noopener\">Wikipedia<\/a><\/p>\n","protected":false},"excerpt":{"rendered":"<p>Uma equipa internacional de cientistas mostrou que a glicina, o amino\u00e1cido mais simples e um importante bloco de constru\u00e7\u00e3o da vida, pode formar-se sob as condi\u00e7\u00f5es adversas que governam a qu\u00edmica no espa\u00e7o. Os resultados, publicados na revista Nature Astronomy, sugerem que a glicina, e muito provavelmente outros amino\u00e1cidos, formam-se em densas nuvens interestelares muito &hellip;<\/p>\n","protected":false},"author":1,"featured_media":3682,"comment_status":"open","ping_status":"open","sticky":false,"template":"","format":"standard","meta":{"footnotes":""},"categories":[73],"tags":[353,957,958,413],"class_list":["post-3681","post","type-post","status-publish","format-standard","has-post-thumbnail","","category-astrobiologia","tag-cometa-67p-churyumov-gerasimenko","tag-glicina","tag-metilamina","tag-sistema-solar"],"_links":{"self":[{"href":"https:\/\/ccvalg.pt\/astronomia\/wordpress\/wp-json\/wp\/v2\/posts\/3681","targetHints":{"allow":["GET"]}}],"collection":[{"href":"https:\/\/ccvalg.pt\/astronomia\/wordpress\/wp-json\/wp\/v2\/posts"}],"about":[{"href":"https:\/\/ccvalg.pt\/astronomia\/wordpress\/wp-json\/wp\/v2\/types\/post"}],"author":[{"embeddable":true,"href":"https:\/\/ccvalg.pt\/astronomia\/wordpress\/wp-json\/wp\/v2\/users\/1"}],"replies":[{"embeddable":true,"href":"https:\/\/ccvalg.pt\/astronomia\/wordpress\/wp-json\/wp\/v2\/comments?post=3681"}],"version-history":[{"count":1,"href":"https:\/\/ccvalg.pt\/astronomia\/wordpress\/wp-json\/wp\/v2\/posts\/3681\/revisions"}],"predecessor-version":[{"id":3683,"href":"https:\/\/ccvalg.pt\/astronomia\/wordpress\/wp-json\/wp\/v2\/posts\/3681\/revisions\/3683"}],"wp:featuredmedia":[{"embeddable":true,"href":"https:\/\/ccvalg.pt\/astronomia\/wordpress\/wp-json\/wp\/v2\/media\/3682"}],"wp:attachment":[{"href":"https:\/\/ccvalg.pt\/astronomia\/wordpress\/wp-json\/wp\/v2\/media?parent=3681"}],"wp:term":[{"taxonomy":"category","embeddable":true,"href":"https:\/\/ccvalg.pt\/astronomia\/wordpress\/wp-json\/wp\/v2\/categories?post=3681"},{"taxonomy":"post_tag","embeddable":true,"href":"https:\/\/ccvalg.pt\/astronomia\/wordpress\/wp-json\/wp\/v2\/tags?post=3681"}],"curies":[{"name":"wp","href":"https:\/\/api.w.org\/{rel}","templated":true}]}}