{"id":3671,"date":"2020-11-17T06:14:57","date_gmt":"2020-11-17T06:14:57","guid":{"rendered":"http:\/\/ccvalg.pt\/astronomia\/wordpress\/?p=3671"},"modified":"2020-11-17T06:15:06","modified_gmt":"2020-11-17T06:15:06","slug":"calor-e-poeira-ajudam-a-lancar-agua-marciana-para-o-espaco","status":"publish","type":"post","link":"https:\/\/ccvalg.pt\/astronomia\/wordpress\/2020\/11\/17\/calor-e-poeira-ajudam-a-lancar-agua-marciana-para-o-espaco\/","title":{"rendered":"Calor e poeira ajudam a lan\u00e7ar \u00e1gua marciana para o espa\u00e7o"},"content":{"rendered":"\n<p>Cientistas usando um instrumento a bordo da sonda MAVEN (Mars Atmosphere and Volatile EvolutioN) da NASA descobriram que o vapor de \u00e1gua perto da superf\u00edcie do Planeta vermelho \u00e9 lan\u00e7ado para mais alto na atmosfera do que se pensava. L\u00e1, \u00e9 facilmente destru\u00eddo pelas part\u00edculas de g\u00e1s eletricamente carregadas &#8211; ou i\u00f5es &#8211; e perdido para o espa\u00e7o.<\/p>\n\n\n\n<p>Os investigadores disseram que o fen\u00f3meno que descobriram \u00e9 um dos v\u00e1rios que levaram a que Marte perdesse o equivalente a um oceano global de \u00e1gua com at\u00e9 centenas de metros de profundidade ao longo de milhares de milh\u00f5es de anos. Relatando as suas descobertas na edi\u00e7\u00e3o de 13 de novembro da revista Science, os cientistas disseram que Marte continua a perder \u00e1gua hoje \u00e0 medida que o vapor \u00e9 transportado para grandes altitudes ap\u00f3s a sublima\u00e7\u00e3o das calotes polares congeladas durante as esta\u00e7\u00f5es mais quentes.<\/p>\n\n\n\n<p>&#8220;Todos n\u00f3s fic\u00e1mos surpresos ao encontrar \u00e1gua t\u00e3o alto na atmosfera,&#8221; disse Shane W. Stone, estudante de doutoramento em ci\u00eancias planet\u00e1rias no Laborat\u00f3rio Lunar e Planet\u00e1rio da Universidade do Arizona em Tucson, EUA. &#8220;As medi\u00e7\u00f5es que us\u00e1mos s\u00f3 podem ter vindo da MAVEN conforme voa pela atmosfera de Marte, bem acima da superf\u00edcie do planeta.&#8221;<\/p>\n\n\n\n<p>Para fazer a sua descoberta, Stone e colegas basearam-se nos dados do instrumento NGIMS (Neutral Gas and Ion Mass Spectrometer) da MAVEN, desenvolvido no Centro de Voo Espacial Goddard da NASA em Greenbelt, no estado norte-americano de Maryland. O espectr\u00f3metro de massa &#8220;inala&#8221; o ar e separa os i\u00f5es que o comp\u00f5em por massa, que \u00e9 como os cientistas os identificam.<\/p>\n\n\n\n<p>Stone e a sua equipa rastrearam a abund\u00e2ncia de i\u00f5es de \u00e1gua a grandes altitudes marcianas durante mais de dois sols (anos marcianos). Ao faz\u00ea-lo, determinaram que a quantidade de vapor de \u00e1gua pr\u00f3ximo do topo da atmosfera, cerca de 150 km acima da superf\u00edcie, \u00e9 mais alta durante o ver\u00e3o no hemisf\u00e9rio sul. Durante esta altura, o planeta est\u00e1 mais pr\u00f3ximo do Sol e, portanto, mais quente, e \u00e9 mais prov\u00e1vel de ocorrer tempestades de poeira.<\/p>\n\n\n\n<figure class=\"wp-block-image\"><a href=\"https:\/\/www.nasa.gov\/sites\/default\/files\/thumbnails\/image\/marsh2olossfig4.jpg\" target=\"_blank\" rel=\"noreferrer noopener\"><img loading=\"lazy\" decoding=\"async\" width=\"985\" height=\"851\" src=\"https:\/\/ccvalg.pt\/astronomia\/wordpress\/wp-content\/uploads\/2020\/11\/lbuqeZr.jpg\" alt=\"\" class=\"wp-image-3672\" srcset=\"https:\/\/ccvalg.pt\/astronomia\/wordpress\/wp-content\/uploads\/2020\/11\/lbuqeZr.jpg 985w, https:\/\/ccvalg.pt\/astronomia\/wordpress\/wp-content\/uploads\/2020\/11\/lbuqeZr-300x259.jpg 300w, https:\/\/ccvalg.pt\/astronomia\/wordpress\/wp-content\/uploads\/2020\/11\/lbuqeZr-768x664.jpg 768w\" sizes=\"auto, (max-width: 985px) 100vw, 985px\" \/><\/a><figcaption>Este gr\u00e1fico mostra como a quantidade de \u00e1gua na atmosfera de Marte varia dependendo da esta\u00e7\u00e3o. Durante tempestades globais e regionais de poeira, que ocorrem durante o ver\u00e3o e primavera no hemisf\u00e9rio sul, a quantidade de \u00e1gua atinge m\u00e1ximos.<br>Cr\u00e9dito: Universidade do Arizona\/Shane Stone\/Goddard da NASA\/Dan Gallagher<\/figcaption><\/figure>\n\n\n\n<p>As temperaturas quentes de ver\u00e3o e os ventos fortes associados com as tempestades de poeira ajudam o vapor de \u00e1gua a atingir as partes superiores da atmosfera, onde pode ser facilmente quebrado nos seus elementos constituintes, oxig\u00e9nio e hidrog\u00e9nio. O hidrog\u00e9nio e o oxig\u00e9nio ent\u00e3o escapam para o espa\u00e7o. Anteriormente, os cientistas pensavam que o vapor de \u00e1gua estava preso perto da superf\u00edcie marciana como na Terra.<\/p>\n\n\n\n<p>&#8220;Tudo o que chega \u00e0 parte superior da atmosfera \u00e9 destru\u00eddo, em Marte ou na Terra,&#8221; disse Stone, &#8220;porque esta \u00e9 a parte da atmosfera que est\u00e1 exposta \u00e0 for\u00e7a total do Sol.&#8221;<\/p>\n\n\n\n<figure class=\"wp-block-image\"><a href=\"https:\/\/www.nasa.gov\/sites\/default\/files\/thumbnails\/image\/maven_illo_v7.jpg\" target=\"_blank\" rel=\"noreferrer noopener\"><img decoding=\"async\" src=\"https:\/\/i.imgur.com\/AxCswam.jpg\" alt=\"\"\/><\/a><figcaption> Esta ilustra\u00e7\u00e3o mostra como a \u00e1gua \u00e9 perdida em Marte normalmente vs. durante tempestades regionais ou globais de poeira.<br>Cr\u00e9dito: NASA\/Goddard\/CI Lab\/Adriana Manrique Gutierrez\/Krystofer Kim <\/figcaption><\/figure>\n\n\n\n<p>Os investigadores mediram 20 vezes mais \u00e1gua do que o normal em dois dias de junho de 2018, quando uma forte tempestade global de poeira rodeou Marte (aquela que colocou o rover Opportunity da NASA fora de servi\u00e7o). Stone e os seus colegas estimam que Marte perdeu tanta \u00e1gua em 45 dias durante esta tempestade como normalmente ocorre ao longo de um ano marciano inteiro, que dura dois anos terrestres.<\/p>\n\n\n\n<p>&#8220;Mostr\u00e1mos que as tempestades de poeira interrompem o ciclo da \u00e1gua em Marte e empurram as mol\u00e9culas de \u00e1gua para cima na atmosfera, onde as rea\u00e7\u00f5es qu\u00edmicas podem libertar os seus \u00e1tomos de hidrog\u00e9nio, que s\u00e3o perdidos para o espa\u00e7o,&#8221; disse Paul Mahaffy, diretor da Divis\u00e3o de Explora\u00e7\u00e3o do Sistema Solar em Goddard e investigador principal do NGIMS.<\/p>\n\n\n\n<p>Outros cientistas tamb\u00e9m descobriram que as tempestades marcianas de poeira podem elevar o vapor de \u00e1gua muito acima da superf\u00edcie. Mas ningu\u00e9m tinha percebido at\u00e9 agora que a \u00e1gua chegava at\u00e9 ao topo da atmosfera. Existem i\u00f5es abundantes nesta regi\u00e3o da atmosfera que podem quebrar as mol\u00e9culas de \u00e1gua 10 vezes mais depressa do que s\u00e3o destru\u00eddas a n\u00edveis mais baixos.<\/p>\n\n\n\n<p>&#8220;O que \u00e9 \u00fanico nesta descoberta \u00e9 que fornece-nos um novo percurso que n\u00e3o pens\u00e1vamos existir para a \u00e1gua escapar do ambiente marciano,&#8221; disse Mehdi Benna, cientista planet\u00e1rio de Goddard e coinvestigador do instrumento NGIMS da MAVEN. &#8220;Isto vai mudar fundamentalmente as nossas estimativas de qu\u00e3o r\u00e1pido a \u00e1gua est\u00e1 a escapar hoje e qu\u00e3o r\u00e1pido escapou no passado.&#8221;<\/p>\n\n\n\n<p><a rel=\"noreferrer noopener\" href=\"https:\/\/www.nasa.gov\/feature\/goddard\/2020\/heat-and-dust-help-launch-martian-water-into-space-scientists-find\" target=\"_blank\">\/\/ NASA (comunicado de imprensa)<\/a><br><a rel=\"noreferrer noopener\" href=\"https:\/\/news.arizona.edu\/story\/escape-mars-how-water-fled-red-planet\" target=\"_blank\">\/\/ Universidade do Arizona (comunicado de imprensa)<\/a><br><a rel=\"noreferrer noopener\" href=\"https:\/\/science.sciencemag.org\/content\/370\/6518\/824\" target=\"_blank\">\/\/ Artigo cient\u00edfico (Science)<\/a><\/p>\n\n\n\n<h4 class=\"wp-block-heading\">Saiba mais:<\/h4>\n\n\n\n<p><strong>Not\u00edcias relacionadas:<\/strong><br><a href=\"https:\/\/www.sciencemag.org\/news\/2020\/11\/martian-dust-storms-parch-planet-driving-water-space\" target=\"_blank\" rel=\"noreferrer noopener\">Science<\/a><br><a href=\"https:\/\/www.newscientist.com\/article\/2259487-dust-storms-on-mars-are-tossing-water-from-its-atmosphere-into-space\/\" target=\"_blank\" rel=\"noreferrer noopener\">New Scientist<\/a><br><a href=\"https:\/\/www.sciencedaily.com\/releases\/2020\/11\/201112144027.htm\" target=\"_blank\" rel=\"noreferrer noopener\">ScienceDaily<\/a><br><a href=\"https:\/\/phys.org\/news\/2020-11-mars-fled-red-planet.html\" target=\"_blank\" rel=\"noreferrer noopener\">PHYSORG<\/a><br><a href=\"https:\/\/www.forbes.com\/sites\/brucedorminey\/2020\/11\/13\/nasas-maven-spacecraft-tracks-massive-water-loss-from-ancient-mars\/?sh=51ef412d4b3d\" target=\"_blank\" rel=\"noreferrer noopener\">Forbes<\/a><\/p>\n\n\n\n<p><strong>Marte:<\/strong><br><a rel=\"noreferrer noopener\" href=\"http:\/\/en.wikipedia.org\/wiki\/Mars_%28planet%29\" target=\"_blank\">Wikipedia<\/a><br><a rel=\"noreferrer noopener\" href=\"https:\/\/en.wikipedia.org\/wiki\/Atmosphere_of_Mars\" target=\"_blank\">Atmosfera de Marte (Wikipedia)<\/a><\/p>\n\n\n\n<p><strong>MAVEN:<\/strong><br><a href=\"http:\/\/www.nasa.gov\/mission_pages\/maven\/main\/#.UnJoWfm-2G4\" target=\"_blank\" rel=\"noreferrer noopener\">NASA<\/a><br><a href=\"http:\/\/mars.jpl.nasa.gov\/maven\/\" target=\"_blank\" rel=\"noreferrer noopener\">NASA &#8211; 2<\/a><br><a href=\"http:\/\/en.wikipedia.org\/wiki\/MAVEN\" target=\"_blank\" rel=\"noreferrer noopener\">Wikipedia<\/a><\/p>\n","protected":false},"excerpt":{"rendered":"<p>Cientistas usando um instrumento a bordo da sonda MAVEN (Mars Atmosphere and Volatile EvolutioN) da NASA descobriram que o vapor de \u00e1gua perto da superf\u00edcie do Planeta vermelho \u00e9 lan\u00e7ado para mais alto na atmosfera do que se pensava. L\u00e1, \u00e9 facilmente destru\u00eddo pelas part\u00edculas de g\u00e1s eletricamente carregadas &#8211; ou i\u00f5es &#8211; e perdido &hellip;<\/p>\n","protected":false},"author":1,"featured_media":3672,"comment_status":"open","ping_status":"open","sticky":false,"template":"","format":"standard","meta":{"footnotes":""},"categories":[9,16],"tags":[4,347],"class_list":["post-3671","post","type-post","status-publish","format-standard","has-post-thumbnail","","category-sistema-solar","category-sondas-missoes-espaciais","tag-marte","tag-maven"],"_links":{"self":[{"href":"https:\/\/ccvalg.pt\/astronomia\/wordpress\/wp-json\/wp\/v2\/posts\/3671","targetHints":{"allow":["GET"]}}],"collection":[{"href":"https:\/\/ccvalg.pt\/astronomia\/wordpress\/wp-json\/wp\/v2\/posts"}],"about":[{"href":"https:\/\/ccvalg.pt\/astronomia\/wordpress\/wp-json\/wp\/v2\/types\/post"}],"author":[{"embeddable":true,"href":"https:\/\/ccvalg.pt\/astronomia\/wordpress\/wp-json\/wp\/v2\/users\/1"}],"replies":[{"embeddable":true,"href":"https:\/\/ccvalg.pt\/astronomia\/wordpress\/wp-json\/wp\/v2\/comments?post=3671"}],"version-history":[{"count":1,"href":"https:\/\/ccvalg.pt\/astronomia\/wordpress\/wp-json\/wp\/v2\/posts\/3671\/revisions"}],"predecessor-version":[{"id":3673,"href":"https:\/\/ccvalg.pt\/astronomia\/wordpress\/wp-json\/wp\/v2\/posts\/3671\/revisions\/3673"}],"wp:featuredmedia":[{"embeddable":true,"href":"https:\/\/ccvalg.pt\/astronomia\/wordpress\/wp-json\/wp\/v2\/media\/3672"}],"wp:attachment":[{"href":"https:\/\/ccvalg.pt\/astronomia\/wordpress\/wp-json\/wp\/v2\/media?parent=3671"}],"wp:term":[{"taxonomy":"category","embeddable":true,"href":"https:\/\/ccvalg.pt\/astronomia\/wordpress\/wp-json\/wp\/v2\/categories?post=3671"},{"taxonomy":"post_tag","embeddable":true,"href":"https:\/\/ccvalg.pt\/astronomia\/wordpress\/wp-json\/wp\/v2\/tags?post=3671"}],"curies":[{"name":"wp","href":"https:\/\/api.w.org\/{rel}","templated":true}]}}