{"id":3464,"date":"2020-09-04T05:31:08","date_gmt":"2020-09-04T05:31:08","guid":{"rendered":"http:\/\/ccvalg.pt\/astronomia\/wordpress\/?p=3464"},"modified":"2020-09-04T05:31:09","modified_gmt":"2020-09-04T05:31:09","slug":"investigadores-preveem-localizacao-de-novo-candidato-a-misteriosa-energia-escura","status":"publish","type":"post","link":"https:\/\/ccvalg.pt\/astronomia\/wordpress\/2020\/09\/04\/investigadores-preveem-localizacao-de-novo-candidato-a-misteriosa-energia-escura\/","title":{"rendered":"Investigadores prev\u00eaem localiza\u00e7\u00e3o de novo candidato \u00e0 misteriosa energia escura"},"content":{"rendered":"\n<figure class=\"wp-block-image\"><a href=\"https:\/\/www.hawaii.edu\/news\/wp-content\/uploads\/2020\/09\/manoa-astronomy-geode.jpg\" target=\"_blank\" rel=\"noreferrer noopener\"><img loading=\"lazy\" decoding=\"async\" width=\"676\" height=\"381\" src=\"https:\/\/ccvalg.pt\/astronomia\/wordpress\/wp-content\/uploads\/2020\/09\/manoa-astronomy-geode.jpg\" alt=\"\" class=\"wp-image-3465\" srcset=\"https:\/\/ccvalg.pt\/astronomia\/wordpress\/wp-content\/uploads\/2020\/09\/manoa-astronomy-geode.jpg 676w, https:\/\/ccvalg.pt\/astronomia\/wordpress\/wp-content\/uploads\/2020\/09\/manoa-astronomy-geode-300x169.jpg 300w\" sizes=\"auto, (max-width: 676px) 100vw, 676px\" \/><\/a><figcaption>O cen\u00e1rio GEODE n\u00e3o muda a forma\u00e7\u00e3o padr\u00e3o da estrutura do Universo. O Universo cresce da esquerda para a direita. As regi\u00f5es azuis correspondem \u00e0 mat\u00e9ria. Os GEODEs formam-se em regi\u00f5es verdes e migram para regi\u00f5es escuras.<br>Cr\u00e9dito: Volker Springel e Instituto Max Planck para Astrof\u00edsica<\/figcaption><\/figure>\n\n\n\n<p>Os astr\u00f3nomos sabem h\u00e1 duas d\u00e9cadas que a expans\u00e3o do Universo est\u00e1 a acelerar, mas a f\u00edsica desta expans\u00e3o permanece um mist\u00e9rio. Agora, uma equipa de investigadores da Universidade do Hawaii em Manoa fez uma nova previs\u00e3o &#8211; a energia escura respons\u00e1vel por este crescimento acelerado vem de um vasto mar de objetos compactos espalhados pelos vazios entre as gal\u00e1xias. Esta conclus\u00e3o faz parte de um novo estudo publicado na revista The Astrophysical Journal.<\/p>\n\n\n\n<p>Em meados da d\u00e9cada de 1960, os f\u00edsicos sugeriram pela primeira vez que o colapso estelar n\u00e3o deveria formar buracos negros verdadeiros, mas ao inv\u00e9s formar GEODEs (Generic Objects of Dark Energy, em portugu\u00eas Objetos Gen\u00e9ricos de Energia Escura). Ao contr\u00e1rio dos buracos negros, os GEODEs n\u00e3o &#8220;quebram&#8221; as equa\u00e7\u00f5es de Einstein com singularidades. Em vez disso, uma camada girat\u00f3ria envolve um n\u00facleo de energia escura. Vistos de fora, os GEODEs e os buracos negros parecem os mesmos, mesmo quando os &#8220;sons&#8221; das suas colis\u00f5es s\u00e3o medidos por observat\u00f3rios de ondas gravitacionais.<\/p>\n\n\n\n<p>Dado que os GEODEs imitam buracos negros, sup\u00f4s-se que se moviam pelo espa\u00e7o da mesma forma que os buracos negros. &#8220;Isto torna-se um problema se quisermos explicar a expans\u00e3o acelerada do Universo,&#8221; disse Kevin Croker, do Departamento de F\u00edsica e Astronomia da Universidade do Hawaii em Manoa, autor principal do estudo. &#8220;Embora tenhamos provado no ano passado que os GEODEs, em princ\u00edpio, podiam fornecer a energia escura necess\u00e1ria, seriam precisos muitos GEODEs antigos e massivos. Se se movessem como buracos negros, permanecendo perto da mat\u00e9ria vis\u00edvel, gal\u00e1xias como a nossa Via L\u00e1ctea teriam sido perturbadas.&#8221;<\/p>\n\n\n\n<p>Croker colaborou com o estudante Jack Runburg e com Duncan Farrah, professor do Instituto de Astronomia e do departamento de F\u00edsica e Astronomia da mesma universidade, para investigar como os GEODEs se movem pelo espa\u00e7o. Os investigadores descobriram que a camada girat\u00f3ria em torno de cada GEODE determina como se movem uns em rela\u00e7\u00e3o aos outros. Se as suas camadas externas girarem lentamente, os GEODEs aglomeram-se mais depressa do que os buracos negros. Isto ocorre porque os GEODEs ganham massa com o crescimento do pr\u00f3prio Universo. No entanto, para os GEODEs com camadas externas que giram perto da velocidade da luz, o ganho de massa \u00e9 dominado por um efeito diferente e os GEODEs come\u00e7am a repelir-se. &#8220;A depend\u00eancia da rota\u00e7\u00e3o foi realmente inesperada,&#8221; disse Farrah. &#8220;Se confirmado por observa\u00e7\u00f5es, seria uma classe inteiramente nova de fen\u00f3menos.&#8221;<\/p>\n\n\n\n<p>A equipa resolveu as equa\u00e7\u00f5es de Einstein partindo do pressuposto de que muitas das estrelas mais antigas, que nasceram quando o Universo tinha menos de 2% da sua idade atual, formaram GEODEs quando morreram. \u00c0 medida que estes antigos GEODEs se alimentavam de outras estrelas e de g\u00e1s interestelar abundante, come\u00e7aram a girar muito rapidamente. Uma vez atingida uma velocidade de rota\u00e7\u00e3o suficientemente alta, a repuls\u00e3o m\u00fatua dos GEODEs fez com que a maioria deles &#8220;se distanciassem socialmente&#8221; para regi\u00f5es que eventualmente se tornariam os vazios entre as gal\u00e1xias atuais.<\/p>\n\n\n\n<p>Este estudo suporta a posi\u00e7\u00e3o de que os GEODEs podem resolver o problema da energia escura enquanto permanecerem em harmonia com diferentes observa\u00e7\u00f5es ao longo de grandes dist\u00e2ncias. Os GEODEs ficam longe das gal\u00e1xias atuais, de modo que n\u00e3o interrompem os delicados pares de estrelas contados na Via L\u00e1ctea. O n\u00famero de GEODEs antigos necess\u00e1rios para resolver o problema da energia escura \u00e9 consistente com o n\u00famero de estrelas antigas. Os GEODEs n\u00e3o interrompem a distribui\u00e7\u00e3o medida das gal\u00e1xias no espa\u00e7o porque se separam da mat\u00e9ria luminosa antes que forme as gal\u00e1xias atuais. Finalmente, os GEODEs n\u00e3o afetam diretamente as ondula\u00e7\u00f5es suaves no brilho remanescente do Big Bang, porque nascem de estrelas mortas centenas de milh\u00f5es de anos ap\u00f3s a liberta\u00e7\u00e3o dessa radia\u00e7\u00e3o c\u00f3smica de fundo.<\/p>\n\n\n\n<p>Os investigadores estavam cautelosamente otimistas sobre os seus resultados. &#8220;Pensava-se que, sem uma dete\u00e7\u00e3o direta de algo diferente de uma assinatura Kerr [Buraco Negro] do LIGO-Virgo [observat\u00f3rios de ondas gravitacionais], nunca ser\u00edamos capazes de dizer que os GEODEs existiam,&#8221; disse Farrah. Croker acrescentou, &#8220;mas agora que temos uma compreens\u00e3o mais clara de como as equa\u00e7\u00f5es de Einstein ligam o grande e o pequeno, conseguimos fazer contacto com dados de muitas comunidades, e est\u00e1 a come\u00e7ar a formar-se uma imagem coerente.&#8221;<\/p>\n\n\n\n<p>De acordo com Runburg, cujo principal interesse de pesquisa n\u00e3o est\u00e1 relacionado com os GEODEs, &#8220;a consequ\u00eancia mais emocionante, para mim, \u00e9 que as comunidades de investigadores, antes separadas, t\u00eam agora algo em comum. Quando diferentes comunidades trabalham juntas, o todo torna-se sempre maior do que a soma das partes.&#8221;<\/p>\n\n\n\n<p><a rel=\"noreferrer noopener\" href=\"https:\/\/www.hawaii.edu\/news\/2020\/09\/01\/location-novel-candidate-dark-energy\/\" target=\"_blank\">\/\/ Universidade do Hawaii (comunicado de imprensa)<\/a><br><a rel=\"noreferrer noopener\" href=\"https:\/\/iopscience.iop.org\/article\/10.3847\/1538-4357\/abad2f\" target=\"_blank\">\/\/ Artigo cient\u00edfico (The Astrophysical Journal)<\/a><\/p>\n\n\n\n<h4 class=\"wp-block-heading\">Saiba mais:<\/h4>\n\n\n\n<p><strong>GEODEs:<\/strong><br><a href=\"https:\/\/en.wikipedia.org\/wiki\/Generic_object_of_dark_energy\" target=\"_blank\" rel=\"noreferrer noopener\">Wikipedia<\/a><\/p>\n\n\n\n<p><strong>Universo:<\/strong><br><a href=\"https:\/\/en.wikipedia.org\/wiki\/Accelerating_expansion_of_the_universe\" target=\"_blank\" rel=\"noreferrer noopener\">A expans\u00e3o acelerada do Universo (Wikipedia)<\/a><br><a href=\"http:\/\/en.wikipedia.org\/wiki\/Universe\" target=\"_blank\" rel=\"noreferrer noopener\">Universo (Wikipedia)<\/a><br><a href=\"http:\/\/en.wikipedia.org\/wiki\/Age_of_the_universe\" target=\"_blank\" rel=\"noreferrer noopener\">Idade do Universo (Wikipedia)<\/a><br><a href=\"http:\/\/en.wikipedia.org\/wiki\/Large-scale_structure_of_the_universe\" target=\"_blank\" rel=\"noreferrer noopener\">Estrutura a grande-escala do Universo (Wikipedia)<\/a><br><a href=\"http:\/\/en.wikipedia.org\/wiki\/Big_Bang\" target=\"_blank\" rel=\"noreferrer noopener\">Big Bang (Wikipedia)<\/a><br><a href=\"http:\/\/en.wikipedia.org\/wiki\/Timeline_of_the_Big_Bang\" target=\"_blank\" rel=\"noreferrer noopener\">Cronologia do Big Bang (Wikipedia)<\/a><\/p>\n\n\n\n<p><strong>Energia escura:<\/strong><br><a href=\"http:\/\/en.wikipedia.org\/wiki\/Dark_Energy\" target=\"_blank\" rel=\"noreferrer noopener\">Wikipedia<\/a><\/p>\n","protected":false},"excerpt":{"rendered":"<p>O cen\u00e1rio GEODE n\u00e3o muda a forma\u00e7\u00e3o padr\u00e3o da estrutura do Universo. O Universo cresce da esquerda para a direita. As regi\u00f5es azuis correspondem \u00e0 mat\u00e9ria. Os GEODEs formam-se em regi\u00f5es verdes e migram para regi\u00f5es escuras.Cr\u00e9dito: Volker Springel e Instituto Max Planck para Astrof\u00edsica Os astr\u00f3nomos sabem h\u00e1 duas d\u00e9cadas que a expans\u00e3o do &hellip;<\/p>\n","protected":false},"author":1,"featured_media":3465,"comment_status":"open","ping_status":"open","sticky":false,"template":"","format":"standard","meta":{"footnotes":""},"categories":[151,62],"tags":[168,329,908],"class_list":["post-3464","post","type-post","status-publish","format-standard","has-post-thumbnail","","category-buracos-negros","category-cosmologia","tag-energia-escura","tag-expansao-do-universo","tag-geodes"],"_links":{"self":[{"href":"https:\/\/ccvalg.pt\/astronomia\/wordpress\/wp-json\/wp\/v2\/posts\/3464","targetHints":{"allow":["GET"]}}],"collection":[{"href":"https:\/\/ccvalg.pt\/astronomia\/wordpress\/wp-json\/wp\/v2\/posts"}],"about":[{"href":"https:\/\/ccvalg.pt\/astronomia\/wordpress\/wp-json\/wp\/v2\/types\/post"}],"author":[{"embeddable":true,"href":"https:\/\/ccvalg.pt\/astronomia\/wordpress\/wp-json\/wp\/v2\/users\/1"}],"replies":[{"embeddable":true,"href":"https:\/\/ccvalg.pt\/astronomia\/wordpress\/wp-json\/wp\/v2\/comments?post=3464"}],"version-history":[{"count":1,"href":"https:\/\/ccvalg.pt\/astronomia\/wordpress\/wp-json\/wp\/v2\/posts\/3464\/revisions"}],"predecessor-version":[{"id":3466,"href":"https:\/\/ccvalg.pt\/astronomia\/wordpress\/wp-json\/wp\/v2\/posts\/3464\/revisions\/3466"}],"wp:featuredmedia":[{"embeddable":true,"href":"https:\/\/ccvalg.pt\/astronomia\/wordpress\/wp-json\/wp\/v2\/media\/3465"}],"wp:attachment":[{"href":"https:\/\/ccvalg.pt\/astronomia\/wordpress\/wp-json\/wp\/v2\/media?parent=3464"}],"wp:term":[{"taxonomy":"category","embeddable":true,"href":"https:\/\/ccvalg.pt\/astronomia\/wordpress\/wp-json\/wp\/v2\/categories?post=3464"},{"taxonomy":"post_tag","embeddable":true,"href":"https:\/\/ccvalg.pt\/astronomia\/wordpress\/wp-json\/wp\/v2\/tags?post=3464"}],"curies":[{"name":"wp","href":"https:\/\/api.w.org\/{rel}","templated":true}]}}