{"id":3341,"date":"2020-07-21T05:28:15","date_gmt":"2020-07-21T05:28:15","guid":{"rendered":"http:\/\/ccvalg.pt\/astronomia\/wordpress\/?p=3341"},"modified":"2020-07-21T05:31:02","modified_gmt":"2020-07-21T05:31:02","slug":"cientistas-confirmam-que-universo-tem-138-mil-milhoes-de-anos","status":"publish","type":"post","link":"https:\/\/ccvalg.pt\/astronomia\/wordpress\/2020\/07\/21\/cientistas-confirmam-que-universo-tem-138-mil-milhoes-de-anos\/","title":{"rendered":"Cientistas confirmam que Universo tem 13,8 mil milh\u00f5es de anos"},"content":{"rendered":"\n<p>De acordo com uma nova pesquisa publicada em v\u00e1rios artigos cient\u00edficos por uma equipa internacional de astrof\u00edsicos, o Universo tem cerca de 13,8 mil milh\u00f5es de anos.<\/p>\n\n\n\n<p>Usando observa\u00e7\u00f5es do ACT (Atacama Cosmology Telescope) no Chile, as suas descobertas confirmam medi\u00e7\u00f5es anteriores de radia\u00e7\u00e3o antiga extra\u00edda de dados do sat\u00e9lite Planck.<\/p>\n\n\n\n<p>A equipa de investiga\u00e7\u00e3o do ACT \u00e9 uma colabora\u00e7\u00e3o internacional de cientistas de 41 institui\u00e7\u00f5es em sete pa\u00edses. A equipa da professora Neelima Sehdal, do Departamento de F\u00edsica e Astronomia da Faculdade de Artes e Ci\u00eancias da Universidade Stony Brook, no estado de Nova Iorque, EUA, desempenha um papel essencial na an\u00e1lise da radia\u00e7\u00e3o c\u00f3smica de fundo em micro-ondas &#8211; radia\u00e7\u00e3o remanescente do Big Bang.<\/p>\n\n\n\n<p>&#8220;Estamos a restaurar a &#8216;foto de beb\u00e9&#8217; do Universo \u00e0 sua condi\u00e7\u00e3o original, eliminando o desgaste do tempo e do espa\u00e7o que distorcem a imagem,&#8221; explica a professora Sehgal, coautora dos artigos. &#8220;Somente vendo esta &#8216;foto de beb\u00e9&#8217; mais n\u00edtida do Universo podemos melhor entender como o nosso Universo nasceu.&#8221;<\/p>\n\n\n\n<figure class=\"wp-block-image\"><a href=\"https:\/\/i.imgur.com\/4DpZTCd.jpg\" target=\"_blank\" rel=\"noreferrer noopener\"><img loading=\"lazy\" decoding=\"async\" width=\"1000\" height=\"400\" src=\"https:\/\/ccvalg.pt\/astronomia\/wordpress\/wp-content\/uploads\/2020\/07\/4DpZTCd.jpg\" alt=\"\" class=\"wp-image-3342\" srcset=\"https:\/\/ccvalg.pt\/astronomia\/wordpress\/wp-content\/uploads\/2020\/07\/4DpZTCd.jpg 1000w, https:\/\/ccvalg.pt\/astronomia\/wordpress\/wp-content\/uploads\/2020\/07\/4DpZTCd-300x120.jpg 300w, https:\/\/ccvalg.pt\/astronomia\/wordpress\/wp-content\/uploads\/2020\/07\/4DpZTCd-768x307.jpg 768w\" sizes=\"auto, (max-width: 1000px) 100vw, 1000px\" \/><\/a><figcaption>Uma por\u00e7\u00e3o da nova imagem da radia\u00e7\u00e3o mais antiga do Universo obtida pelo ACT. Esta parte cobre uma sec\u00e7\u00e3o do c\u00e9u com aproximadamente 50 vezes o di\u00e2metro da Lua. Esta radia\u00e7\u00e3o, emitida 380.000 anos ap\u00f3s o Big Bang, varia em polariza\u00e7\u00e3o (representada pelas cores mais avermelhadas ou azuladas). Os astrof\u00edsicos usaram o espa\u00e7amento entre estas varia\u00e7\u00f5es para calcular uma nova estimativa da idade do Universo.<br>Cr\u00e9dito: Colabora\u00e7\u00e3o ACT<\/figcaption><\/figure>\n\n\n\n<p>A obten\u00e7\u00e3o da melhor imagem do Universo primitivo, explica a professora Sehgal, ajuda os cientistas a entender melhor as origens do Universo, como cheg\u00e1mos onde estamos na Terra, as gal\u00e1xias, para onde estamos a ir, o destino final do Universo e quando \u00e9 que isso poder\u00e1 ocorrer.<\/p>\n\n\n\n<p>A equipa do ACT estima a idade do Universo medindo a sua luz mais antiga. Outros grupos cient\u00edficos fazem medi\u00e7\u00f5es de gal\u00e1xias para fazer estimativas da idade do Universo.<\/p>\n\n\n\n<p>A nova estimativa da idade do Universo, pelo ACT, corresponde \u00e0 fornecida pelo modelo padr\u00e3o do Universo e por medi\u00e7\u00f5es da mesma radia\u00e7\u00e3o feita pelo sat\u00e9lite Planck. Isto acrescenta uma nova reviravolta ao debate atual na comunidade astrof\u00edsica, diz Simone Aiola, autora principal de um dos novos artigos sobre as descobertas divulgado no site arXiv.org.<\/p>\n\n\n\n<p>&#8220;Agora, temos uma resposta em que o Planck e o ACT concordam,&#8221; diz Aiola, investigadora do Centro de Astrof\u00edsica Computacional do Instituto Flatiron em Nova Iorque. &#8220;Isto \u00e9 evid\u00eancia de que estas medi\u00e7\u00f5es complexas s\u00e3o confi\u00e1veis.&#8221;<\/p>\n\n\n\n<p>Em 2019, uma equipa de investiga\u00e7\u00e3o que mede os movimentos das gal\u00e1xias calculou que o Universo era centenas de milh\u00f5es de anos mais jovem do que o previsto pela equipa do Planck. Essa discrep\u00e2ncia sugeriu que um novo modelo para o Universo poderia ser necess\u00e1rio e suscitou preocupa\u00e7\u00f5es de que um dos conjuntos de medi\u00e7\u00f5es pudesse estar incorreto.<\/p>\n\n\n\n<figure class=\"wp-block-image\"><a href=\"https:\/\/i.imgur.com\/P0UEI3s.jpg\" target=\"_blank\" rel=\"noreferrer noopener\"><img decoding=\"async\" src=\"https:\/\/i.imgur.com\/P0UEI3s.jpg\" alt=\"\"\/><\/a><figcaption>O ACT (Atacama Cosmology Telescope) mede a radia\u00e7\u00e3o mais antiga do Universo, conhecida como radia\u00e7\u00e3o c\u00f3smica de fundo em micro-ondas. Usando essas medi\u00e7\u00f5es, os cientistas podem calcular a idade do Universo.<br>Cr\u00e9dito: Associated Press <\/figcaption><\/figure>\n\n\n\n<p>A idade do Universo tamb\u00e9m revela a rapidez com que o cosmos est\u00e1 a expandir-se, um n\u00famero quantificado pela constante de Hubble. As medi\u00e7\u00f5es do ACT sugerem uma constante de Hubble de 67,6 quil\u00f3metros por segundo por megaparsec. Isto significa que um objeto a 1 megaparsec (cerca de 3,26 milh\u00f5es de anos-luz) da Terra afasta-se de n\u00f3s a 67,6 km\/s devido \u00e0 expans\u00e3o do Universo. Este resultado est\u00e1 quase em total concord\u00e2ncia com a estimativa anterior de 67,4 km\/s\/Mpc da equipa do sat\u00e9lite Planck, mas \u00e9 mais lenta que os 74 km\/s\/Mpc inferidos gra\u00e7as \u00e0s medi\u00e7\u00f5es das gal\u00e1xias.<\/p>\n\n\n\n<p>&#8220;Eu n\u00e3o tinha uma prefer\u00eancia particular por nenhum valor em espec\u00edfico &#8211; ia ser interessante de uma maneira ou de outra,&#8221; diz Steve Choi da Universidade de Cornell, autor principal de outro artigo divulgado no site arXiv.org. &#8220;Encontramos um ritmo de expans\u00e3o que quase corresponde ao valor da equipa do Planck. Isto d\u00e1-nos mais confian\u00e7a nas medi\u00e7\u00f5es da radia\u00e7\u00e3o mais antiga do Universo.&#8221;<\/p>\n\n\n\n<p>\u00c0 medida que o ACT continua a fazer observa\u00e7\u00f5es, os astr\u00f3nomos ter\u00e3o uma imagem ainda mais clara da radia\u00e7\u00e3o c\u00f3smica de fundo em micro-ondas e uma ideia mais exata de h\u00e1 quanto o cosmos se formou. A equipa do ACT tamb\u00e9m vai analisar essas observa\u00e7\u00f5es em busca de sinais de f\u00edsica que n\u00e3o encaixa no modelo cosmol\u00f3gico padr\u00e3o. Uma f\u00edsica t\u00e3o estranha pode resolver o desacordo entre as previs\u00f5es da idade e o ritmo de expans\u00e3o do Universo decorrentes das medi\u00e7\u00f5es da radia\u00e7\u00e3o c\u00f3smica de fundo em micro-ondas e dos movimentos das gal\u00e1xias.<\/p>\n\n\n\n<p><a rel=\"noreferrer noopener\" href=\"https:\/\/news.stonybrook.edu\/alumni\/scientists-confirm-age-of-universe-is-13-8-billion-years\" target=\"_blank\">\/\/ Universidade de Stony Brook (comunicado de imprensa)<\/a><br><a rel=\"noreferrer noopener\" href=\"https:\/\/www.simonsfoundation.org\/2020\/07\/15\/new-view-of-natures-oldest-light-adds-fresh-twist-to-debate-over-universes-age\/\" target=\"_blank\">\/\/ Instituto Flatiron (comunicado de imprensa)<\/a><br><a rel=\"noreferrer noopener\" href=\"https:\/\/arxiv.org\/abs\/2007.07288\" target=\"_blank\">\/\/ Artigo cient\u00edfico #1 (arXiv.org)<\/a><br><a rel=\"noreferrer noopener\" href=\"https:\/\/arxiv.org\/abs\/2007.07289\" target=\"_blank\">\/\/ Artigo cient\u00edfico #2 (arXiv.org)<\/a><\/p>\n\n\n\n<h4 class=\"wp-block-heading\">Saiba mais:<\/h4>\n\n\n\n<p><strong>Not\u00edcias relacionadas:<\/strong><br><a href=\"https:\/\/www.sciencedaily.com\/releases\/2020\/07\/200715170541.htm\" target=\"_blank\" rel=\"noreferrer noopener\">ScienceDaily<\/a><br><a href=\"http:\/\/www.ccvalg.pt\/astronomia\/newsletter\/...link\" target=\"_blank\" rel=\"noreferrer noopener\">Popular Mechanics<\/a><\/p>\n\n\n\n<p><strong>Universo:<\/strong><br><a href=\"https:\/\/en.wikipedia.org\/wiki\/Accelerating_expansion_of_the_universe\" target=\"_blank\" rel=\"noreferrer noopener\">A expans\u00e3o acelerada do Universo (Wikipedia)<\/a><br><a href=\"http:\/\/en.wikipedia.org\/wiki\/Universe\" target=\"_blank\" rel=\"noreferrer noopener\">Universo (Wikipedia)<\/a><br><a href=\"http:\/\/en.wikipedia.org\/wiki\/Age_of_the_universe\" target=\"_blank\" rel=\"noreferrer noopener\">Idade do Universo (Wikipedia)<\/a><br><a href=\"http:\/\/en.wikipedia.org\/wiki\/Large-scale_structure_of_the_universe\" target=\"_blank\" rel=\"noreferrer noopener\">Estrutura a grande-escala do Universo (Wikipedia)<\/a><br><a href=\"http:\/\/en.wikipedia.org\/wiki\/Big_Bang\" target=\"_blank\" rel=\"noreferrer noopener\">Big Bang (Wikipedia)<\/a><br><a href=\"http:\/\/en.wikipedia.org\/wiki\/Timeline_of_the_Big_Bang\" target=\"_blank\" rel=\"noreferrer noopener\">Cronologia do Big Bang (Wikipedia)<\/a><br><a href=\"https:\/\/en.wikipedia.org\/wiki\/Lambda-CDM_model\" target=\"_blank\" rel=\"noreferrer noopener\">Modelo Lambda-CDM (Wikipedia)<\/a><\/p>\n\n\n\n<p><strong>ACT (Atacama Cosmology Telescope):<\/strong><br><a href=\"https:\/\/act.princeton.edu\/\" target=\"_blank\" rel=\"noreferrer noopener\">P\u00e1gina principal (Universidade de Princeton)<\/a><br><a href=\"https:\/\/en.wikipedia.org\/wiki\/Atacama_Cosmology_Telescope\" target=\"_blank\" rel=\"noreferrer noopener\">Wikipedia<\/a><\/p>\n","protected":false},"excerpt":{"rendered":"<p>De acordo com uma nova pesquisa publicada em v\u00e1rios artigos cient\u00edficos por uma equipa internacional de astrof\u00edsicos, o Universo tem cerca de 13,8 mil milh\u00f5es de anos. Usando observa\u00e7\u00f5es do ACT (Atacama Cosmology Telescope) no Chile, as suas descobertas confirmam medi\u00e7\u00f5es anteriores de radia\u00e7\u00e3o antiga extra\u00edda de dados do sat\u00e9lite Planck. A equipa de investiga\u00e7\u00e3o &hellip;<\/p>\n","protected":false},"author":1,"featured_media":3342,"comment_status":"open","ping_status":"open","sticky":false,"template":"","format":"standard","meta":{"footnotes":""},"categories":[62,1],"tags":[870,327,329],"class_list":["post-3341","post","type-post","status-publish","format-standard","has-post-thumbnail","","category-cosmologia","category-telescopios-profissionais","tag-act","tag-constante-de-hubble","tag-expansao-do-universo"],"_links":{"self":[{"href":"https:\/\/ccvalg.pt\/astronomia\/wordpress\/wp-json\/wp\/v2\/posts\/3341","targetHints":{"allow":["GET"]}}],"collection":[{"href":"https:\/\/ccvalg.pt\/astronomia\/wordpress\/wp-json\/wp\/v2\/posts"}],"about":[{"href":"https:\/\/ccvalg.pt\/astronomia\/wordpress\/wp-json\/wp\/v2\/types\/post"}],"author":[{"embeddable":true,"href":"https:\/\/ccvalg.pt\/astronomia\/wordpress\/wp-json\/wp\/v2\/users\/1"}],"replies":[{"embeddable":true,"href":"https:\/\/ccvalg.pt\/astronomia\/wordpress\/wp-json\/wp\/v2\/comments?post=3341"}],"version-history":[{"count":1,"href":"https:\/\/ccvalg.pt\/astronomia\/wordpress\/wp-json\/wp\/v2\/posts\/3341\/revisions"}],"predecessor-version":[{"id":3343,"href":"https:\/\/ccvalg.pt\/astronomia\/wordpress\/wp-json\/wp\/v2\/posts\/3341\/revisions\/3343"}],"wp:featuredmedia":[{"embeddable":true,"href":"https:\/\/ccvalg.pt\/astronomia\/wordpress\/wp-json\/wp\/v2\/media\/3342"}],"wp:attachment":[{"href":"https:\/\/ccvalg.pt\/astronomia\/wordpress\/wp-json\/wp\/v2\/media?parent=3341"}],"wp:term":[{"taxonomy":"category","embeddable":true,"href":"https:\/\/ccvalg.pt\/astronomia\/wordpress\/wp-json\/wp\/v2\/categories?post=3341"},{"taxonomy":"post_tag","embeddable":true,"href":"https:\/\/ccvalg.pt\/astronomia\/wordpress\/wp-json\/wp\/v2\/tags?post=3341"}],"curies":[{"name":"wp","href":"https:\/\/api.w.org\/{rel}","templated":true}]}}