{"id":3247,"date":"2005-07-08T08:10:37","date_gmt":"2005-07-08T08:10:37","guid":{"rendered":"http:\/\/ccvalg.pt\/astronomia\/wordpress\/?p=3247"},"modified":"2020-06-19T08:12:30","modified_gmt":"2020-06-19T08:12:30","slug":"mais-imagens-do-ferido-cometa-tempel-1","status":"publish","type":"post","link":"https:\/\/ccvalg.pt\/astronomia\/wordpress\/2005\/07\/08\/mais-imagens-do-ferido-cometa-tempel-1\/","title":{"rendered":"Mais imagens do ferido Cometa Tempel 1"},"content":{"rendered":"\n<p>A miss\u00e3o Deep Impact, que colidiu com o cometa Tempel 1 no passado dia 4, foi um estrondoso \u00eaxito. Imagens espectaculares foram enviadas pela sonda, constitu\u00edda por duas partes, uma destinada a impactar no cometa, e outra que observava de longe o evento.<\/p>\n\n\n\n<p>Observat\u00f3rios, tanto terrestres como espaciais, estiveram tamb\u00e9m de olhos apontados ao cometa Tempel 1, no intuito de recolher a maior quantidade de dados poss\u00edvel.<\/p>\n\n\n\n<div class=\"wp-block-image\"><figure class=\"aligncenter\"><a href=\"http:\/\/photojournal.jpl.nasa.gov\/jpeg\/PIA02137.jpg\" target=\"_blank\" rel=\"noreferrer noopener\"><img decoding=\"async\" src=\"http:\/\/www.nasa.gov\/images\/content\/121575main_HRI-937-516.jpg\" alt=\"\"\/><\/a><figcaption> Imagem do Cometa Tempel 1 tirada 67 segundos de ter obliterado a sonda Impactor da Deep Impact. A imagem revela caracter\u00edsticas topogr\u00e1ficas e possivelmente crateras impacto h\u00e1 muito tempo formadas.<br>Cr\u00e9dito: NASA\/JPL-Caltech\/UMD<\/figcaption><\/figure><\/div>\n\n\n\n<p>Na not\u00edcia do passado dia 5, mostr\u00e1mos as recentes imagens adquiridas pela &#8220;Impactor&#8221; (nome da sonda que colidiu com o cometa) e pela sonda-m\u00e3e, bem como do Hubble, do observat\u00f3rio XMM-Newton, do Telesc\u00f3pio Faulkes e da sonda Rosetta.<\/p>\n\n\n\n<p>Todos os observat\u00f3rios do ESO observaram tamb\u00e9m os efeitos do impacto. Ao p\u00f4r-do-Sol no Chile, os sete telesc\u00f3pios do Observat\u00f3rio Paranal em La Silla entraram em ac\u00e7\u00e3o. \u00c0 hora da colis\u00e3o, j\u00e1 n\u00e3o era vis\u00edvel o cometa, mas algumas horas depois foi registada a segunda seguinte imagem (a primeira foi registada antes da colis\u00e3o).<\/p>\n\n\n\n<div class=\"wp-block-image\"><figure class=\"aligncenter\"><a href=\"http:\/\/esamultimedia.esa.int\/images\/Science\/Deep_Impact\/di-fors2_3-4_H.jpg\" target=\"_blank\" rel=\"noreferrer noopener\"><img decoding=\"async\" src=\"http:\/\/www.esa.int\/images\/di-fors2_3-4_400.jpg\" alt=\"\"\/><\/a><figcaption> Imagem do Cometa Tempel 1 antes do impacto.<br>Cr\u00e9dito: ESO<\/figcaption><\/figure><\/div>\n\n\n\n<p>A pluma de material ejectado situa-se na parte Sul da imagem e \u00e9 razoavelmente brilhante e bem definida. Esta nova estrutura (que se junta \u00e0quelas vis\u00edveis nos dias pr\u00e9vios) parece medir cerca de 15,000 quil\u00f3metros em comprimento, indicando que a mat\u00e9ria foi ejectada a uma velocidade entre 700 e 1,000 km\/h.<\/p>\n\n\n\n<p>\u00c9 vis\u00edvel atrav\u00e9s da reflex\u00e3o da luz solar nos gr\u00e3os de poeira. O facto da pluma n\u00e3o ser uniforme em cor provavelmente indica que part\u00edculas de diferentes tamanhos est\u00e3o a viajar a diferentes velocidades.<\/p>\n\n\n\n<div class=\"wp-block-image\"><figure class=\"aligncenter\"><a href=\"http:\/\/esamultimedia.esa.int\/images\/Science\/Deep_Impact\/di-fors2_4-5_H.jpg\" target=\"_blank\" rel=\"noreferrer noopener\"><img decoding=\"async\" src=\"http:\/\/www.esa.int\/images\/di-fors2_4-5_400.jpg\" alt=\"\"\/><\/a><figcaption> Imagem do Cometa depois do impacto.<br>Cr\u00e9dito: ESO<\/figcaption><\/figure><\/div>\n\n\n\n<p>O Cometa Tempel 1 tem continuado a ser estudado nestes dias pelos telesc\u00f3pios em La Silla em ordem a estudar com precis\u00e3o o seu comportamento a longo prazo.<\/p>\n\n\n\n<p><strong>Links:<\/strong><\/p>\n\n\n\n<p><strong>V\u00eddeo da colis\u00e3o em formato&nbsp;<a href=\"http:\/\/www.apple.com\/quicktime\" target=\"_blank\" rel=\"noreferrer noopener\">Quicktime<\/a>&nbsp;(imperd\u00edvel):<\/strong><br><a href=\"http:\/\/www.nasa.gov\/mov\/121520main_HRI-Movie.mov\" target=\"_blank\" rel=\"noreferrer noopener\">http:\/\/www.nasa.gov\/mov\/121520main_HRI-Movie.mov<\/a><\/p>\n\n\n\n<p><strong>Not\u00edcias relacionadas:<\/strong><br><a href=\"http:\/\/news.bbc.co.uk\/2\/hi\/science\/nature\/4656567.stm\" target=\"_blank\" rel=\"noreferrer noopener\">http:\/\/news.bbc.co.uk\/2\/hi\/science\/nature\/4656567.stm<\/a><br><a href=\"http:\/\/economictimes.indiatimes.com\/articleshow\/1163067.cms\" target=\"_blank\" rel=\"noreferrer noopener\">http:\/\/economictimes.indiatimes.com\/articleshow\/1163067.cms<\/a><br><a href=\"http:\/\/www.signonsandiego.com\/news\/science\/20050705-1558-ca-cometbuster.html\" target=\"_blank\" rel=\"noreferrer noopener\">http:\/\/www.signonsandiego.com\/news\/science\/20050705-1558-ca-cometbuster.html<\/a><\/p>\n\n\n\n<p><strong>Deep Impact:<br><\/strong><a href=\"http:\/\/www.nasa.gov\/mission_pages\/deepimpact\/main\/index.html?skipIntro=1\" target=\"_blank\" rel=\"noreferrer noopener\">http:\/\/www.nasa.gov\/mission_pages\/deepimpact\/main\/index.html?skipIntro=1<\/a><br><a href=\"http:\/\/deepimpact.jpl.nasa.gov\/home\/index.html\" target=\"_blank\" rel=\"noreferrer noopener\">http:\/\/deepimpact.jpl.nasa.gov\/home\/index.html<\/a><br><a href=\"http:\/\/www.nasa.gov\/mission_pages\/deepimpact\/images\/index.html\" target=\"_blank\" rel=\"noreferrer noopener\">http:\/\/www.nasa.gov\/mission_pages\/deepimpact\/images\/index.html<\/a><br><a href=\"http:\/\/en.wikipedia.org\/wiki\/Deep_Impact_%28space_mission%29\" target=\"_blank\" rel=\"noreferrer noopener\">http:\/\/en.wikipedia.org\/wiki\/Deep_Impact_%28space_mission%29<\/a><\/p>\n","protected":false},"excerpt":{"rendered":"<p>A miss\u00e3o Deep Impact, que colidiu com o cometa Tempel 1 no passado dia 4, foi um estrondoso \u00eaxito. Imagens espectaculares foram enviadas pela sonda, constitu\u00edda por duas partes, uma destinada a impactar no cometa, e outra que observava de longe o evento. Observat\u00f3rios, tanto terrestres como espaciais, estiveram tamb\u00e9m de olhos apontados ao cometa &hellip;<\/p>\n","protected":false},"author":1,"featured_media":0,"comment_status":"open","ping_status":"open","sticky":false,"template":"","format":"standard","meta":{"footnotes":""},"categories":[9,16],"tags":[821,278],"class_list":["post-3247","post","type-post","status-publish","format-standard","","category-sistema-solar","category-sondas-missoes-espaciais","tag-cometa-9p-tempel-1","tag-deep-impact"],"_links":{"self":[{"href":"https:\/\/ccvalg.pt\/astronomia\/wordpress\/wp-json\/wp\/v2\/posts\/3247","targetHints":{"allow":["GET"]}}],"collection":[{"href":"https:\/\/ccvalg.pt\/astronomia\/wordpress\/wp-json\/wp\/v2\/posts"}],"about":[{"href":"https:\/\/ccvalg.pt\/astronomia\/wordpress\/wp-json\/wp\/v2\/types\/post"}],"author":[{"embeddable":true,"href":"https:\/\/ccvalg.pt\/astronomia\/wordpress\/wp-json\/wp\/v2\/users\/1"}],"replies":[{"embeddable":true,"href":"https:\/\/ccvalg.pt\/astronomia\/wordpress\/wp-json\/wp\/v2\/comments?post=3247"}],"version-history":[{"count":1,"href":"https:\/\/ccvalg.pt\/astronomia\/wordpress\/wp-json\/wp\/v2\/posts\/3247\/revisions"}],"predecessor-version":[{"id":3248,"href":"https:\/\/ccvalg.pt\/astronomia\/wordpress\/wp-json\/wp\/v2\/posts\/3247\/revisions\/3248"}],"wp:attachment":[{"href":"https:\/\/ccvalg.pt\/astronomia\/wordpress\/wp-json\/wp\/v2\/media?parent=3247"}],"wp:term":[{"taxonomy":"category","embeddable":true,"href":"https:\/\/ccvalg.pt\/astronomia\/wordpress\/wp-json\/wp\/v2\/categories?post=3247"},{"taxonomy":"post_tag","embeddable":true,"href":"https:\/\/ccvalg.pt\/astronomia\/wordpress\/wp-json\/wp\/v2\/tags?post=3247"}],"curies":[{"name":"wp","href":"https:\/\/api.w.org\/{rel}","templated":true}]}}