{"id":3233,"date":"2005-06-21T07:55:45","date_gmt":"2005-06-21T07:55:45","guid":{"rendered":"http:\/\/ccvalg.pt\/astronomia\/wordpress\/?p=3233"},"modified":"2020-06-19T07:57:03","modified_gmt":"2020-06-19T07:57:03","slug":"o-triangulo-de-verao","status":"publish","type":"post","link":"https:\/\/ccvalg.pt\/astronomia\/wordpress\/2005\/06\/21\/o-triangulo-de-verao\/","title":{"rendered":"O Tri\u00e2ngulo de Ver\u00e3o"},"content":{"rendered":"\n<p>O Ver\u00e3o come\u00e7ou oficialmente \u00e0s 07:46 de 21 de Junho. E \u00e0 medida que escurece esta semana, o famoso &#8220;Tri\u00e2ngulo de Ver\u00e3o&#8221; pode ser encontrado baixo no c\u00e9u a Este.<\/p>\n\n\n\n<p>Este grande, quase is\u00f3sceles tri\u00e2ngulo \u00e9 composto por tr\u00eas das mais brilhantes estrelas do c\u00e9u, cada uma a estrela mais brilhante da sua pr\u00f3pria constela\u00e7\u00e3o.<\/p>\n\n\n\n<div class=\"wp-block-image\"><figure class=\"aligncenter\"><a href=\"http:\/\/www.allthesky.com\/various\/big\/sumtrim-b.jpg\" target=\"_blank\" rel=\"noreferrer noopener\"><img decoding=\"async\" src=\"http:\/\/www.allthesky.com\/various\/preview\/sumtrim-p.jpg\" alt=\"\"\/><\/a><figcaption> O Tri\u00e2ngulo de Ver\u00e3o.<br>Cr\u00e9dito: T. Credner &amp; S. Kohle, AlltheSky.com<\/figcaption><\/figure><\/div>\n\n\n\n<p>Come\u00e7amos pela azul-esbranqui\u00e7ada Vega (a estrela de onde sa\u00edam os sinais de r\u00e1dio extraterrestres do livro de Carl Sagan, mais tarde passado para filme, &#8220;Contacto&#8221;), em Lira. \u00c9 a quinta estrela mais brilhante do c\u00e9u, bastante pr\u00f3xima de n\u00f3s, a 26 anos-luz de dist\u00e2ncia. O seu tempo de vida ser\u00e1 de apenas mil milh\u00f5es de anos, um d\u00e9cimo da vida do Sol. \u00c9 duas vezes e meia massiva que o Sol e cinquenta vezes mais energ\u00e9tica. Nos anos 80 descobriu-se que \u00e0 sua volta existe um disco de poeira e g\u00e1s, indicando a prov\u00e1vel exist\u00eancia de planetas ou pelo menos as condi\u00e7\u00f5es para a sua forma\u00e7\u00e3o. Por volta do ano 14,000, Vega ser\u00e1 a Estrela Polar, devido \u00e0 precess\u00e3o dos equin\u00f3cios. Foi, em 1850, a primeira estrela a ser fotografada, e em 1872, a primeira a ter o seu espectro analisado.<\/p>\n\n\n\n<p>Seguidamente temos a branca-amarelada Alta\u00edr em \u00c1guia. A 17 anos-luz da Terra, \u00e9 uma das mais pr\u00f3ximas estrelas vis\u00edveis a olho nu. O nome &#8220;Alta\u00edr&#8221; vem do \u00e1rabe &#8220;\u00e1guia voadora&#8221;. Tem uma rota\u00e7\u00e3o bem r\u00e1pida; o seu equador completa uma rota\u00e7\u00e3o em apenas seis horas e meia. O nosso Sol, por exemplo, demora pouco mais que 26. Devido a este efeito, a estrela \u00e9 achatada nos p\u00f3los: o seu di\u00e2metro equatorial \u00e9 pelo menos 14% maior que o seu di\u00e2metro polar.<\/p>\n\n\n\n<p>Finalmente, a branca Deneb em Cisne. Com uma magnitude absoluta de -7.2, \u00e9 uma das estrelas mais luminosas conhecidas. \u00c9 ainda incerta a sua dist\u00e2ncia. V\u00e1rias fontes dizem que se situa entre os 1,600 e os 3,200 anos-luz. O n\u00famero exacto \u00e9 dif\u00edcil de calcular porque estrelas a essas dist\u00e2ncias t\u00eam uma paralaxe quase inexistente. Estimativas da luminosidade de Deneb variam entre as 60,000 vezes o brilho do Sol (se a 1,600 anos-luz) e 250,000 vezes (se a 3,200 anos-luz). Se Deneb fosse um ponto de luz \u00e0 dist\u00e2ncia do Sol, seria bem mais brilhante que a maioria dos lasers industriais; gera mais luz num dia que o Sol em 140 anos. O seu di\u00e2metro dever\u00e1 ser entre 200 ou 300 vezes o do Sol: se estivesse no seu lugar, Deneb alcan\u00e7aria a \u00f3rbita da Terra.<\/p>\n\n\n\n<p>O Tri\u00e2ngulo de Ver\u00e3o \u00e9 uma das partes favoritas do c\u00e9u para a maioria dos observadores, talvez devido \u00e0 sua simplicidade em contraste com a grande abund\u00e2ncia de estrelas brilhantes presentes no c\u00e9u de Inverno. Se est\u00e1 s\u00f3 agora a come\u00e7ar na Astronomia, e especialmente se procura as primeiras estrelas a poderem ser observadas mesmo depois do p\u00f4r-do-Sol durante as pr\u00f3ximas semanas, n\u00e3o \u00e9 prov\u00e1vel confundir o Tri\u00e2ngulo de Ver\u00e3o com qualquer outra coisa.<\/p>\n\n\n\n<p>E, dado que esta \u00e1rea do c\u00e9u est\u00e1 bem afastada do Zod\u00edaco, por onde os brilhantes planetas vagueiam, n\u00e3o tem estranhas &#8220;estrelas&#8221; temporariamente a alterar o seu padr\u00e3o familiar, tal como Saturno tem feito a G\u00e9meos nos \u00faltimos dois anos.<\/p>\n\n\n\n<p>Se tiver a sorte de se poder deslocar para um local escuro numa noite limpa e sem Lua, ver\u00e1 a grande mancha estrelada conhecida como a Estrada de S. Tiago, ou simplesmente Via L\u00e1ctea, passando por entre Vega e Alta\u00edr, Deneb saltando \u00e0 vista no meio deste rio de estrela que cruza os nossos c\u00e9us. Embora todas as estrelas que vejamos no c\u00e9u perten\u00e7am \u00e0 nossa Via L\u00e1ctea, este termo refere-se \u00e0 zona mais brilhante do disco gal\u00e1ctico, onde in\u00fameros S\u00f3is congregam numa corrente enevoada de estrelas.<\/p>\n\n\n\n<p>Depois de aprender a observar o Tri\u00e2ngulo de Ver\u00e3o (e suas respectivas constela\u00e7\u00f5es), porque n\u00e3o seguir o caminho l\u00e1cteo para Sudeste, e observar com bin\u00f3culos os in\u00fameros objectos presentes no centro da nossa Gal\u00e1xia, por entre as constela\u00e7\u00f5es de Sagit\u00e1rio e Escorpi\u00e3o? Nestas noites quentes de Ver\u00e3o, o c\u00e9u est\u00e1 a nosso favor e \u00e9 sempre uma del\u00edcia perdermo-nos por entre nebulosas e enxames, na praia, no campo, ou se tiver de ser, at\u00e9 na cidade.<\/p>\n","protected":false},"excerpt":{"rendered":"<p>O Ver\u00e3o come\u00e7ou oficialmente \u00e0s 07:46 de 21 de Junho. E \u00e0 medida que escurece esta semana, o famoso &#8220;Tri\u00e2ngulo de Ver\u00e3o&#8221; pode ser encontrado baixo no c\u00e9u a Este. Este grande, quase is\u00f3sceles tri\u00e2ngulo \u00e9 composto por tr\u00eas das mais brilhantes estrelas do c\u00e9u, cada uma a estrela mais brilhante da sua pr\u00f3pria constela\u00e7\u00e3o. &hellip;<\/p>\n","protected":false},"author":1,"featured_media":0,"comment_status":"open","ping_status":"open","sticky":false,"template":"","format":"standard","meta":{"footnotes":""},"categories":[156,50,17],"tags":[827,828,825,826],"class_list":["post-3233","post","type-post","status-publish","format-standard","","category-diversos","category-estrelas","category-sociedade-eventos-astronomicos","tag-altair","tag-deneb","tag-triangulo-de-verao","tag-vega"],"_links":{"self":[{"href":"https:\/\/ccvalg.pt\/astronomia\/wordpress\/wp-json\/wp\/v2\/posts\/3233","targetHints":{"allow":["GET"]}}],"collection":[{"href":"https:\/\/ccvalg.pt\/astronomia\/wordpress\/wp-json\/wp\/v2\/posts"}],"about":[{"href":"https:\/\/ccvalg.pt\/astronomia\/wordpress\/wp-json\/wp\/v2\/types\/post"}],"author":[{"embeddable":true,"href":"https:\/\/ccvalg.pt\/astronomia\/wordpress\/wp-json\/wp\/v2\/users\/1"}],"replies":[{"embeddable":true,"href":"https:\/\/ccvalg.pt\/astronomia\/wordpress\/wp-json\/wp\/v2\/comments?post=3233"}],"version-history":[{"count":1,"href":"https:\/\/ccvalg.pt\/astronomia\/wordpress\/wp-json\/wp\/v2\/posts\/3233\/revisions"}],"predecessor-version":[{"id":3234,"href":"https:\/\/ccvalg.pt\/astronomia\/wordpress\/wp-json\/wp\/v2\/posts\/3233\/revisions\/3234"}],"wp:attachment":[{"href":"https:\/\/ccvalg.pt\/astronomia\/wordpress\/wp-json\/wp\/v2\/media?parent=3233"}],"wp:term":[{"taxonomy":"category","embeddable":true,"href":"https:\/\/ccvalg.pt\/astronomia\/wordpress\/wp-json\/wp\/v2\/categories?post=3233"},{"taxonomy":"post_tag","embeddable":true,"href":"https:\/\/ccvalg.pt\/astronomia\/wordpress\/wp-json\/wp\/v2\/tags?post=3233"}],"curies":[{"name":"wp","href":"https:\/\/api.w.org\/{rel}","templated":true}]}}