{"id":3231,"date":"2005-06-21T07:55:38","date_gmt":"2005-06-21T07:55:38","guid":{"rendered":"http:\/\/ccvalg.pt\/astronomia\/wordpress\/?p=3231"},"modified":"2020-06-19T07:57:28","modified_gmt":"2020-06-19T07:57:28","slug":"tributo-da-smart-1-a-cassini","status":"publish","type":"post","link":"https:\/\/ccvalg.pt\/astronomia\/wordpress\/2005\/06\/21\/tributo-da-smart-1-a-cassini\/","title":{"rendered":"Tributo da SMART-1 a Cassini"},"content":{"rendered":"\n<p>Esta imagem da SMART-1 foi dedicada \u00e0 equipa da miss\u00e3o Cassini-Huygens durante a confer\u00eancia da Uni\u00e3o Europeia de Geoci\u00eancia em Viena no passado m\u00eas de Abril, quando os novos resultados de ambas as miss\u00f5es foram apresentados.<\/p>\n\n\n\n<p>A cratera Cassini na Lua tem o nome de Giovanni Domenico Cassini, um dos mais importantes cientistas dos s\u00e9culos XVII e XVIII. A sonda da NASA\/ESA\/ASI, que se encontra actualmente em \u00f3rbita de Saturno, tem o seu nome.<\/p>\n\n\n\n<div class=\"wp-block-image\"><figure class=\"aligncenter\"><a href=\"http:\/\/esamultimedia.esa.int\/images\/smart_1\/SMART-1_AMIE_CassiniCrater_H.jpg\" target=\"_blank\" rel=\"noreferrer noopener\"><img decoding=\"async\" src=\"http:\/\/www.esa.int\/images\/SMART-1_AMIE_CassiniCrater_L,0.jpg\" alt=\"\"\/><\/a><figcaption> Cratera Cassini na Lua, vista pela SMART-1.<br>Cr\u00e9dito: ESA\/Space-X Space Exploration Institute  <\/figcaption><\/figure><\/div>\n\n\n\n<p>Esta cratera lunar tem um di\u00e2metro de 57 km e est\u00e1 localizada a 40\u00ba Norte do limite de Mare Imbrium. Est\u00e1 parcialmente inundada por lava que mais tarde encheu a grande bacia do mar. As tr\u00eas crateras mais pequenas (duas dentro da Cassini e uma outra fora) formaram-se depois da cheia de lava.<\/p>\n\n\n\n<p>Mare Imbrium \u00e9 a segunda maior bacia no lado vis\u00edvel da Lua, com um di\u00e2metro de 1250 km, e \u00e9 um dos mares mais jovens (o mais jovem \u00e9 Mare Orientale), com uma idade entre os 3700 e 3900 milh\u00f5es de anos.<\/p>\n\n\n\n<p>Est\u00e1 rodeada por tr\u00eas an\u00e9is conc\u00eantricos de montanhas, criados pelo grande impacto. Algumas terras altas s\u00e3o aqui vis\u00edveis a Noroeste da cratera Cassini (canto superior esquerdo).<\/p>\n\n\n\n<p>A imagem foi tirada com a compacta e leve c\u00e2mara AMIE a bordo da sonda SMART-1. AMIE significa &#8220;Advanced Moon Micro-Imager Experiment&#8221;.<\/p>\n\n\n\n<p><strong>Links:<\/strong><\/p>\n\n\n\n<p><strong>Giovanni Domenico Cassini:<\/strong><br><a href=\"http:\/\/en.wikipedia.org\/wiki\/Giovanni_Domenico_Cassini\" target=\"_blank\" rel=\"noreferrer noopener\">http:\/\/en.wikipedia.org\/wiki\/Giovanni_Domenico_Cassini<\/a><\/p>\n\n\n\n<p><strong>Cratera Cassini:<\/strong><br><a href=\"http:\/\/en.wikipedia.org\/wiki\/Cassini_%28Lunar_crater%29\" target=\"_blank\" rel=\"noreferrer noopener\">http:\/\/en.wikipedia.org\/wiki\/Cassini_%28Lunar_crater%29<\/a><\/p>\n\n\n\n<p><strong>Miss\u00e3o Cassini-Huygens:<\/strong><br><a href=\"http:\/\/en.wikipedia.org\/wiki\/Cassini-Huygens_Mission\" target=\"_blank\" rel=\"noreferrer noopener\">http:\/\/en.wikipedia.org\/wiki\/Cassini-Huygens_Mission<\/a><br><a href=\"http:\/\/saturn.jpl.nasa.gov\/\" target=\"_blank\" rel=\"noreferrer noopener\">http:\/\/saturn.jpl.nasa.gov\/<\/a><\/p>\n\n\n\n<p><strong>SMART-1:<\/strong><br><a href=\"http:\/\/www.esa.int\/SPECIALS\/SMART-1\/index.html\" target=\"_blank\" rel=\"noreferrer noopener\">http:\/\/www.esa.int\/SPECIALS\/SMART-1\/index.html<\/a><br><a href=\"http:\/\/en.wikipedia.org\/wiki\/Smart-1\" target=\"_blank\" rel=\"noreferrer noopener\">http:\/\/en.wikipedia.org\/wiki\/Smart-1<\/a><\/p>\n\n\n\n<p><strong>Uni\u00e3o Europeia de Geoci\u00eancia:<\/strong><br><a href=\"http:\/\/www.copernicus.org\/EGU\/EGU.html\" target=\"_blank\" rel=\"noreferrer noopener\">http:\/\/www.copernicus.org\/EGU\/EGU.html<\/a><\/p>\n","protected":false},"excerpt":{"rendered":"<p>Esta imagem da SMART-1 foi dedicada \u00e0 equipa da miss\u00e3o Cassini-Huygens durante a confer\u00eancia da Uni\u00e3o Europeia de Geoci\u00eancia em Viena no passado m\u00eas de Abril, quando os novos resultados de ambas as miss\u00f5es foram apresentados. A cratera Cassini na Lua tem o nome de Giovanni Domenico Cassini, um dos mais importantes cientistas dos s\u00e9culos &hellip;<\/p>\n","protected":false},"author":1,"featured_media":0,"comment_status":"open","ping_status":"open","sticky":false,"template":"","format":"standard","meta":{"footnotes":""},"categories":[156,17,16],"tags":[137,824,823,131],"class_list":["post-3231","post","type-post","status-publish","format-standard","","category-diversos","category-sociedade-eventos-astronomicos","category-sondas-missoes-espaciais","tag-cassini","tag-cratera-cassini","tag-giovanni-cassini","tag-smart-1"],"_links":{"self":[{"href":"https:\/\/ccvalg.pt\/astronomia\/wordpress\/wp-json\/wp\/v2\/posts\/3231","targetHints":{"allow":["GET"]}}],"collection":[{"href":"https:\/\/ccvalg.pt\/astronomia\/wordpress\/wp-json\/wp\/v2\/posts"}],"about":[{"href":"https:\/\/ccvalg.pt\/astronomia\/wordpress\/wp-json\/wp\/v2\/types\/post"}],"author":[{"embeddable":true,"href":"https:\/\/ccvalg.pt\/astronomia\/wordpress\/wp-json\/wp\/v2\/users\/1"}],"replies":[{"embeddable":true,"href":"https:\/\/ccvalg.pt\/astronomia\/wordpress\/wp-json\/wp\/v2\/comments?post=3231"}],"version-history":[{"count":1,"href":"https:\/\/ccvalg.pt\/astronomia\/wordpress\/wp-json\/wp\/v2\/posts\/3231\/revisions"}],"predecessor-version":[{"id":3232,"href":"https:\/\/ccvalg.pt\/astronomia\/wordpress\/wp-json\/wp\/v2\/posts\/3231\/revisions\/3232"}],"wp:attachment":[{"href":"https:\/\/ccvalg.pt\/astronomia\/wordpress\/wp-json\/wp\/v2\/media?parent=3231"}],"wp:term":[{"taxonomy":"category","embeddable":true,"href":"https:\/\/ccvalg.pt\/astronomia\/wordpress\/wp-json\/wp\/v2\/categories?post=3231"},{"taxonomy":"post_tag","embeddable":true,"href":"https:\/\/ccvalg.pt\/astronomia\/wordpress\/wp-json\/wp\/v2\/tags?post=3231"}],"curies":[{"name":"wp","href":"https:\/\/api.w.org\/{rel}","templated":true}]}}