{"id":3207,"date":"2005-05-24T07:32:29","date_gmt":"2005-05-24T07:32:29","guid":{"rendered":"http:\/\/ccvalg.pt\/astronomia\/wordpress\/?p=3207"},"modified":"2020-06-19T07:34:01","modified_gmt":"2020-06-19T07:34:01","slug":"buracos-negros-gemeos-no-coracao-de-m83","status":"publish","type":"post","link":"https:\/\/ccvalg.pt\/astronomia\/wordpress\/2005\/05\/24\/buracos-negros-gemeos-no-coracao-de-m83\/","title":{"rendered":"Buracos negros g\u00e9meos no cora\u00e7\u00e3o de M83"},"content":{"rendered":"\n<p>Segundo novas observa\u00e7\u00f5es, uma gal\u00e1xa espiral classificada como um esp\u00e9cime perfeito, pode ser lar de dois buracos negros supermassivos em vez de apenas um. Se assim for, os astr\u00f3nomos questionam-se de como pode isto acontecer sem estragar a estrutura espiral da gal\u00e1xia.<\/p>\n\n\n\n<p>Pensa-se que a maioria das gal\u00e1xias tenha um grande buraco negro com uma massa proporcional \u00e0 da sua gal\u00e1xia. Mas estas crescem atraves das colis\u00f5es, e os astr\u00f3nomos acreditam que os buracos negros se juntam ao longo do tempo.<\/p>\n\n\n\n<p>Duas gal\u00e1xias parecem ter pares de buracos negros. Estas gal\u00e1xias emitem significativos raios-X quando a mat\u00e9ria superquente cai na direc\u00e7\u00e3o dos objectos massivos.<\/p>\n\n\n\n<div class=\"wp-block-image\"><figure class=\"aligncenter\"><a href=\"http:\/\/radio.astro.gla.ac.uk\/a1dynamics\/m83.jpg\" target=\"_blank\" rel=\"noreferrer noopener\"><img decoding=\"async\" src=\"http:\/\/radio.astro.gla.ac.uk\/a1dynamics\/m83.jpg\" alt=\"\"\/><\/a><figcaption> M83 \u00e9 uma das mais pr\u00f3ximas e brilhantes gal\u00e1xias espiral-barradas do c\u00e9u. \u00c9 vis\u00edvel com bin\u00f3culos na direc\u00e7\u00e3o da constela\u00e7\u00e3o de Hidra.<br>Cr\u00e9dito: Equipa FORS, Telesc\u00f3pio de 8.2 m do VLT, ESO <\/figcaption><\/figure><\/div>\n\n\n\n<p>Mas agora um trio de astr\u00f3nomos, liderados por Dami\u00e1n Mast da Universidade Nacional da Argentina em C\u00f3rdoba, afirmam que poder\u00e3o haver dois buracos negros dentro da gal\u00e1xia M83, que se situa a cerca de 15 milh\u00f5es de anos-luz de dist\u00e2ncia &#8211; mesmo que n\u00e3o emita estes raios-X.<\/p>\n\n\n\n<p>Tal possibilidade foi levantada pela primeira vez em 2000 por outra equipa na Alemanha. A equipa estudou o movimento das estrelas da gal\u00e1xia ao longo da linha de vis\u00e3o entre a Terra e M83, descobrindo duas concentra\u00e7\u00f5es de massa, ou &#8220;n\u00facleos&#8221;. Um era bastante brilhante enquanto o outro &#8211; mais perto do centro aparente da gal\u00e1xia &#8211; era t\u00e9nue. A equipa sugeriu que o g\u00e1s e poeira estavam bloqueando a luz do segundo objecto, que pensaram ser o verdadeiro centro da gal\u00e1xia &#8211; no qual o g\u00e1s e as estrelas orbitam.<\/p>\n\n\n\n<p>A equipa de Mast estudou o movimento do g\u00e1s ionizado perto do centro de M83. Usaram os dados para melhor localizar os dois n\u00f3s de mat\u00e9ria, que parecem situar-se a cerca de 200 anos-luz entre si.<\/p>\n\n\n\n<p>Tamb\u00e9m estimaram as suas massas, o brilhante contendo o equivalente a cinco milh\u00f5es de S\u00f3is e o mais escuro 10 milh\u00f5es de S\u00f3is. Em compara\u00e7\u00e3o, o buraco negro central da Via L\u00e1ctea tem a massa de aproximadamente quatro milh\u00f5es de massas solares.<\/p>\n\n\n\n<p>Estas massas, em conjunto com uma observa\u00e7\u00e3o pr\u00e9via de um arco de forma\u00e7\u00e3o estelar perto do centro da gal\u00e1xia, levaram a equipa a considerar a possibilidade dos n\u00facleos serem buracos negros supermassivos. A equipa pensa que o alto nascimento estelar pode ter sido despoletado pelo n\u00facleo escuro viajando pelo g\u00e1s denso &#8211; um evento que pode significar uma fus\u00e3o gal\u00e1ctica. O evento pode ter come\u00e7ado h\u00e1 cerca de 8 milh\u00f5es de anos atr\u00e1s &#8211; a idade das estrelas mais velhas do arco.<\/p>\n\n\n\n<p>A equipa tem cuidado ao n\u00e3o chamar estes objectos de &#8220;buracos negros&#8221;, considerando que podem tamb\u00e9m ser massivos enxames estelares.<\/p>\n\n\n\n<p>David Merritt, um astrof\u00edsico do Instituto de Tecnologia Rochester em Nova Iorque, EUA, duvida que a gal\u00e1xia tenha dois buracos negros supermassivos. Os buracos negros e suas massas nasceriam em gal\u00e1xias de tamanho aproximadamente igual. E as fus\u00f5es entre estes dois provavelmente resultariam numa gal\u00e1xia com a forma de uma gota &#8211; n\u00e3o uma gal\u00e1xia espiral &#8220;cl\u00e1ssica&#8221; como M83, afirma.<\/p>\n\n\n\n<p>&#8220;Penso que existe um buraco negro no local do n\u00facleo obscurecido, e que o outro n\u00facleo brilhante seja apenas uma regi\u00e3o de forma\u00e7\u00e3o estelar&#8221;.<\/p>\n\n\n\n<p><strong>Links:<\/strong><\/p>\n\n\n\n<p><strong>Not\u00edcias relacionadas:<\/strong><br><a href=\"http:\/\/www.universetoday.com\/am\/publish\/twin_black_holes_m83.html?1852005\" target=\"_blank\" rel=\"noreferrer noopener\">http:\/\/www.universetoday.com\/am\/publish\/twin_black_holes_m83.html?1852005<\/a><br><a href=\"http:\/\/internationalreporter.com\/news\/read.php?id=586\" target=\"_blank\" rel=\"noreferrer noopener\">http:\/\/internationalreporter.com\/news\/read.php?id=586<\/a><\/p>\n\n\n\n<p><strong>Artigo (em PDF) sobre o n\u00facleo duplo de M83:<br><\/strong><a href=\"http:\/\/arxiv.org\/PS_cache\/astro-ph\/pdf\/0505\/0505264.pdf\" target=\"_blank\" rel=\"noreferrer noopener\">http:\/\/arxiv.org\/PS_cache\/astro-ph\/pdf\/0505\/0505264.pdf<\/a><\/p>\n\n\n\n<p><strong>M83:<br><\/strong><a href=\"http:\/\/www.seds.org\/messier\/m\/m083.html\" target=\"_blank\" rel=\"noreferrer noopener\">http:\/\/www.seds.org\/messier\/m\/m083.html<\/a><br><a href=\"http:\/\/en.wikipedia.org\/wiki\/Southern_Pinwheel_Galaxy\" target=\"_blank\" rel=\"noreferrer noopener\">http:\/\/en.wikipedia.org\/wiki\/Southern_Pinwheel_Galaxy<\/a><\/p>\n\n\n\n<p><strong>Mais informa\u00e7\u00f5es sobre buracos negros e gal\u00e1xias:<br><\/strong><a href=\"http:\/\/www.rit.edu\/~drmsps\/theory.htm\" target=\"_blank\" rel=\"noreferrer noopener\">http:\/\/www.rit.edu\/~drmsps\/theory.htm<\/a><\/p>\n","protected":false},"excerpt":{"rendered":"<p>Segundo novas observa\u00e7\u00f5es, uma gal\u00e1xa espiral classificada como um esp\u00e9cime perfeito, pode ser lar de dois buracos negros supermassivos em vez de apenas um. Se assim for, os astr\u00f3nomos questionam-se de como pode isto acontecer sem estragar a estrutura espiral da gal\u00e1xia. Pensa-se que a maioria das gal\u00e1xias tenha um grande buraco negro com uma &hellip;<\/p>\n","protected":false},"author":1,"featured_media":0,"comment_status":"open","ping_status":"open","sticky":false,"template":"","format":"standard","meta":{"footnotes":""},"categories":[151,60],"tags":[192,820],"class_list":["post-3207","post","type-post","status-publish","format-standard","","category-buracos-negros","category-galaxias","tag-buraco-negro","tag-m83"],"_links":{"self":[{"href":"https:\/\/ccvalg.pt\/astronomia\/wordpress\/wp-json\/wp\/v2\/posts\/3207","targetHints":{"allow":["GET"]}}],"collection":[{"href":"https:\/\/ccvalg.pt\/astronomia\/wordpress\/wp-json\/wp\/v2\/posts"}],"about":[{"href":"https:\/\/ccvalg.pt\/astronomia\/wordpress\/wp-json\/wp\/v2\/types\/post"}],"author":[{"embeddable":true,"href":"https:\/\/ccvalg.pt\/astronomia\/wordpress\/wp-json\/wp\/v2\/users\/1"}],"replies":[{"embeddable":true,"href":"https:\/\/ccvalg.pt\/astronomia\/wordpress\/wp-json\/wp\/v2\/comments?post=3207"}],"version-history":[{"count":1,"href":"https:\/\/ccvalg.pt\/astronomia\/wordpress\/wp-json\/wp\/v2\/posts\/3207\/revisions"}],"predecessor-version":[{"id":3208,"href":"https:\/\/ccvalg.pt\/astronomia\/wordpress\/wp-json\/wp\/v2\/posts\/3207\/revisions\/3208"}],"wp:attachment":[{"href":"https:\/\/ccvalg.pt\/astronomia\/wordpress\/wp-json\/wp\/v2\/media?parent=3207"}],"wp:term":[{"taxonomy":"category","embeddable":true,"href":"https:\/\/ccvalg.pt\/astronomia\/wordpress\/wp-json\/wp\/v2\/categories?post=3207"},{"taxonomy":"post_tag","embeddable":true,"href":"https:\/\/ccvalg.pt\/astronomia\/wordpress\/wp-json\/wp\/v2\/tags?post=3207"}],"curies":[{"name":"wp","href":"https:\/\/api.w.org\/{rel}","templated":true}]}}