{"id":3189,"date":"2005-05-03T07:17:01","date_gmt":"2005-05-03T07:17:01","guid":{"rendered":"http:\/\/ccvalg.pt\/astronomia\/wordpress\/?p=3189"},"modified":"2020-06-19T07:19:14","modified_gmt":"2020-06-19T07:19:14","slug":"marsis-pronto-para-entrar-em-accao","status":"publish","type":"post","link":"https:\/\/ccvalg.pt\/astronomia\/wordpress\/2005\/05\/03\/marsis-pronto-para-entrar-em-accao\/","title":{"rendered":"MARSIS pronto para entrar em ac\u00e7\u00e3o"},"content":{"rendered":"\n<p>Seguindo o avalo dado \u00e0 activa\u00e7\u00e3o do radar da Mars Express em Fevereiro deste ano, espera-se agora que este entre em opera\u00e7\u00e3o na primeira metade de Maio. Uma vez que a activa\u00e7\u00e3o tenha sido completada com sucesso, o radar da Mars Express, de nome MARSIS, ir\u00e1 permitir o complemento do estudo da atmosfera do planeta e sua superf\u00edcie. O MARSIS (diminutivo para Mars Advanced Radar for Subsurface and Ionosphere Sounding instrument) \u00e9 a primeira antena do seu g\u00e9nero que foi tamb\u00e9m desenhada para pesquisar por baixo da superf\u00edcie de Marte em diferentes camadas de material, essencialmente na procura de \u00e1gua.<\/p>\n\n\n\n<div class=\"wp-block-image\"><figure class=\"aligncenter\"><img decoding=\"async\" src=\"http:\/\/www.margheritacampaniolo.it\/marsis.jpg\" alt=\"\"\/><figcaption> Analisando o funcionamento da MARSIS.  <\/figcaption><\/figure><\/div>\n\n\n\n<p>A liberta\u00e7\u00e3o das tr\u00eas partes do MARSIS consiste numa opera\u00e7\u00e3o com tr\u00eas fases, numa janela de tempo entre 2 e 12 de Maio. Esta opera\u00e7\u00e3o ser\u00e1 vigiada pelo Centro Europeu de Opera\u00e7\u00f5es da ESA (ESOC) em Darmstadt, Alemanha. Cada parte ser\u00e1 libertada separadamente, os dois &#8216;dip\u00f3los&#8217; de 20 metros primeiro e o &#8216;monop\u00f3lo&#8217; de 7 metros uns dias depois. Antes de cada liberta\u00e7\u00e3o, a sonda ser\u00e1 posta num modo de controlo &#8216;robusto&#8217;, que permitir\u00e1 com que se mova livremente enquanto cada parte se extende antes de tomar a direc\u00e7\u00e3o do Sol e da Terra.<\/p>\n\n\n\n<p>Depois de cada liberta\u00e7\u00e3o, a equipa de controlo ir\u00e1 conduzir certos diagn\u00f3sticos antes de tomar qualquer decis\u00e3o de seguir para a pr\u00f3xima fase. Este resultado ser\u00e1 atingido ap\u00f3s uma s\u00e9rie de testes, cada um durante uns poucos dias. No final da activa\u00e7\u00e3o do radar, os engenheiros da ESA come\u00e7ar\u00e3o a an\u00e1lise do total comportamento do sat\u00e9lite em ordem a serem capazes de confirmar o sucesso geral da opera\u00e7\u00e3o. O calend\u00e1rio actual est\u00e1 sujeito a altera\u00e7\u00f5es porque o timing das complexas s\u00e9ries de opera\u00e7\u00f5es n\u00e3o podem ser fixados de antem\u00e3o.<\/p>\n\n\n\n<div class=\"wp-block-image\"><figure class=\"aligncenter\"><a href=\"http:\/\/esamultimedia.esa.int\/images\/mars_express.jpg\" target=\"_blank\" rel=\"noreferrer noopener\"><img decoding=\"async\" src=\"http:\/\/www.esa.int\/images\/mars_express400.jpg\" alt=\"\"\/><\/a><figcaption>Ilustra\u00e7\u00e3o de artista da sonda Marsis j\u00e1 com a experi\u00eancia MARSIS.<br>Cr\u00e9dito: ESA<br><\/figcaption><\/figure><\/div>\n\n\n\n<p>Uma vez que estas opera\u00e7\u00f5es delicadas acabem, tr\u00eas semanas passar\u00e3o at\u00e9 que o MARSIS comece as suas investiga\u00e7\u00f5es cient\u00edficas a s\u00e9rio, quando uma das regi\u00f5es principais de interesse esteja na posi\u00e7\u00e3o ideal para as observa\u00e7\u00f5es de radar terem lugar.<\/p>\n\n\n\n<p><strong>Links:<\/strong><\/p>\n\n\n\n<p><strong>Not\u00edcias relacionadas:<\/strong><br><a rel=\"noreferrer noopener\" href=\"http:\/\/www.universetoday.com\/am\/publish\/marsis_deployed_may.html?2942005\" target=\"_blank\">http:\/\/www.universetoday.com\/am\/publish\/marsis_deployed_may.html?2942005<\/a><br><a rel=\"noreferrer noopener\" href=\"http:\/\/news.bbc.co.uk\/1\/hi\/sci\/tech\/4498055.stm\" target=\"_blank\">http:\/\/news.bbc.co.uk\/1\/hi\/sci\/tech\/4498055.stm<\/a><br><a rel=\"noreferrer noopener\" href=\"http:\/\/www.physorg.com\/news3929.html\" target=\"_blank\">http:\/\/www.physorg.com\/news3929.html<\/a><\/p>\n\n\n\n<p><strong>MARSIS:<br><\/strong><a href=\"http:\/\/www.marsis.com\/\" target=\"_blank\" rel=\"noreferrer noopener\">http:\/\/www.marsis.com\/<\/a><br><a href=\"http:\/\/www.esa.int\/SPECIALS\/Mars_Express\/SEMUC75V9ED_0.html#subhead7\" target=\"_blank\" rel=\"noreferrer noopener\">http:\/\/www.esa.int\/SPECIALS\/Mars_Express\/SEMUC75V9ED_0.html#subhead7<\/a><\/p>\n\n\n\n<p><strong>Mars Express:<\/strong><br><a href=\"http:\/\/www.esa.int\/SPECIALS\/Mars_Express\/\" target=\"_blank\" rel=\"noreferrer noopener\">http:\/\/www.esa.int\/SPECIALS\/Mars_Express\/<\/a><\/p>\n\n\n\n<p><strong>Marte:<\/strong><br><a href=\"http:\/\/en.wikipedia.org\/wiki\/Mars_%28planet%29\" target=\"_blank\" rel=\"noreferrer noopener\">http:\/\/en.wikipedia.org\/wiki\/Mars_(planet)<\/a><br><a href=\"http:\/\/www.nineplanets.org\/mars.html\" target=\"_blank\" rel=\"noreferrer noopener\">http:\/\/www.nineplanets.org\/mars.html<\/a><\/p>\n","protected":false},"excerpt":{"rendered":"<p>Seguindo o avalo dado \u00e0 activa\u00e7\u00e3o do radar da Mars Express em Fevereiro deste ano, espera-se agora que este entre em opera\u00e7\u00e3o na primeira metade de Maio. Uma vez que a activa\u00e7\u00e3o tenha sido completada com sucesso, o radar da Mars Express, de nome MARSIS, ir\u00e1 permitir o complemento do estudo da atmosfera do planeta &hellip;<\/p>\n","protected":false},"author":1,"featured_media":0,"comment_status":"open","ping_status":"open","sticky":false,"template":"","format":"standard","meta":{"footnotes":""},"categories":[9,16],"tags":[162,284,4],"class_list":["post-3189","post","type-post","status-publish","format-standard","","category-sistema-solar","category-sondas-missoes-espaciais","tag-mars-express","tag-marsis","tag-marte"],"_links":{"self":[{"href":"https:\/\/ccvalg.pt\/astronomia\/wordpress\/wp-json\/wp\/v2\/posts\/3189","targetHints":{"allow":["GET"]}}],"collection":[{"href":"https:\/\/ccvalg.pt\/astronomia\/wordpress\/wp-json\/wp\/v2\/posts"}],"about":[{"href":"https:\/\/ccvalg.pt\/astronomia\/wordpress\/wp-json\/wp\/v2\/types\/post"}],"author":[{"embeddable":true,"href":"https:\/\/ccvalg.pt\/astronomia\/wordpress\/wp-json\/wp\/v2\/users\/1"}],"replies":[{"embeddable":true,"href":"https:\/\/ccvalg.pt\/astronomia\/wordpress\/wp-json\/wp\/v2\/comments?post=3189"}],"version-history":[{"count":1,"href":"https:\/\/ccvalg.pt\/astronomia\/wordpress\/wp-json\/wp\/v2\/posts\/3189\/revisions"}],"predecessor-version":[{"id":3190,"href":"https:\/\/ccvalg.pt\/astronomia\/wordpress\/wp-json\/wp\/v2\/posts\/3189\/revisions\/3190"}],"wp:attachment":[{"href":"https:\/\/ccvalg.pt\/astronomia\/wordpress\/wp-json\/wp\/v2\/media?parent=3189"}],"wp:term":[{"taxonomy":"category","embeddable":true,"href":"https:\/\/ccvalg.pt\/astronomia\/wordpress\/wp-json\/wp\/v2\/categories?post=3189"},{"taxonomy":"post_tag","embeddable":true,"href":"https:\/\/ccvalg.pt\/astronomia\/wordpress\/wp-json\/wp\/v2\/tags?post=3189"}],"curies":[{"name":"wp","href":"https:\/\/api.w.org\/{rel}","templated":true}]}}