{"id":2494,"date":"2019-10-18T05:58:36","date_gmt":"2019-10-18T05:58:36","guid":{"rendered":"http:\/\/ccvalg.pt\/astronomia\/wordpress\/?p=2494"},"modified":"2019-10-18T05:58:48","modified_gmt":"2019-10-18T05:58:48","slug":"alma-observa-fluxos-contra-intuitivos-em-torno-de-buraco-negro","status":"publish","type":"post","link":"https:\/\/ccvalg.pt\/astronomia\/wordpress\/2019\/10\/18\/alma-observa-fluxos-contra-intuitivos-em-torno-de-buraco-negro\/","title":{"rendered":"ALMA observa fluxos contra-intuitivos em torno de buraco negro"},"content":{"rendered":"\n<figure class=\"wp-block-image\"><a href=\"https:\/\/www.almaobservatory.org\/wp-content\/uploads\/2019\/10\/Impellizzeri_artist_impression-1.jpg\" target=\"_blank\" rel=\"noreferrer noopener\"><img loading=\"lazy\" decoding=\"async\" width=\"680\" height=\"408\" src=\"https:\/\/ccvalg.pt\/astronomia\/wordpress\/wp-content\/uploads\/2019\/10\/Impellizzeri_artist_impression-1-680x408.jpg\" alt=\"\" class=\"wp-image-2495\" srcset=\"https:\/\/ccvalg.pt\/astronomia\/wordpress\/wp-content\/uploads\/2019\/10\/Impellizzeri_artist_impression-1-680x408.jpg 680w, https:\/\/ccvalg.pt\/astronomia\/wordpress\/wp-content\/uploads\/2019\/10\/Impellizzeri_artist_impression-1-680x408-300x180.jpg 300w\" sizes=\"auto, (max-width: 680px) 100vw, 680px\" \/><\/a><figcaption>Impress\u00e3o de artista do cora\u00e7\u00e3o da gal\u00e1xia NGC 1068, que alberga um buraco negro que se alimenta ativamente, escondido por tr\u00e1s de uma nuvem de g\u00e1s e poeira em forma de anel. O ALMA descobriu dois fluxos gasosos em contrarota\u00e7\u00e3o em torno do buraco negro. As cores na imagem representam o movimento do g\u00e1s: o azul \u00e9 material que se move na nossa dire\u00e7\u00e3o, o vermelho \u00e9 material que se afasta de n\u00f3s.<br>Cr\u00e9dito: NRAO\/AUI\/NSF, S. Dagnello<\/figcaption><\/figure>\n\n\n\n<p>No centro de uma gal\u00e1xia chamada NGC 1068, um buraco negro supermassivo esconde-se dentro uma espessa nuvem de poeira e g\u00e1s em forma de anel. Quando os astr\u00f3nomos usaram o ALMA (Atacama Large Millimeter\/submillimeter Array) para estudar esta nuvem em mais detalhe, fizeram uma descoberta inesperada que poder\u00e1 explicar porque \u00e9 que os buracos negros supermassivos cresceram t\u00e3o depressa no in\u00edcio do Universo.<\/p>\n\n\n\n<p>&#8220;Gra\u00e7as \u00e0 espetacular resolu\u00e7\u00e3o do ALMA, medimos o movimento do g\u00e1s nas \u00f3rbitas mais interiores em redor do buraco negro,&#8221; explica Violette Impellizzeri do NRAO (National Radio Astronomy Observatory), que trabalha com o ALMA no Chile e \u00e9 a autora principal de um artigo publicado na revista The Astrophysical Journal. &#8220;Surpreendentemente, encontr\u00e1mos dois discos de g\u00e1s girando em dire\u00e7\u00f5es opostas.&#8221;<\/p>\n\n\n\n<p>Os buracos negros supermassivos j\u00e1 existiam quando o Universo era jovem, apenas mil milh\u00f5es de anos ap\u00f3s o Big Bang. Mas exatamente como estes objetos extremos, cujas massas atingem milhares de milh\u00f5es de vezes a massa do Sol, tiveram tempo para crescer tanto, \u00e9 uma quest\u00e3o importante entre os astr\u00f3nomos. Esta nova descoberta do ALMA pode fornecer uma pista. &#8220;Os fluxos de g\u00e1s contragirat\u00f3rios s\u00e3o inst\u00e1veis, o que significa que as nuvens caem no buraco negro mais depressa do que num disco com uma \u00fanica dire\u00e7\u00e3o de rota\u00e7\u00e3o,&#8221; disse Impellizzeri. &#8220;Esta pode ser uma maneira pela qual um buraco negro cresce rapidamente.&#8221;<\/p>\n\n\n\n<p>NGC 1068 (tamb\u00e9m conhecida como Messier 77) \u00e9 uma gal\u00e1xia espiral a aproximadamente 47 milh\u00f5es de anos-luz da Terra na dire\u00e7\u00e3o da constela\u00e7\u00e3o de Baleia. No seu centro est\u00e1 um n\u00facleo gal\u00e1ctico ativo, um buraco negro supermassivo que se alimenta ativamente de um disco girat\u00f3rio e fino de g\u00e1s e poeira, tamb\u00e9m conhecido como disco de acre\u00e7\u00e3o.<\/p>\n\n\n\n<figure class=\"wp-block-image\"><a href=\"https:\/\/www.almaobservatory.org\/wp-content\/uploads\/2019\/10\/Impellizzeri_velocity_NoLabels_10092019.jpg\" target=\"_blank\" rel=\"noreferrer noopener\"><img decoding=\"async\" src=\"https:\/\/www.almaobservatory.org\/wp-content\/uploads\/2019\/10\/Impellizzeri_velocity_NoLabels_10092019-680x443.jpg\" alt=\"\"\/><\/a><figcaption> Imagem ALMA que mostra dois discos de g\u00e1s que se movem em dire\u00e7\u00f5es opostas em torno do buraco negro da gal\u00e1xia NGC 1068. As cores na imagem representam o movimento do g\u00e1s: o azul \u00e9 material que se move na nossa dire\u00e7\u00e3o, o vermelho \u00e9 material que se afasta de n\u00f3s. Os tri\u00e2ngulos brancos foram acrescentados para mostrar o g\u00e1s acelerado que \u00e9 expelido do disco interior &#8211; formando uma nuvem espessa que esconde o buraco negro.<br>Cr\u00e9dito: ALMA (ESO\/NAOJ\/NRAO), V. Impellizzeri; NRAO\/AUI\/NSF, S. Dagnello <\/figcaption><\/figure>\n\n\n\n<p>Observa\u00e7\u00f5es anteriores do ALMA revelaram que o buraco negro est\u00e1 a engolir material e a expelir g\u00e1s a velocidades incrivelmente altas. Este g\u00e1s expelido do disco de acre\u00e7\u00e3o provavelmente contribui para ocultar a regi\u00e3o em redor do buraco negro dos telesc\u00f3pios \u00f3ticos.<\/p>\n\n\n\n<p>Impellizzeri e a sua equipa usaram a incr\u00edvel capacidade de amplia\u00e7\u00e3o do ALMA para observar o g\u00e1s molecular em redor do buraco negro. Inesperadamente, encontraram dois discos de g\u00e1s contragirat\u00f3rios. O disco interno mede 2-4 anos-luz e segue a rota\u00e7\u00e3o da gal\u00e1xia, ao passo que o disco externo (tamb\u00e9m conhecido como toro) mede 4-22 anos-luz e gira na dire\u00e7\u00e3o oposta.<\/p>\n\n\n\n<p>&#8220;N\u00e3o esper\u00e1vamos ver isto porque o g\u00e1s que entra no buraco negro normalmente gira apenas numa dire\u00e7\u00e3o,&#8221; disse Impellizzeri. &#8220;Algo deve ter perturbado o fluxo, porque \u00e9 imposs\u00edvel que uma parte do disco comece a girar para tr\u00e1s sozinha.&#8221;<\/p>\n\n\n\n<p>A contrarota\u00e7\u00e3o n\u00e3o \u00e9 um fen\u00f3meno invulgar no espa\u00e7o. &#8220;Vemos isto em gal\u00e1xias, geralmente a milhares de anos-luz dos seus centros gal\u00e1cticos,&#8221; explicou o coautor Jack Gallimore da Universidade Bucknell, em Lewisburg, no estado norte-americano da Pensilv\u00e2nia. &#8220;A contrarota\u00e7\u00e3o resulta sempre da colis\u00e3o ou intera\u00e7\u00e3o entre duas gal\u00e1xias. O que torna este resultado not\u00e1vel \u00e9 que vemos contrarota\u00e7\u00e3o a uma escala muito menor, a dezenas de anos-luz em vez de a milhares de anos-luz do buraco negro central.&#8221;<\/p>\n\n\n\n<p>Os astr\u00f3nomos pensam que o fluxo oposto em NGC 1068 pode ser provocado por nuvens de g\u00e1s que ca\u00edram da gal\u00e1xia hospedeira, ou por uma pequena gal\u00e1xia, que passava numa \u00f3rbita contr\u00e1ria, capturada no disco.<\/p>\n\n\n\n<p>De momento, o disco externo parece estar numa \u00f3rbita est\u00e1vel em redor do disco interno. &#8220;Isto vai mudar quando o disco externo come\u00e7ar a cair no disco interno, o que poder\u00e1 ocorrer ap\u00f3s algumas \u00f3rbitas ou algumas centenas de milhares de anos. Os fluxos girat\u00f3rios do g\u00e1s v\u00e3o colidir e tornar-se inst\u00e1veis, e os discos v\u00e3o provavelmente colapsar num evento luminoso quando o g\u00e1s molecular cair no buraco negro. Infelizmente, n\u00e3o estaremos c\u00e1 para testemunhar estes fogos-de-artif\u00edcio,&#8221; concluiu Gallimore.<\/p>\n\n\n\n<p><a rel=\"noreferrer noopener\" href=\"https:\/\/www.almaobservatory.org\/en\/press-release\/alma-observes-counter-intuitive-flows-around-black-hole\/\" target=\"_blank\">\/\/ Observat\u00f3rio ALMA (comunicado de imprensa)<\/a><br><a rel=\"noreferrer noopener\" href=\"https:\/\/public.nrao.edu\/news\/going-against-the-flow-around-a-supermassive-black-hole\/\" target=\"_blank\">\/\/ NRAO (comunicado de imprensa)<\/a><br><a rel=\"noreferrer noopener\" href=\"https:\/\/iopscience.iop.org\/article\/10.3847\/2041-8213\/ab3c64\" target=\"_blank\">\/\/ Artigo cient\u00edfico (The Astrophysical Journal Letters)<\/a><br><a rel=\"noreferrer noopener\" href=\"https:\/\/arxiv.org\/abs\/1908.07981\" target=\"_blank\">\/\/ Artigo cient\u00edfico (arXiv.org)<\/a><\/p>\n\n\n\n<h4 class=\"wp-block-heading\">Saiba mais:<\/h4>\n\n\n\n<p><strong>Not\u00edcias relacionadas:<\/strong><br><a href=\"https:\/\/www.sciencedaily.com\/releases\/2019\/10\/191015131428.htm\" target=\"_blank\" rel=\"noreferrer noopener\">ScienceDaily<\/a><br><a href=\"http:\/\/spaceref.com\/astronomy\/going-against-the-flow-around-a-supermassive-black-hole.html\" target=\"_blank\" rel=\"noreferrer noopener\">spaceref<\/a><br><a href=\"https:\/\/phys.org\/news\/2019-10-supermassive-black-hole.html\" target=\"_blank\" rel=\"noreferrer noopener\">PHYSORG<\/a><\/p>\n\n\n\n<p><strong>M77 (NGC 1068):<\/strong><br><a href=\"https:\/\/en.wikipedia.org\/wiki\/Messier_77\" target=\"_blank\" rel=\"noreferrer noopener\">Wikipedia<\/a><br><a href=\"http:\/\/www.wikisky.org\/?object=Messier+77&amp;img_source=SDSS\" target=\"_blank\" rel=\"noreferrer noopener\">SDSS<\/a><\/p>\n\n\n\n<p><strong>Buracos negros:<\/strong><br><a href=\"http:\/\/en.wikipedia.org\/wiki\/Black_hole\" target=\"_blank\" rel=\"noreferrer noopener\">Wikipedia<\/a><\/p>\n\n\n\n<p><strong>ALMA:<\/strong><br><a href=\"http:\/\/www.almaobservatory.org\/\" target=\"_blank\" rel=\"noreferrer noopener\">P\u00e1gina principal<\/a><br><a href=\"http:\/\/www.nrao.edu\/index.php\/about\/facilities\/alma\" target=\"_blank\" rel=\"noreferrer noopener\">ALMA (NRAO)<\/a><br><a href=\"http:\/\/alma.mtk.nao.ac.jp\/e\/\" target=\"_blank\" rel=\"noreferrer noopener\">ALMA (NAOJ)<\/a><br><a href=\"http:\/\/www.eso.org\/public\/teles-instr\/alma.html\" target=\"_blank\" rel=\"noreferrer noopener\">ALMA (ESO)<\/a><br><a href=\"http:\/\/en.wikipedia.org\/wiki\/Atacama_Large_Millimeter_Array\" target=\"_blank\" rel=\"noreferrer noopener\">Wikipedia<\/a><\/p>\n\n\n\n<p><strong>ESO:<\/strong><br><a href=\"http:\/\/www.eso.org\/public\/\" target=\"_blank\" rel=\"noreferrer noopener\">P\u00e1gina oficial<\/a><br><a href=\"http:\/\/en.wikipedia.org\/wiki\/ESO\" target=\"_blank\" rel=\"noreferrer noopener\">Wikipedia<\/a><\/p>\n","protected":false},"excerpt":{"rendered":"<p>Impress\u00e3o de artista do cora\u00e7\u00e3o da gal\u00e1xia NGC 1068, que alberga um buraco negro que se alimenta ativamente, escondido por tr\u00e1s de uma nuvem de g\u00e1s e poeira em forma de anel. O ALMA descobriu dois fluxos gasosos em contrarota\u00e7\u00e3o em torno do buraco negro. As cores na imagem representam o movimento do g\u00e1s: o &hellip;<\/p>\n","protected":false},"author":1,"featured_media":2495,"comment_status":"open","ping_status":"open","sticky":false,"template":"","format":"standard","meta":{"footnotes":""},"categories":[151,60,1],"tags":[305,192,589],"class_list":["post-2494","post","type-post","status-publish","format-standard","has-post-thumbnail","","category-buracos-negros","category-galaxias","category-telescopios-profissionais","tag-alma","tag-buraco-negro","tag-m77"],"_links":{"self":[{"href":"https:\/\/ccvalg.pt\/astronomia\/wordpress\/wp-json\/wp\/v2\/posts\/2494","targetHints":{"allow":["GET"]}}],"collection":[{"href":"https:\/\/ccvalg.pt\/astronomia\/wordpress\/wp-json\/wp\/v2\/posts"}],"about":[{"href":"https:\/\/ccvalg.pt\/astronomia\/wordpress\/wp-json\/wp\/v2\/types\/post"}],"author":[{"embeddable":true,"href":"https:\/\/ccvalg.pt\/astronomia\/wordpress\/wp-json\/wp\/v2\/users\/1"}],"replies":[{"embeddable":true,"href":"https:\/\/ccvalg.pt\/astronomia\/wordpress\/wp-json\/wp\/v2\/comments?post=2494"}],"version-history":[{"count":1,"href":"https:\/\/ccvalg.pt\/astronomia\/wordpress\/wp-json\/wp\/v2\/posts\/2494\/revisions"}],"predecessor-version":[{"id":2496,"href":"https:\/\/ccvalg.pt\/astronomia\/wordpress\/wp-json\/wp\/v2\/posts\/2494\/revisions\/2496"}],"wp:featuredmedia":[{"embeddable":true,"href":"https:\/\/ccvalg.pt\/astronomia\/wordpress\/wp-json\/wp\/v2\/media\/2495"}],"wp:attachment":[{"href":"https:\/\/ccvalg.pt\/astronomia\/wordpress\/wp-json\/wp\/v2\/media?parent=2494"}],"wp:term":[{"taxonomy":"category","embeddable":true,"href":"https:\/\/ccvalg.pt\/astronomia\/wordpress\/wp-json\/wp\/v2\/categories?post=2494"},{"taxonomy":"post_tag","embeddable":true,"href":"https:\/\/ccvalg.pt\/astronomia\/wordpress\/wp-json\/wp\/v2\/tags?post=2494"}],"curies":[{"name":"wp","href":"https:\/\/api.w.org\/{rel}","templated":true}]}}