{"id":2408,"date":"2019-09-17T05:57:58","date_gmt":"2019-09-17T05:57:58","guid":{"rendered":"http:\/\/ccvalg.pt\/astronomia\/wordpress\/?p=2408"},"modified":"2019-10-01T05:44:45","modified_gmt":"2019-10-01T05:44:45","slug":"cometa-recem-descoberto-e-provavelmente-visitante-interestelar","status":"publish","type":"post","link":"https:\/\/ccvalg.pt\/astronomia\/wordpress\/2019\/09\/17\/cometa-recem-descoberto-e-provavelmente-visitante-interestelar\/","title":{"rendered":"Cometa rec\u00e9m-descoberto \u00e9 provavelmente visitante interestelar"},"content":{"rendered":"\n<p>Um cometa rec\u00e9m-descoberto empolgou a comunidade astron\u00f3mica a semana passada porque parece ter tido origem fora do Sistema Solar. O objeto &#8211; designado C\/2019 Q4 (Borisov) &#8211; foi descoberto no dia 30 de agosto de 2019 por Gennady Borisov no Observat\u00f3rio MARGO em Nauchnij, Crimeia. A confirma\u00e7\u00e3o oficial de que o Cometa C\/2019 Q4 \u00e9 um cometa interestelar ainda n\u00e3o foi feita, mas se for interestelar, seria apenas o segundo objeto detetado dessa classe. O primeiro, &#8216;Oumuamua, foi observado e confirmado em outubro de 2017.<\/p>\n\n\n\n<p>O novo cometa, C\/2019 Q4, ainda est\u00e1 a dirigir-se em dire\u00e7\u00e3o ao Sol, mas permanecer\u00e1 para l\u00e1 da \u00f3rbita de Marte e n\u00e3o chegar\u00e1 a menos de 300 milh\u00f5es de quil\u00f3metros da Terra.<\/p>\n\n\n\n<figure class=\"wp-block-image\"><a href=\"https:\/\/www.nasa.gov\/sites\/default\/files\/thumbnails\/image\/interstellar-object-16.gif\" target=\"_blank\" rel=\"noreferrer noopener\"><img decoding=\"async\" src=\"https:\/\/i.imgur.com\/SZUg4xi.gif\" alt=\"\"\/><\/a><figcaption>Esta ilustra\u00e7\u00e3o mostra a trajet\u00f3ria do cometa C\/2019 Q4. Classificado como um poss\u00edvel objeto interestelar, a sua maior aproxima\u00e7\u00e3o \u00e0 Terra ser\u00e1 de 300 milh\u00f5es de quil\u00f3metros.<br>Cr\u00e9dito: NASA\/JPL-Caltech <\/figcaption><\/figure>\n\n\n\n<p>Ap\u00f3s as dete\u00e7\u00f5es iniciais do cometa, o sistema Scout, localizado no JPL da NASA em Pasadena, no estado norte-americano da Calif\u00f3rnia, sinalizou automaticamente o objeto como possivelmente interestelar. Davide Farnocchia do CNEOS (Center for Near-Earth Object Studies) da NASA, no JPL, trabalhou com astr\u00f3nomos e com o NEOCC (Near-Earth Object Coordination Center) da ESA em Frascati, It\u00e1lia, para obter observa\u00e7\u00f5es adicionais. Trabalhou de seguida com o Centro de Planetas Menores em Cambridge, Massachusetts, para estimar a trajet\u00f3ria precisa do cometa e determinar se teve origem dentro do nosso Sistema Solar ou se veio de outro lugar da Gal\u00e1xia.<\/p>\n\n\n\n<p>Atualmente, o cometa est\u00e1 a 420 milh\u00f5es de quil\u00f3metros do Sol e vai alcan\u00e7ar o seu ponto mais pr\u00f3ximo, ou peri\u00e9lio, no dia 8 de dezembro de 2019, a uma dist\u00e2ncia de 300 milh\u00f5es de quil\u00f3metros.<\/p>\n\n\n\n<p>&#8220;A velocidade atual do cometa \u00e9 alta, cerca de 150.000 km\/h, bem acima das velocidades t\u00edpicas de objetos que orbitam o Sol a essa dist\u00e2ncia,&#8221; disse Franocchia. &#8220;A alta velocidade indica n\u00e3o apenas que o objeto provavelmente teve origem fora do nosso Sistema Solar, mas tamb\u00e9m que ir\u00e1 sair e voltar para o espa\u00e7o interestelar.&#8221;<\/p>\n\n\n\n<div class=\"wp-block-image\"><figure class=\"aligncenter\"><img loading=\"lazy\" decoding=\"async\" width=\"500\" height=\"500\" src=\"https:\/\/ccvalg.pt\/astronomia\/wordpress\/wp-content\/uploads\/2019\/09\/fig1-1.jpg\" alt=\"\" class=\"wp-image-2409\" srcset=\"https:\/\/ccvalg.pt\/astronomia\/wordpress\/wp-content\/uploads\/2019\/09\/fig1-1.jpg 500w, https:\/\/ccvalg.pt\/astronomia\/wordpress\/wp-content\/uploads\/2019\/09\/fig1-1-150x150.jpg 150w, https:\/\/ccvalg.pt\/astronomia\/wordpress\/wp-content\/uploads\/2019\/09\/fig1-1-300x300.jpg 300w\" sizes=\"auto, (max-width: 500px) 100vw, 500px\" \/><figcaption>Composi\u00e7\u00e3o colorida de C\/2019 Q4 (Borisov), com quatro exposi\u00e7\u00f5es de 60 segundos obtidas pelo Observat\u00f3rio Gemini. Os riscos azuis e vermelhos s\u00e3o estrelas de fundo que parecem &#8220;mover-se&#8221; devido ao movimento do cometa.<br>Cr\u00e9dito: composi\u00e7\u00e3o por Travis Rector; Observat\u00f3rio Gemini\/NSF\/AURA<\/figcaption><\/figure><\/div>\n\n\n\n<p>Atualmente numa trajet\u00f3ria de entrada, o cometa C\/2019 Q4 est\u00e1 a dirigir-se para o Sistema Solar interior. No dia 26 de outubro, passar\u00e1 pelo plano da ecl\u00edptica &#8211; o plano no qual a Terra e os outros planetas orbitam o Sol &#8211; vindo de cima, aproximadamente a um \u00e2ngulo de 40 graus.<\/p>\n\n\n\n<p>C\/2019 Q4 foi estabelecido como sendo comet\u00e1rio devido \u00e0 sua apar\u00eancia difusa, o que indica que o objeto tem um corpo central gelado que est\u00e1 a produzir uma nuvem circundante de poeira e part\u00edculas \u00e0 medida que se aproxima do Sol e aquece. A sua localiza\u00e7\u00e3o no c\u00e9u (a partir do ponto de vista da Terra) coloca-o perto do Sol &#8211; uma \u00e1rea do c\u00e9u geralmente n\u00e3o examinada por grandes levantamentos terrestres de asteroides ou pela sonda ca\u00e7adora de asteroides NEOWISE da NASA.<\/p>\n\n\n\n<div class=\"wp-block-image\"><figure class=\"aligncenter\"><a href=\"http:\/\/www.esa.int\/var\/esa\/storage\/images\/esa_multimedia\/images\/2019\/09\/comet_c_2019_q4\/19700830-1-eng-GB\/Comet_C_2019_Q4_node_full_image_2.gif\" target=\"_blank\" rel=\"noreferrer noopener\"><img decoding=\"async\" src=\"http:\/\/www.esa.int\/var\/esa\/storage\/images\/esa_multimedia\/images\/2019\/09\/comet_c_2019_q4\/19700830-1-eng-GB\/Comet_C_2019_Q4_node_full_image_2.gif\" alt=\"\"\/><\/a><figcaption>Anima\u00e7\u00e3o que mostra o movimento de C\/2019 Q4.<br>Cr\u00e9dito: G. Borisov <\/figcaption><\/figure><\/div>\n\n\n\n<p>C\/2019 Q4 s\u00f3 poder\u00e1 ser observado com telesc\u00f3pios profissionais nos pr\u00f3ximos meses. &#8220;O objeto ter\u00e1 o seu pico de brilho em meados de dezembro e continuar\u00e1 a ser observ\u00e1vel com telesc\u00f3pios de tamanho m\u00e9dio at\u00e9 abril de 2020,&#8221; acrescentou Farnocchia. &#8220;Depois, s\u00f3 ser\u00e1 observ\u00e1vel com telesc\u00f3pios profissionais maiores at\u00e9 outubro de 2020.&#8221;<\/p>\n\n\n\n<p>As observa\u00e7\u00f5es conclu\u00eddas por Karen Meech e pela sua equipa na Universidade do Hawaii indicam que o n\u00facleo do cometa tem entre 2 e 16 quil\u00f3metros em di\u00e2metro. Os astr\u00f3nomos v\u00e3o continuar a recolher observa\u00e7\u00f5es para caracterizar ainda mais as propriedades f\u00edsicas do cometa (tamanho, rota\u00e7\u00e3o, etc.) e v\u00e3o tamb\u00e9m continuar a melhor identificar a sua trajet\u00f3ria.<\/p>\n\n\n\n<p><a rel=\"noreferrer noopener\" href=\"https:\/\/www.nasa.gov\/feature\/jpl\/newly-discovered-comet-is-likely-interstellar-visitor\" target=\"_blank\">\/\/ NASA (comunicado de imprensa)<\/a><br><a rel=\"noreferrer noopener\" href=\"http:\/\/www.esa.int\/Our_Activities\/Space_Safety\/Interstellar_2.0\" target=\"_blank\">\/\/ ESA (comunicado de imprensa)<\/a><br><a rel=\"noreferrer noopener\" href=\"http:\/\/www.iac.es\/divulgacion.php?op1=16&amp;id=1610\" target=\"_blank\">\/\/ Instituto de Astrof\u00edsica das Can\u00e1rias (comunicado de imprensa)<\/a><br><a rel=\"noreferrer noopener\" href=\"http:\/\/www.gemini.edu\/node\/21240\" target=\"_blank\">\/\/ Observat\u00f3rio Gemini (comunicado de imprensa)<\/a><br><a rel=\"noreferrer noopener\" href=\"https:\/\/www.hawaii.edu\/news\/2019\/09\/12\/astronomy-potential-interstellar-comet\/\" target=\"_blank\">\/\/ Universidade do Hawaii (comunicado de imprensa)<\/a><br><a rel=\"noreferrer noopener\" href=\"https:\/\/www.seti.org\/coming-deep-space\" target=\"_blank\">\/\/ Instituto SETI (comunicado de imprensa)<\/a><\/p>\n\n\n\n<h4 class=\"wp-block-heading\">Saiba mais:<\/h4>\n\n\n\n<p><strong>Not\u00edcias relacionadas:<\/strong><br><a href=\"http:\/\/www.astronomy.com\/news\/2019\/09\/astronomers-may-have-just-discovered-an-interstellar-comet-visiting-our-solar-system\" target=\"_blank\" rel=\"noreferrer noopener\">Astronomy<\/a><br><a href=\"https:\/\/www.skyandtelescope.com\/astronomy-news\/possible-interstellar-comet-headed-our-way\/\" target=\"_blank\" rel=\"noreferrer noopener\">Sky &amp; Telescope<\/a><br><a href=\"https:\/\/www.space.com\/possible-interstellar-comet-identified.html\" target=\"_blank\" rel=\"noreferrer noopener\">SPACE.com<\/a><br><a href=\"https:\/\/www.sciencedaily.com\/releases\/2019\/09\/190912161406.htm\" target=\"_blank\" rel=\"noreferrer noopener\">ScienceDaily<\/a><br><a href=\"https:\/\/www.newscientist.com\/article\/2216237-we-may-have-spotted-an-interstellar-comet-flying-toward-earth\/\" target=\"_blank\" rel=\"noreferrer noopener\">New Scientist<\/a><br><a href=\"https:\/\/www.universetoday.com\/143394\/images-are-starting-to-come-in-of-the-new-interstellar-comet\/\" target=\"_blank\" rel=\"noreferrer noopener\">Universe Today<\/a><br><a href=\"https:\/\/www.livescience.com\/possible-interstellar-comet-discovered.html\" target=\"_blank\" rel=\"noreferrer noopener\">Live Science<\/a><br><a href=\"https:\/\/www.sciencealert.com\/the-first-images-are-starting-to-come-in-of-that-new-interstellar-visitor\" target=\"_blank\" rel=\"noreferrer noopener\">science alert<\/a><br><a href=\"http:\/\/blogs.discovermagazine.com\/d-brief\/2019\/09\/12\/astronomers-may-have-just-discovered-an-interstellar-comet-visiting-our-solar-system\/\" target=\"_blank\" rel=\"noreferrer noopener\">Discover<\/a><br><a href=\"http:\/\/spaceref.com\/asteroids\/newly-discovered-comet-is-likely-to-be-an-interstellar-visitor.html\" target=\"_blank\" rel=\"noreferrer noopener\">spaceref<\/a><br><a href=\"https:\/\/phys.org\/news\/2019-09-newly-comet-interstellar-visitor.html\" target=\"_blank\" rel=\"noreferrer noopener\">PHYSORG<\/a><br><a href=\"https:\/\/earthsky.org\/space\/astronomers-find-2nd-interstellar-object-c-2019-q4\" target=\"_blank\" rel=\"noreferrer noopener\">EarthSky<\/a><br><a href=\"https:\/\/www.technologyreview.com\/f\/614304\/another-interstellar-object-has-been-spotted-visiting-the-solar-system\/\" target=\"_blank\" rel=\"noreferrer noopener\">MIT Technology Review<\/a><br><a href=\"https:\/\/www.scientificamerican.com\/article\/a-second-interstellar-object-may-be-streaking-through-our-solar-system\/\" target=\"_blank\" rel=\"noreferrer noopener\">Scientific American<\/a><br><a href=\"https:\/\/www.nationalgeographic.com\/science\/2019\/09\/bizarre-interstellar-comet-from-another-star-system-just-spotted\/\" target=\"_blank\" rel=\"noreferrer noopener\">National Geographic<\/a><br><a href=\"https:\/\/www.smithsonianmag.com\/smart-news\/object-flying-through-our-solar-system-likely-interstellar-space-180973114\/\" target=\"_blank\" rel=\"noreferrer noopener\">Smithsonian.com<\/a><br><a href=\"https:\/\/edition.cnn.com\/2019\/09\/12\/world\/another-interstellar-visitor-scn-trnd\/index.html\" target=\"_blank\" rel=\"noreferrer noopener\">CNN<\/a><br><a href=\"https:\/\/www.bbc.com\/news\/science-environment-49676757\" target=\"_blank\" rel=\"noreferrer noopener\">BBC News<\/a><br><a href=\"https:\/\/uk.reuters.com\/article\/us-space-exploration-comet\/newfound-comet-likely-an-interstellar-visitor-scientists-say-idUKKCN1VY055\" target=\"_blank\" rel=\"noreferrer noopener\">Reuters<\/a><br><a href=\"https:\/\/www.forbes.com\/sites\/jonathanocallaghan\/2019\/09\/11\/a-second-interstellar-object-has-almost-certainly-been-found-in-our-solar-system\/#6f41eaf97b99\" target=\"_blank\" rel=\"noreferrer noopener\">Forbes<\/a><br><a href=\"https:\/\/metro.co.uk\/2019\/09\/12\/comet-spotted-near-earth-second-visitor-another-star-system-10732546\/\" target=\"_blank\" rel=\"noreferrer noopener\">METRO<\/a><br><a href=\"https:\/\/tek.sapo.pt\/noticias\/ciencia\/artigos\/astronomos-descobrem-o-segundo-visitante-interestelar-a-passar-pelo-nosso-sistema-solar\" target=\"_blank\" rel=\"noreferrer noopener\">SAPO tek<\/a><br><a href=\"https:\/\/www.publico.pt\/2019\/09\/13\/ciencia\/noticia\/sera-detectamos-segundo-objecto-interestelar-1886545\" target=\"_blank\" rel=\"noreferrer noopener\">P\u00fablico<\/a><br><a href=\"https:\/\/zap.aeiou.pt\/um-novo-oumuamua-pode-ter-acabado-entrar-no-sistema-solar-279712\" target=\"_blank\" rel=\"noreferrer noopener\">ZAP.aeiou<\/a><\/p>\n\n\n\n<p><strong>C\/2019 Q4 (Borisov):<\/strong><br><a href=\"https:\/\/ssd.jpl.nasa.gov\/sbdb.cgi?sstr=1003639#content\" target=\"_blank\" rel=\"noreferrer noopener\">NASA\/JPL<\/a><br><a href=\"https:\/\/en.wikipedia.org\/wiki\/C\/2019_Q4_(Borisov)\" target=\"_blank\" rel=\"noreferrer noopener\">Wikipedia<\/a><\/p>\n\n\n\n<p><strong>&#8216;Oumuamua:<\/strong><br><a href=\"https:\/\/ssd.jpl.nasa.gov\/sbdb.cgi?sstr=2017%20U1\" target=\"_blank\" rel=\"noreferrer noopener\">NASA\/JPL<\/a><br><a href=\"https:\/\/en.wikipedia.org\/wiki\/%CA%BBOumuamua\" target=\"_blank\" rel=\"noreferrer noopener\">Wikipedia<\/a><\/p>\n\n\n\n<p><strong>Objeto interestelar:<br><\/strong><a href=\"https:\/\/en.wikipedia.org\/wiki\/Interstellar_object\" target=\"_blank\" rel=\"noreferrer noopener\">Wikipedia<\/a><\/p>\n","protected":false},"excerpt":{"rendered":"<p>Um cometa rec\u00e9m-descoberto empolgou a comunidade astron\u00f3mica a semana passada porque parece ter tido origem fora do Sistema Solar. O objeto &#8211; designado C\/2019 Q4 (Borisov) &#8211; foi descoberto no dia 30 de agosto de 2019 por Gennady Borisov no Observat\u00f3rio MARGO em Nauchnij, Crimeia. A confirma\u00e7\u00e3o oficial de que o Cometa C\/2019 Q4 \u00e9 &hellip;<\/p>\n","protected":false},"author":1,"featured_media":2409,"comment_status":"open","ping_status":"open","sticky":false,"template":"","format":"standard","meta":{"footnotes":""},"categories":[9,1],"tags":[561,576,560,562],"class_list":["post-2408","post","type-post","status-publish","format-standard","has-post-thumbnail","","category-sistema-solar","category-telescopios-profissionais","tag-oumuamua","tag-2i-borisov","tag-c-2019-q4","tag-objeto-interestelar"],"_links":{"self":[{"href":"https:\/\/ccvalg.pt\/astronomia\/wordpress\/wp-json\/wp\/v2\/posts\/2408","targetHints":{"allow":["GET"]}}],"collection":[{"href":"https:\/\/ccvalg.pt\/astronomia\/wordpress\/wp-json\/wp\/v2\/posts"}],"about":[{"href":"https:\/\/ccvalg.pt\/astronomia\/wordpress\/wp-json\/wp\/v2\/types\/post"}],"author":[{"embeddable":true,"href":"https:\/\/ccvalg.pt\/astronomia\/wordpress\/wp-json\/wp\/v2\/users\/1"}],"replies":[{"embeddable":true,"href":"https:\/\/ccvalg.pt\/astronomia\/wordpress\/wp-json\/wp\/v2\/comments?post=2408"}],"version-history":[{"count":1,"href":"https:\/\/ccvalg.pt\/astronomia\/wordpress\/wp-json\/wp\/v2\/posts\/2408\/revisions"}],"predecessor-version":[{"id":2410,"href":"https:\/\/ccvalg.pt\/astronomia\/wordpress\/wp-json\/wp\/v2\/posts\/2408\/revisions\/2410"}],"wp:featuredmedia":[{"embeddable":true,"href":"https:\/\/ccvalg.pt\/astronomia\/wordpress\/wp-json\/wp\/v2\/media\/2409"}],"wp:attachment":[{"href":"https:\/\/ccvalg.pt\/astronomia\/wordpress\/wp-json\/wp\/v2\/media?parent=2408"}],"wp:term":[{"taxonomy":"category","embeddable":true,"href":"https:\/\/ccvalg.pt\/astronomia\/wordpress\/wp-json\/wp\/v2\/categories?post=2408"},{"taxonomy":"post_tag","embeddable":true,"href":"https:\/\/ccvalg.pt\/astronomia\/wordpress\/wp-json\/wp\/v2\/tags?post=2408"}],"curies":[{"name":"wp","href":"https:\/\/api.w.org\/{rel}","templated":true}]}}