{"id":2094,"date":"2019-05-24T05:47:19","date_gmt":"2019-05-24T05:47:19","guid":{"rendered":"http:\/\/ccvalg.pt\/astronomia\/wordpress\/?p=2094"},"modified":"2019-05-24T05:47:20","modified_gmt":"2019-05-24T05:47:20","slug":"juno-da-nasa-encontra-mudancas-no-campo-magnetico-de-jupiter","status":"publish","type":"post","link":"https:\/\/ccvalg.pt\/astronomia\/wordpress\/2019\/05\/24\/juno-da-nasa-encontra-mudancas-no-campo-magnetico-de-jupiter\/","title":{"rendered":"Juno da NASA encontra mudan\u00e7as no campo magn\u00e9tico de J\u00fapiter"},"content":{"rendered":"\n<figure class=\"wp-block-image\"><a href=\"https:\/\/www.nasa.gov\/sites\/default\/files\/thumbnails\/image\/pia23229-16.jpg\" target=\"_blank\" rel=\"noreferrer noopener\"><img loading=\"lazy\" decoding=\"async\" width=\"985\" height=\"554\" src=\"https:\/\/ccvalg.pt\/astronomia\/wordpress\/wp-content\/uploads\/2019\/05\/K8LOTAY.jpg\" alt=\"\" class=\"wp-image-2095\" srcset=\"https:\/\/ccvalg.pt\/astronomia\/wordpress\/wp-content\/uploads\/2019\/05\/K8LOTAY.jpg 985w, https:\/\/ccvalg.pt\/astronomia\/wordpress\/wp-content\/uploads\/2019\/05\/K8LOTAY-300x169.jpg 300w, https:\/\/ccvalg.pt\/astronomia\/wordpress\/wp-content\/uploads\/2019\/05\/K8LOTAY-768x432.jpg 768w\" sizes=\"auto, (max-width: 985px) 100vw, 985px\" \/><\/a><figcaption>Esta imagem faz parte de uma anima\u00e7\u00e3o que ilustra o campo magn\u00e9tico de J\u00fapiter durante um \u00fanico momento no tempo. A Grande Mancha Azul, uma concentra\u00e7\u00e3o invis\u00edvel do campo magn\u00e9tico perto do equador, sobressai como uma caracter\u00edstica particularmente forte.<br>Cr\u00e9dito: NASA\/JPL-Caltech\/Harvard\/Moore et al.<\/figcaption><\/figure>\n\n\n\n<p>A miss\u00e3o Juno da NASA fez, em J\u00fapiter, a primeira dete\u00e7\u00e3o definitiva, para l\u00e1 da Terra, de um campo magn\u00e9tico interno que muda com o tempo, um fen\u00f3meno chamado varia\u00e7\u00e3o secular. A Juno determinou que a varia\u00e7\u00e3o secular do gigante gasoso \u00e9 provavelmente impulsionada pelos ventos atmosf\u00e9ricos profundos do planeta.<\/p>\n\n\n\n<p>A descoberta ajudar\u00e1 os cientistas a melhor entender a estrutura interior de J\u00fapiter &#8211; incluindo a din\u00e2mica atmosf\u00e9rica &#8211; bem como as mudan\u00e7as no campo magn\u00e9tico da Terra. O artigo sobre a descoberta foi publicado na revista Nature Astronomy.<\/p>\n\n\n\n<p>&#8220;A varia\u00e7\u00e3o secular h\u00e1 d\u00e9cadas que faz parte da lista de desejos dos cientistas planet\u00e1rios,&#8221; disse Scott Bolton, investigador principal da Juno no SwRI (Southwest Research Institute) em San Antonio, no estado norte-americano do Texas. &#8220;Esta descoberta s\u00f3 p\u00f4de ser feita gra\u00e7as aos instrumentos cient\u00edficos extremamente precisos da Juno e \u00e0 natureza \u00fanica da \u00f3rbita de Juno, que a aproxima muito do planeta enquanto viaja de polo a polo.&#8221;<\/p>\n\n\n\n<p>A caracteriza\u00e7\u00e3o do campo magn\u00e9tico de um planeta requer medi\u00e7\u00f5es de muito perto. Os cientistas da Juno compararam dados de miss\u00f5es anteriores da NASA a J\u00fapiter (Pioneer 10 e 11, Voyager 1 e Ulysses) com um novo modelo do campo magn\u00e9tico de J\u00fapiter (chamado JRM09). O novo modelo tem por base dados recolhidos pelo seu magnet\u00f3metro durante as primeiras passagens cient\u00edficas da Juno por J\u00fapiter, um instrumento capaz de gerar um mapa tridimensional detalhado do campo magn\u00e9tico.<\/p>\n\n\n\n<p>O que os cientistas descobriram \u00e9 que, desde os primeiros dados do campo magn\u00e9tico de J\u00fapiter fornecidos pelas naves espaciais Pioneer, at\u00e9 aos dados mais recentes fornecidos pela Juno, houve mudan\u00e7as pequenas, mas distintas, no campo.<\/p>\n\n\n\n<figure class=\"wp-block-image\"><a href=\"https:\/\/www.nasa.gov\/sites\/default\/files\/thumbnails\/image\/pia22946-16.jpg\" target=\"_blank\" rel=\"noreferrer noopener\"><img decoding=\"async\" src=\"https:\/\/i.imgur.com\/1CPimrV.jpg\" alt=\"\"\/><\/a><figcaption> Esta imagem impressionante da Grande Mancha Vermelha de J\u00fapiter e do seu turbulento hemisf\u00e9rio sul foi capturada pela sonda Juno da NASA enquanto realizava uma passagem \u00edntima pelo gigante gasoso.<br>Cr\u00e9dito: NASA\/JPL-Caltech\/SwRI\/MSSS\/Kevin M. Gill <\/figcaption><\/figure>\n\n\n\n<p>&#8220;A descoberta de algo t\u00e3o min\u00fasculo quanto estas mudan\u00e7as, em algo t\u00e3o imenso quanto o campo magn\u00e9tico de J\u00fapiter, foi um desafio,&#8221; disse Kimee Moore, cientista da Juno e da Universidade de Harvard em Cambridge, Massachusetts, EUA. &#8220;Ter uma linha de base de observa\u00e7\u00f5es \u00edntima, durante quatro d\u00e9cadas, forneceu-nos dados suficientes para confirmar que o campo magn\u00e9tico de J\u00fapiter realmente muda com o tempo.&#8221;<\/p>\n\n\n\n<p>Assim que a equipa da Juno provou a exist\u00eancia de varia\u00e7\u00e3o secular, procuraram explicar como tal mudan\u00e7a pode ocorrer. A opera\u00e7\u00e3o dos ventos atmosf\u00e9ricos (ou zonais) de J\u00fapiter explica melhor as mudan\u00e7as no seu campo magn\u00e9tico. Estes ventos estendem-se desde a superf\u00edcie do planeta at\u00e9 mais de 3000 quil\u00f3metros de profundidade, onde o interior do planeta come\u00e7a a mudar de g\u00e1s para metal l\u00edquido altamente condutor. Pensa-se que cortam os campos magn\u00e9ticos, esticando-os e transportando-os pelo planeta.<\/p>\n\n\n\n<p>Em nenhum lugar de J\u00fapiter a varia\u00e7\u00e3o secular \u00e9 t\u00e3o grande quanto na Grande Mancha Azul do planeta, uma mancha intensa de campo magn\u00e9tico perto do equador de J\u00fapiter. A combina\u00e7\u00e3o da Grande Mancha Azul, com os seus fortes campos magn\u00e9ticos localizados e fortes ventos zonais nesta latitude resultam nas maiores varia\u00e7\u00f5es seculares no campo do mundo joviano.<\/p>\n\n\n\n<p>&#8220;\u00c9 incr\u00edvel que uma mancha magn\u00e9tica estreita, a Grande Mancha Azul, possa ser respons\u00e1vel por quase toda a varia\u00e7\u00e3o secular de J\u00fapiter, mas os n\u00fameros confirmam,&#8221; disse Moore. &#8220;Com esta nova compreens\u00e3o dos campos magn\u00e9ticos, durante as futuras passagens cient\u00edficas vamos come\u00e7ar a criar um mapa global da varia\u00e7\u00e3o secular de J\u00fapiter. Tamb\u00e9m poder\u00e1 ter aplica\u00e7\u00f5es para os cientistas que estudam o campo magn\u00e9tico da Terra, que ainda cont\u00e9m muitos mist\u00e9rios por resolver.&#8221;<\/p>\n\n\n\n<p><a rel=\"noreferrer noopener\" href=\"https:\/\/www.nasa.gov\/feature\/jpl\/nasas-juno-finds-changes-in-jupiters-magnetic-field\" target=\"_blank\">\/\/ NASA (comunicado de imprensa)<\/a><br><a rel=\"noreferrer noopener\" href=\"http:\/\/dx.doi.org\/10.1038\/s41550-019-0772-5\" target=\"_blank\">\/\/ Artigo cient\u00edfico (Nature Astronomy)<\/a><\/p>\n\n\n\n<h4 class=\"wp-block-heading\">Saiba mais:<\/h4>\n\n\n\n<p><strong>Not\u00edcias relacionadas:<\/strong><br><a href=\"https:\/\/www.technologyreview.com\/f\/613563\/nasas-juno-spacecraft-has-spotted-jupiters-magnetic-field-shifting\/\" target=\"_blank\" rel=\"noreferrer noopener\">MIT Technology Review<\/a><br><a href=\"https:\/\/phys.org\/news\/2019-05-juno-jupiter-magnetic-field.html\" target=\"_blank\" rel=\"noreferrer noopener\">PHYSORG<\/a><\/p>\n\n\n\n<p><strong>J\u00fapiter:<\/strong><br><a rel=\"noreferrer noopener\" href=\"http:\/\/en.wikipedia.org\/wiki\/Jupiter\" target=\"_blank\">Wikipedia<\/a><\/p>\n\n\n\n<p><strong>Varia\u00e7\u00e3o secular geomagn\u00e9tica:<\/strong><br><a href=\"https:\/\/en.wikipedia.org\/wiki\/Geomagnetic_secular_variation\" target=\"_blank\" rel=\"noreferrer noopener\">Wikipedia<\/a><\/p>\n\n\n\n<p><strong>Miss\u00e3o Juno:<\/strong><br><a href=\"https:\/\/www.nasa.gov\/mission_pages\/juno\/main\/index.html\" target=\"_blank\" rel=\"noreferrer noopener\">NASA<\/a><br><a href=\"https:\/\/www.missionjuno.swri.edu\/\" target=\"_blank\" rel=\"noreferrer noopener\">SwRI<\/a><br><a href=\"https:\/\/www.facebook.com\/NASAJuno\" target=\"_blank\" rel=\"noreferrer noopener\">Facebook<\/a><br><a href=\"https:\/\/twitter.com\/NASAJuno\" target=\"_blank\" rel=\"noreferrer noopener\">Twitter<\/a><br><a href=\"http:\/\/en.wikipedia.org\/wiki\/Juno_(spacecraft)\" target=\"_blank\" rel=\"noreferrer noopener\">Wikipedia<\/a><\/p>\n\n\n\n<p><strong>Sondas Pioneer:<\/strong><br><a href=\"https:\/\/www.nasa.gov\/mission_pages\/pioneer\/index.html\" target=\"_blank\" rel=\"noreferrer noopener\">NASA<\/a><br><a href=\"http:\/\/en.wikipedia.org\/wiki\/Pioneer_10\" target=\"_blank\" rel=\"noreferrer noopener\">Pioneer 10 &#8211; Wikipedia<\/a><br><a href=\"http:\/\/en.wikipedia.org\/wiki\/Pioneer_11\" target=\"_blank\" rel=\"noreferrer noopener\">Pioneer 11 &#8211; Wikipedia<\/a><\/p>\n\n\n\n<p><strong>Sonda Ulysses:<\/strong><br><a href=\"http:\/\/www.esa.int\/esaSC\/120395_index_0_m.html\" target=\"_blank\" rel=\"noreferrer noopener\">ESA<\/a><br><a href=\"https:\/\/solarsystem.nasa.gov\/missions\/ulysses\/in-depth\/\" target=\"_blank\" rel=\"noreferrer noopener\">NASA<\/a><br><a href=\"http:\/\/en.wikipedia.org\/wiki\/Ulysses_%28spacecraft%29\" target=\"_blank\" rel=\"noreferrer noopener\">Wikipedia<\/a><\/p>\n","protected":false},"excerpt":{"rendered":"<p>Esta imagem faz parte de uma anima\u00e7\u00e3o que ilustra o campo magn\u00e9tico de J\u00fapiter durante um \u00fanico momento no tempo. A Grande Mancha Azul, uma concentra\u00e7\u00e3o invis\u00edvel do campo magn\u00e9tico perto do equador, sobressai como uma caracter\u00edstica particularmente forte.Cr\u00e9dito: NASA\/JPL-Caltech\/Harvard\/Moore et al. A miss\u00e3o Juno da NASA fez, em J\u00fapiter, a primeira dete\u00e7\u00e3o definitiva, para &hellip;<\/p>\n","protected":false},"author":1,"featured_media":2095,"comment_status":"open","ping_status":"open","sticky":false,"template":"","format":"standard","meta":{"footnotes":""},"categories":[9,16],"tags":[447,197],"class_list":["post-2094","post","type-post","status-publish","format-standard","has-post-thumbnail","","category-sistema-solar","category-sondas-missoes-espaciais","tag-juno","tag-jupiter"],"_links":{"self":[{"href":"https:\/\/ccvalg.pt\/astronomia\/wordpress\/wp-json\/wp\/v2\/posts\/2094","targetHints":{"allow":["GET"]}}],"collection":[{"href":"https:\/\/ccvalg.pt\/astronomia\/wordpress\/wp-json\/wp\/v2\/posts"}],"about":[{"href":"https:\/\/ccvalg.pt\/astronomia\/wordpress\/wp-json\/wp\/v2\/types\/post"}],"author":[{"embeddable":true,"href":"https:\/\/ccvalg.pt\/astronomia\/wordpress\/wp-json\/wp\/v2\/users\/1"}],"replies":[{"embeddable":true,"href":"https:\/\/ccvalg.pt\/astronomia\/wordpress\/wp-json\/wp\/v2\/comments?post=2094"}],"version-history":[{"count":1,"href":"https:\/\/ccvalg.pt\/astronomia\/wordpress\/wp-json\/wp\/v2\/posts\/2094\/revisions"}],"predecessor-version":[{"id":2096,"href":"https:\/\/ccvalg.pt\/astronomia\/wordpress\/wp-json\/wp\/v2\/posts\/2094\/revisions\/2096"}],"wp:featuredmedia":[{"embeddable":true,"href":"https:\/\/ccvalg.pt\/astronomia\/wordpress\/wp-json\/wp\/v2\/media\/2095"}],"wp:attachment":[{"href":"https:\/\/ccvalg.pt\/astronomia\/wordpress\/wp-json\/wp\/v2\/media?parent=2094"}],"wp:term":[{"taxonomy":"category","embeddable":true,"href":"https:\/\/ccvalg.pt\/astronomia\/wordpress\/wp-json\/wp\/v2\/categories?post=2094"},{"taxonomy":"post_tag","embeddable":true,"href":"https:\/\/ccvalg.pt\/astronomia\/wordpress\/wp-json\/wp\/v2\/tags?post=2094"}],"curies":[{"name":"wp","href":"https:\/\/api.w.org\/{rel}","templated":true}]}}