{"id":2063,"date":"2019-05-14T05:41:25","date_gmt":"2019-05-14T05:41:25","guid":{"rendered":"http:\/\/ccvalg.pt\/astronomia\/wordpress\/?p=2063"},"modified":"2019-05-14T05:41:26","modified_gmt":"2019-05-14T05:41:26","slug":"ondas-gravitacionais-deixam-uma-marca-detetavel-dizem-os-fisicos","status":"publish","type":"post","link":"https:\/\/ccvalg.pt\/astronomia\/wordpress\/2019\/05\/14\/ondas-gravitacionais-deixam-uma-marca-detetavel-dizem-os-fisicos\/","title":{"rendered":"Ondas gravitacionais deixam uma marca detet\u00e1vel, dizem os f\u00edsicos"},"content":{"rendered":"\n<figure class=\"wp-block-image\"><a href=\"https:\/\/i1.wp.com\/public.virgo-gw.eu\/wp-content\/uploads\/2015\/01\/GravitationalWaveSketch.jpg\" target=\"_blank\" rel=\"noreferrer noopener\"><img loading=\"lazy\" decoding=\"async\" width=\"600\" height=\"321\" src=\"https:\/\/ccvalg.pt\/astronomia\/wordpress\/wp-content\/uploads\/2019\/05\/bhmerger-blue.jpg\" alt=\"\" class=\"wp-image-2064\" srcset=\"https:\/\/ccvalg.pt\/astronomia\/wordpress\/wp-content\/uploads\/2019\/05\/bhmerger-blue.jpg 600w, https:\/\/ccvalg.pt\/astronomia\/wordpress\/wp-content\/uploads\/2019\/05\/bhmerger-blue-300x161.jpg 300w, https:\/\/ccvalg.pt\/astronomia\/wordpress\/wp-content\/uploads\/2019\/05\/bhmerger-blue-310x165.jpg 310w\" sizes=\"auto, (max-width: 600px) 100vw, 600px\" \/><\/a><figcaption>Quando dois buracos negros giram em \u00f3rbita um do outro, irradiam ondas gravitacionais, libertando energia orbital e espiralando em dire\u00e7\u00e3o um do outro. Esta impress\u00e3o de artista mostra as ondula\u00e7\u00f5es numa superf\u00edcie bidimensional do espa\u00e7o-tempo, para que as consigamos imaginar melhor.<br>Cr\u00e9dito: Swinburne Astronomy Productions<\/figcaption><\/figure>\n\n\n\n<p>As ondas gravitacionais, detetadas pela primeira vez em 2016, abrem uma nova janela para o Universo, com o potencial de nos contar tudo sobre a \u00e9poca que se seguiu ao Big Bang at\u00e9 aos eventos mais recentes nos centros de gal\u00e1xias.<\/p>\n\n\n\n<p>E enquanto o detetor LIGO (Laser Interferometer Gravitational-Wave Observatory) observa 24 horas por dia, 7 dias por semana, ondas gravitacionais que passam pela Terra, uma nova investiga\u00e7\u00e3o mostra que essas ondas deixam para tr\u00e1s muitas &#8220;mem\u00f3rias&#8221; que podem ajudar a detet\u00e1-las mesmo depois de terem passado.<\/p>\n\n\n\n<p>&#8220;Que as ondas gravitacionais deixam mudan\u00e7as permanentes num detetor depois de passarem, \u00e9 uma das previs\u00f5es mais invulgares da relatividade geral,&#8221; disse o candidato a doutoramento Alexander Grant, autor principal do artigo cient\u00edfico publicado na edi\u00e7\u00e3o de 26 de abril da revista Physical Review D.<\/p>\n\n\n\n<p>Os f\u00edsicos sabem h\u00e1 muito tempo que as ondas gravitacionais deixam uma esp\u00e9cie de mem\u00f3ria nas part\u00edculas ao longo do caminho e identificaram cinco dessas mem\u00f3rias. Os investigadores descobriram agora mais tr\u00eas efeitos posteriores da passagem de uma onda gravitacional, &#8220;ondas gravitacionais persistentes observ\u00e1veis&#8221; que podem um dia ajudar a identificar ondas que passam pelo Universo.<\/p>\n\n\n\n<p>Cada nova onda observ\u00e1vel, real\u00e7a Grant, fornece diferentes maneiras de confirmar a teoria da relatividade geral e fornece informa\u00e7\u00f5es sobre as propriedades intr\u00ednsecas das ondas gravitacionais.<\/p>\n\n\n\n<p>Essas propriedades, dizem os cientistas, podem ajudar a extrair informa\u00e7\u00f5es da Radia\u00e7\u00e3o C\u00f3smica de Fundo em Micro-ondas &#8211; radia\u00e7\u00e3o remanescente do Big Bang.<\/p>\n\n\n\n<p>&#8220;N\u00e3o antecip\u00e1mos a riqueza e a diversidade do que podia ser observado,&#8221; explicou \u00c9anna Flanagan, professor de f\u00edsica e de astronomia da Universidade de Cornell, no estado norte-americano de Nova Iorque.<\/p>\n\n\n\n<p>&#8220;O que foi surpreendente, para mim, sobre esta investiga\u00e7\u00e3o, \u00e9 como diferentes ideias \u00e0s vezes tinham uma rela\u00e7\u00e3o inesperada,&#8221; disse Grant. &#8220;N\u00f3s consider\u00e1mos uma grande variedade de observ\u00e1veis diferentes e descobrimos que, muitas vezes, para saber mais sobre uma, temos que ter conhecimento da outra.&#8221;<\/p>\n\n\n\n<p>Os investigadores identificaram tr\u00eas observ\u00e1veis que mostram os efeitos de ondas gravitacionais numa regi\u00e3o plana do espa\u00e7o-tempo que sofre um surto de ondas gravitacionais, ap\u00f3s o qual volta a ser uma regi\u00e3o plana. O primeiro observ\u00e1vel, &#8220;desvio de curva&#8221;, \u00e9 quanto dois observadores em acelera\u00e7\u00e3o se separam um do outro, em compara\u00e7\u00e3o com a forma como observadores com as mesmas acelera\u00e7\u00f5es se separariam um do outro num espa\u00e7o plano n\u00e3o perturbado por uma onda gravitacional.<\/p>\n\n\n\n<p>O segundo observ\u00e1vel, &#8220;holonomia&#8221;, \u00e9 obtido transportando informa\u00e7\u00f5es sobre o momento linear e angular de uma part\u00edcula ao longo de duas curvas diferentes atrav\u00e9s das ondas gravitacionais e comparando os dois resultados diferentes.<\/p>\n\n\n\n<p>O terceiro analisa como as ondas gravitacionais afetam o deslocamento relativo de duas part\u00edculas quando uma das part\u00edculas tem uma rota\u00e7\u00e3o intr\u00ednseca.<\/p>\n\n\n\n<p>Cada um destes observ\u00e1veis \u00e9 definido pelos investigadores de uma maneira que pode ser medida pelo detetor. Os procedimentos de dete\u00e7\u00e3o para o desvio de curva e para as part\u00edculas em rota\u00e7\u00e3o s\u00e3o &#8220;relativamente simples de realizar,&#8221; escreveram os investigadores, necessitando apenas &#8220;um meio de medir a separa\u00e7\u00e3o e para os observadores acompanharem as suas respetivas acelera\u00e7\u00f5es.&#8221;<\/p>\n\n\n\n<p>A dete\u00e7\u00e3o da holonomia observ\u00e1vel seria mais dif\u00edcil, escreveram, &#8220;exigindo que dois observadores medissem a curvatura local do espa\u00e7o-tempo (potencialmente transportando pequenos detetores de ondas gravitacionais).&#8221; Dado o tamanho necess\u00e1rio para o LIGO detetar at\u00e9 uma onda gravitacional, a capacidade de detetar os observ\u00e1veis de holonomia est\u00e1 al\u00e9m do alcance da ci\u00eancia atual, dizem os cientistas.<\/p>\n\n\n\n<p>&#8220;Mas j\u00e1 vimos muitas coisas interessantes com ondas gravitacionais, e veremos muitas mais. Existem at\u00e9 planos para colocar um detetor de ondas gravitacionais no espa\u00e7o, que ser\u00e1 sens\u00edvel a fontes diferentes do LIGO,&#8221; conclui Flanagan.<\/p>\n\n\n\n<p><a rel=\"noreferrer noopener\" href=\"http:\/\/news.cornell.edu\/stories\/2019\/05\/gravitational-waves-leave-detectable-mark-physicists-say\" target=\"_blank\">\/\/ Universidade de Cornell (comunicado de imprensa)<\/a><br><a rel=\"noreferrer noopener\" href=\"https:\/\/journals.aps.org\/prd\/abstract\/10.1103\/PhysRevD.99.084044\" target=\"_blank\">\/\/ Artigo cient\u00edfico (Physical Review D)<\/a><br><a rel=\"noreferrer noopener\" href=\"https:\/\/arxiv.org\/abs\/1901.00021\" target=\"_blank\">\/\/ Artigo cient\u00edfico (arXiv.org)<\/a><\/p>\n\n\n\n<h4 class=\"wp-block-heading\">Saiba mais:<\/h4>\n\n\n\n<p><strong>Not\u00edcias relacionadas:<\/strong><br><a href=\"https:\/\/phys.org\/news\/2019-05-gravitational-physicists.html\" target=\"_blank\" rel=\"noreferrer noopener\">PHYSORG<\/a><\/p>\n\n\n\n<p><strong>Ondas gravitacionais:<\/strong><br><a href=\"https:\/\/gracedb.ligo.org\/latest\/\" target=\"_blank\" rel=\"noreferrer noopener\">GraceDB (Gravitational Wave Candidate Event Database)<\/a><br><a href=\"https:\/\/en.wikipedia.org\/wiki\/Gravitational_wave\" target=\"_blank\" rel=\"noreferrer noopener\">Wikipedia<\/a><br><a href=\"https:\/\/en.wikipedia.org\/wiki\/Gravitational_wave_detection\" target=\"_blank\" rel=\"noreferrer noopener\">Astronomia de ondas gravitacionais &#8211; Wikipedia<\/a><br><a href=\"http:\/\/www.universetoday.com\/127255\/gravitational-waves-101\/\" target=\"_blank\" rel=\"noreferrer noopener\">Ondas gravitacionais: como distorcem o espa\u00e7o &#8211; Universe Today<\/a><br><a href=\"http:\/\/www.universetoday.com\/127286\/gravitational-wave-detectors-how-they-work\/\" target=\"_blank\" rel=\"noreferrer noopener\">Detetores: como funcionam &#8211; Universe Today<\/a><br><a href=\"http:\/\/www.universetoday.com\/127329\/gravitational-wave-sources\/\" target=\"_blank\" rel=\"noreferrer noopener\">As fontes de ondas gravitacionais &#8211; Universe Today<\/a><br><a href=\"https:\/\/www.youtube.com\/watch?v=4GbWfNHtHRg\" target=\"_blank\" rel=\"noreferrer noopener\">O que \u00e9 uma onda gravitacional (YouTube)<\/a><\/p>\n\n\n\n<p><strong>LIGO:<\/strong><br><a href=\"http:\/\/ligo.org\/\" target=\"_blank\" rel=\"noreferrer noopener\">P\u00e1gina oficial<\/a><br><a href=\"https:\/\/www.ligo.caltech.edu\/\" target=\"_blank\" rel=\"noreferrer noopener\">Caltech<\/a><br><a href=\"https:\/\/www.advancedligo.mit.edu\/\" target=\"_blank\" rel=\"noreferrer noopener\">Advanced LIGO<\/a><br><a href=\"https:\/\/en.wikipedia.org\/wiki\/LIGO\" target=\"_blank\" rel=\"noreferrer noopener\">Wikipedia<\/a><\/p>\n","protected":false},"excerpt":{"rendered":"<p>Quando dois buracos negros giram em \u00f3rbita um do outro, irradiam ondas gravitacionais, libertando energia orbital e espiralando em dire\u00e7\u00e3o um do outro. Esta impress\u00e3o de artista mostra as ondula\u00e7\u00f5es numa superf\u00edcie bidimensional do espa\u00e7o-tempo, para que as consigamos imaginar melhor.Cr\u00e9dito: Swinburne Astronomy Productions As ondas gravitacionais, detetadas pela primeira vez em 2016, abrem uma &hellip;<\/p>\n","protected":false},"author":1,"featured_media":2064,"comment_status":"open","ping_status":"open","sticky":false,"template":"","format":"standard","meta":{"footnotes":""},"categories":[62],"tags":[443,445],"class_list":["post-2063","post","type-post","status-publish","format-standard","has-post-thumbnail","","category-cosmologia","tag-ligo","tag-ondas-gravitacionais"],"_links":{"self":[{"href":"https:\/\/ccvalg.pt\/astronomia\/wordpress\/wp-json\/wp\/v2\/posts\/2063","targetHints":{"allow":["GET"]}}],"collection":[{"href":"https:\/\/ccvalg.pt\/astronomia\/wordpress\/wp-json\/wp\/v2\/posts"}],"about":[{"href":"https:\/\/ccvalg.pt\/astronomia\/wordpress\/wp-json\/wp\/v2\/types\/post"}],"author":[{"embeddable":true,"href":"https:\/\/ccvalg.pt\/astronomia\/wordpress\/wp-json\/wp\/v2\/users\/1"}],"replies":[{"embeddable":true,"href":"https:\/\/ccvalg.pt\/astronomia\/wordpress\/wp-json\/wp\/v2\/comments?post=2063"}],"version-history":[{"count":1,"href":"https:\/\/ccvalg.pt\/astronomia\/wordpress\/wp-json\/wp\/v2\/posts\/2063\/revisions"}],"predecessor-version":[{"id":2065,"href":"https:\/\/ccvalg.pt\/astronomia\/wordpress\/wp-json\/wp\/v2\/posts\/2063\/revisions\/2065"}],"wp:featuredmedia":[{"embeddable":true,"href":"https:\/\/ccvalg.pt\/astronomia\/wordpress\/wp-json\/wp\/v2\/media\/2064"}],"wp:attachment":[{"href":"https:\/\/ccvalg.pt\/astronomia\/wordpress\/wp-json\/wp\/v2\/media?parent=2063"}],"wp:term":[{"taxonomy":"category","embeddable":true,"href":"https:\/\/ccvalg.pt\/astronomia\/wordpress\/wp-json\/wp\/v2\/categories?post=2063"},{"taxonomy":"post_tag","embeddable":true,"href":"https:\/\/ccvalg.pt\/astronomia\/wordpress\/wp-json\/wp\/v2\/tags?post=2063"}],"curies":[{"name":"wp","href":"https:\/\/api.w.org\/{rel}","templated":true}]}}