{"id":1996,"date":"2019-04-12T07:19:35","date_gmt":"2019-04-12T07:19:35","guid":{"rendered":"http:\/\/ccvalg.pt\/astronomia\/wordpress\/?p=1996"},"modified":"2019-04-12T07:19:37","modified_gmt":"2019-04-12T07:19:37","slug":"astronomos-obtem-primeira-imagem-de-um-buraco-negro","status":"publish","type":"post","link":"https:\/\/ccvalg.pt\/astronomia\/wordpress\/2019\/04\/12\/astronomos-obtem-primeira-imagem-de-um-buraco-negro\/","title":{"rendered":"Astr\u00f3nomos obt\u00eam primeira imagem de um buraco negro"},"content":{"rendered":"\n<figure class=\"wp-block-image\"><a href=\"https:\/\/cdn.eso.org\/images\/large\/eso1907a.jpg\" target=\"_blank\" rel=\"noreferrer noopener\"><img loading=\"lazy\" decoding=\"async\" width=\"700\" height=\"408\" src=\"https:\/\/ccvalg.pt\/astronomia\/wordpress\/wp-content\/uploads\/2019\/04\/eso1907a.jpg\" alt=\"\" class=\"wp-image-1997\" srcset=\"https:\/\/ccvalg.pt\/astronomia\/wordpress\/wp-content\/uploads\/2019\/04\/eso1907a.jpg 700w, https:\/\/ccvalg.pt\/astronomia\/wordpress\/wp-content\/uploads\/2019\/04\/eso1907a-300x175.jpg 300w\" sizes=\"auto, (max-width: 700px) 100vw, 700px\" \/><\/a><figcaption>Usando o EHT, os cientistas obtiveram uma imagem do buraco negro no centro da gal\u00e1xia M87, delineado pela emiss\u00e3o de g\u00e1s quente em seu redor sob a influ\u00eancia de forte gravidade perto do horizonte de eventos.<br>Cr\u00e9dito: Colabora\u00e7\u00e3o EHT<\/figcaption><\/figure>\n\n\n\n<p>O EHT (Event Horizon Telescope) \u2014 uma rede \u00e0 escala planet\u00e1ria de oito radiotelesc\u00f3pios colocados no solo, formada atrav\u00e9s de colabora\u00e7\u00e3o internacional \u2014 foi concebido para capturar imagens de um buraco negro. Na passada quarta-feira, em confer\u00eancias de imprensa coordenadas em todo o mundo, os investigadores do EHT revelaram que foram bem-sucedidos, mostrando a primeira evid\u00eancia visual direta de um buraco negro supermassivo e da sua sombra.<\/p>\n\n\n\n<p>Este resultado pioneiro foi anunciado numa s\u00e9rie de seis artigos cient\u00edficos publicados num n\u00famero especial da revista da especialidade The Astrophysical Journal Letters. A imagem revela o buraco negro situado no centro de Messier 87, uma gal\u00e1xia massiva localizada no enxame gal\u00e1ctico de Virgem (a sombra de um buraco negro \u00e9 o mais pr\u00f3ximo da imagem do buraco negro propriamente dito que conseguimos obter, j\u00e1 que este \u00e9 um objeto completamente escuro do qual a luz n\u00e3o pode escapar. A fronteira do buraco negro \u2014 o horizonte de eventos que d\u00e1 o nome ao EHT \u2014 \u00e9 cerca de 2,5 vezes mais pequena que a sombra que projeta e mede menos de 40 mil milh\u00f5es de km de um lado ao outro). Este buraco negro reside a 55 milh\u00f5es de anos-luz de dist\u00e2ncia da Terra e possui uma massa de 6,5 mil milh\u00f5es de vezes a do Sol.<\/p>\n\n\n\n<figure class=\"wp-block-image\"><a href=\"https:\/\/cdn.eso.org\/images\/large\/eso1907b.jpg\" target=\"_blank\" rel=\"noreferrer noopener\"><img decoding=\"async\" src=\"https:\/\/cdn.eso.org\/images\/thumb700x\/eso1907b.jpg\" alt=\"\"\/><\/a><figcaption>Messier 87 (M87) \u00e9 uma gal\u00e1xia el\u00edptica enorme situada a cerca de 55 milh\u00f5es de anos-luz de dist\u00e2ncia da Terra, vis\u00edvel na constela\u00e7\u00e3o da Virgem. Foi descoberta por Charles Messier em 1781, mas n\u00e3o foi identificada como gal\u00e1xia at\u00e9 ao s\u00e9culo XX. Com o dobro da massa da nossa pr\u00f3pria gal\u00e1xia, a Via L\u00e1ctea, e contendo cerca de dez vezes mais estrelas, conta-se entre as maiores gal\u00e1xias do Universo Local. Para al\u00e9m do seu tamanho, M87 tem algumas caracter\u00edsticas bastante \u00fanicas. Por exemplo, cont\u00e9m uma grande quantidade de enxames globulares: enquanto a nossa Via L\u00e1ctea n\u00e3o tem mais de 200, M87 conta com cerca de 12.000, o que alguns cientistas sugerem ser devido ao facto de os ter arrebatado a gal\u00e1xias vizinhas mais pequenas. Tal como todas as grandes gal\u00e1xias, M87 tem um buraco negro supermassivo no seu centro. O buraco negro pode tamb\u00e9m explicar uma das caracter\u00edsticas mais energ\u00e9ticas da gal\u00e1xia: um jacto relativista de mat\u00e9ria que est\u00e1 a ser ejectado com uma velocidade quase igual \u00e0 da luz.<br>Este buraco negro foi objeto de observa\u00e7\u00f5es do Event Horizon Telescope. O EHT escolheu-o como alvo por duas raz\u00f5es. Apesar da resolu\u00e7\u00e3o do EHT ser muito boa, ainda assim tem os seus limites. Como os buracos negros mais massivos s\u00e3o tamb\u00e9m maiores em di\u00e2metro, o buraco negro central de M87 apresentava um alvo invulgarmente grande, o que significa que podiam obter-se imagens dele mais facilmente do que de buracos negros mais pequenos mas mais pr\u00f3ximos. A outra raz\u00e3o foi claramente mais &#8220;terrena&#8221;. M87 apresenta-se relativamente perto do equador celeste quando observada a partir da Terra, o que a torna vis\u00edvel tanto no hemisf\u00e9rio norte como no hemisf\u00e9rio sul. Este facto maximizou o n\u00famero de telesc\u00f3pios do EHT que a podiam observar, aumentando assim a resolu\u00e7\u00e3o da imagem final.<br>Cr\u00e9dito: ESO <\/figcaption><\/figure>\n\n\n\n<p>Os buracos negros supermassivos s\u00e3o objetos astron\u00f3micos relativamente pequenos \u2014 o que faz com que at\u00e9 agora tenham sido imposs\u00edveis de observar diretamente. Como o tamanho do horizonte de eventos de um buraco negro \u00e9 proporcional \u00e0 sua massa, quanto mais massivo for o buraco negro, maior ser\u00e1 a sua sombra. Gra\u00e7as \u00e0 sua enorme massa e relativa proximidade, previu-se que o buraco negro de M87 fosse um dos maiores visto a partir da Terra \u2014 o que o tornou num excelente alvo para o EHT.<\/p>\n\n\n\n<p>O EHT liga telesc\u00f3pios situados em todo o globo, formando um telesc\u00f3pio virtual do tamanho da Terra sem precedentes. O EHT proporciona aos astr\u00f3nomos uma nova maneira de estudarem os objetos mais extremos do Universo previstos pela relatividade geral de Einstein durante o ano centen\u00e1rio da experi\u00eancia hist\u00f3rica que confirmou esta teoria pela primeira vez.<\/p>\n\n\n\n<p>Apesar dos telesc\u00f3pios n\u00e3o estarem fisicamente ligados, foi poss\u00edvel sincronizar os dados recolhidos com rel\u00f3gios at\u00f3micos \u2014 masers de hidrog\u00e9nio \u2014 que d\u00e3o o tempo preciso das observa\u00e7\u00f5es. Estas observa\u00e7\u00f5es foram obtidas a um comprimento de onda de 1,3 mm durante uma campanha global em 2017. Cada telesc\u00f3pio do EHT produziu enormes quantidades de dados \u2014 cerca de 350 terabytes por dia \u2014 os quais foram armazenados em discos de h\u00e9lio de elevado desempenho. Estes dados foram depois combinados em supercomputadores altamente especializados \u2014 chamados correladores \u2014 existentes no Instituto Max Planck de R\u00e1dio Astronomia e no Observat\u00f3rio Haystack do MIT. Foram seguidamente convertidos numa imagem usando ferramentas computacionais inovadoras, desenvolvidas pela colabora\u00e7\u00e3o.<\/p>\n\n\n\n<p>&#8220;Tir\u00e1mos a primeira fotografia de um buraco negro,&#8221; disse o diretor do projeto EHT, Sheperd S. Doeleman do Center for Astrophysics | Harvard &amp; Smithsonian, EUA. &#8220;Trata-se de um feito cient\u00edfico extraordin\u00e1rio levado a cabo por uma equipa de mais de 200 investigadores.&#8221;<\/p>\n\n\n\n<p>Os buracos negros s\u00e3o objetos c\u00f3smicos extraordin\u00e1rios com massas enormes e tamanhos extremamente compactos. A presen\u00e7a destes objetos afeta o meio onde est\u00e3o inseridos de maneira extrema, deformando o espa\u00e7o-tempo e superaquecendo o material que os rodeia.<\/p>\n\n\n\n<figure class=\"wp-block-image\"><a href=\"https:\/\/cdn.eso.org\/images\/large\/eso1907h.jpg\" target=\"_blank\" rel=\"noreferrer noopener\"><img decoding=\"async\" src=\"https:\/\/cdn.eso.org\/images\/thumb700x\/eso1907h.jpg\" alt=\"\"\/><\/a><figcaption> Esta imagem art\u00edstica mostra um buraco negro supermassivo a rodar rapidamente, rodeado por um disco de acre\u00e7\u00e3o. O disco fino de material em rota\u00e7\u00e3o \u00e9 constitu\u00eddo por restos de uma estrela do tipo do Sol que foi desfeita por a\u00e7\u00e3o das for\u00e7as de mar\u00e9 do buraco negro. O buraco negro est\u00e1 assinalado, mostrando a anatomia deste fascinante objeto.\u00a0<br>Cr\u00e9dito: ESO <\/figcaption><\/figure>\n\n\n\n<p>&#8220;Se estiverem imersos numa regi\u00e3o brilhante, como um disco de g\u00e1s brilhante, pensamos que o buraco negro crie uma regi\u00e3o escura semelhante a uma sombra \u2014 algo previsto pela relatividade geral de Einstein que nunca foi observado anteriormente,&#8221; explica o Presidente do Conselho Cient\u00edfico do EHT, Heino Falcke da Universidade Radboud, na Holanda. &#8220;Esta sombra, causada pela curvatura gravitacional e captura da luz no horizonte de eventos, revela-nos muito sobre a natureza destes fascinantes objetos e permite-nos medir a enorme massa do buraco negro de M87.&#8221;<\/p>\n\n\n\n<p>Calibra\u00e7\u00f5es m\u00faltiplas e m\u00e9todos de obten\u00e7\u00e3o de imagens revelaram uma estrutura semelhante a um disco com uma regi\u00e3o central escura \u2014 a sombra do buraco negro \u2014 que se manteve em v\u00e1rias observa\u00e7\u00f5es independentes do EHT.<\/p>\n\n\n\n<p>&#8220;Quando tivemos a certeza de ter efetivamente capturado a sombra, pudemos comparar o nosso resultado com uma extensa biblioteca de modelos de computador, a qual inclui a f\u00edsica do espa\u00e7o deformado, mat\u00e9ria superaquecida e campos magn\u00e9ticos muito fortes. Muitas das estruturas da imagem observada ajustam surpreendentemente bem os nossos modelos te\u00f3ricos, o que nos d\u00e1 confian\u00e7a na interpreta\u00e7\u00e3o das observa\u00e7\u00f5es, incluindo a estimativa da massa do buraco negro,&#8221; comenta Paul T. P. Ho, membro do Conselho do EHT e Diretor do Observat\u00f3rio do Leste Asi\u00e1tico.<\/p>\n\n\n\n<p>&#8220;O confronto entre a teoria e as observa\u00e7\u00f5es \u00e9 sempre um momento dram\u00e1tico para os te\u00f3ricos. Foi um al\u00edvio e um motivo de orgulho ver que as observa\u00e7\u00f5es ajustavam t\u00e3o bem as nossas previs\u00f5es,&#8221; explica Luciano Rezzolla da Goethe Universit\u00e4t, na Alemanha, tamb\u00e9m membro do Conselho do EHT.<\/p>\n\n\n\n<p>Criar o EHT tratou-se de um desafio enorme, pois foi necess\u00e1rio atualizar e ligar uma rede mundial de oito telesc\u00f3pios pr\u00e9-existentes colocados numa quantidade de locais de altitude elevada. Estes locais incluem vulc\u00f5es no Hawaii e no M\u00e9xico, montanhas no Arizona, EUA, a Sierra Nevada espanhola, o deserto chileno do Atacama e a Ant\u00e1rtida.<\/p>\n\n\n\n<figure class=\"wp-block-image\"><a href=\"https:\/\/cdn.eso.org\/images\/large\/eso1907p.jpg\" target=\"_blank\" rel=\"noreferrer noopener\"><img decoding=\"async\" src=\"https:\/\/cdn.eso.org\/images\/thumb700x\/eso1907p.jpg\" alt=\"\"\/><\/a><figcaption> Este esquema mostra a localiza\u00e7\u00e3o dos telesc\u00f3pios utilizados nas observa\u00e7\u00f5es EHT de 2017 da gal\u00e1xia M87.<br>Cr\u00e9dito: NRAO <\/figcaption><\/figure>\n\n\n\n<p>As observa\u00e7\u00f5es do EHT usaram uma t\u00e9cnica conhecida por interferometria de linha de base muito longa (VLBI, sigla do ingl\u00eas para very-long-baseline interferometry), que sincroniza os v\u00e1rios telesc\u00f3pios e explora a rota\u00e7\u00e3o do nosso planeta de modo a formar um enorme telesc\u00f3pio do tamanho da Terra, que observa a um comprimento de onda de 1,3 mm. A VLBI permite ao EHT atingir uma resolu\u00e7\u00e3o angular de 20 microssegundos de arco \u2014 o suficiente para se ler um jornal colocado em Nova Iorque a partir de um caf\u00e9 em Paris (as observa\u00e7\u00f5es do EHT no futuro pr\u00f3ximo ir\u00e3o ver um aumento substancial da sua sensibilidade, devido \u00e0 participa\u00e7\u00e3o dos IRAM NOEMA Observatory, Greenland Telescope e Kitt Peak Telescope).<\/p>\n\n\n\n<p>Os telesc\u00f3pios que contribu\u00edram para este resultado foram: Atacama Large Millimeter\/submillimeter Array (ALMA), Atacama Pathfinder Experiment (APEX), telesc\u00f3pio IRAM de 30 metros, James Clerk Maxwell Telescope, Large Millimeter Telescope Alfonso Serrano, Submillimeter Array, Submillimeter Telescope e South Pole Telescope. Foram combinados petabytes de dados obtidos por estes telesc\u00f3pios em supercomputadores altamente especializados, situados no Instituto Max Planck de R\u00e1dio Astronomia e no MIT Haystack Observatory.<\/p>\n\n\n\n<p>As infraestruturas e financiamento europeu desempenharam um papel crucial neste esfor\u00e7o mundial, com a participa\u00e7\u00e3o de telesc\u00f3pios europeus avan\u00e7ados e o apoio do Conselho Europeu de Investiga\u00e7\u00e3o \u2014 particularmente com uma bolsa de 14 milh\u00f5es de euros para o projeto BlackHoleCam. Os apoios do ESO, IRAM e Sociedade Max Planck foram tamb\u00e9m determinantes. &#8220;Este resultado apoia-se em d\u00e9cadas de experi\u00eancia europeia na \u00e1rea da astronomia milim\u00e9trica&#8221;, comentou Karl Schuster, Diretor do IRAM e membro do Conselho do EHT.<\/p>\n\n\n\n<figure class=\"wp-block-image\"><a href=\"https:\/\/cdn.eso.org\/images\/large\/eso1907o.jpg\" target=\"_blank\" rel=\"noreferrer noopener\"><img decoding=\"async\" src=\"https:\/\/cdn.eso.org\/images\/thumb700x\/eso1907o.jpg\" alt=\"\"\/><\/a><figcaption> Este poster do NRAO explica alguns dos conceitos chave em interferometria, a t\u00e9cnica que tornou poss\u00edveis as observa\u00e7\u00f5es do buraco negro de M87 pelo Event Horizon Telescope.<br>Cr\u00e9dito: NRAO\/AUI\/NSF; S. Dagnello <\/figcaption><\/figure>\n\n\n\n<p>A constru\u00e7\u00e3o do EHT e as observa\u00e7\u00f5es anunciadas representam o culminar de d\u00e9cadas de trabalho observacional, t\u00e9cnico e te\u00f3rico. Este exemplo de trabalho de equipa global apoiou-se em colabora\u00e7\u00f5es estreitas entre investigadores de todo o mundo. Treze institui\u00e7\u00f5es parceiras trabalharam em conjunto para criar o EHT, fazendo uso tanto de infraestruturas j\u00e1 existentes como do apoio de v\u00e1rias ag\u00eancias. O financiamento principal foi dado pela Funda\u00e7\u00e3o Nacional de Ci\u00eancias dos Estados Unidos da Am\u00e9rica (NSF), pelo Conselho Europeu de Investiga\u00e7\u00e3o da Uni\u00e3o Europeia (ERC) e por ag\u00eancias financiadoras do Leste Asi\u00e1tico.<\/p>\n\n\n\n<p>&#8220;O ESO orgulha-se de ter contribu\u00eddo de forma significativa para este resultado atrav\u00e9s da sua lideran\u00e7a europeia e papel principal em dois dos telesc\u00f3pios componentes do EHT, situados no Chile \u2014 o ALMA e o APEX,&#8221; comentou o Diretor Geral do ESO, Xavier Barcons. &#8220;O ALMA \u00e9 a infraestrutura mais sens\u00edvel do EHT e as suas 66 antenas de alta precis\u00e3o foram determinantes no sucesso do EHT.&#8221;<\/p>\n\n\n\n<p>&#8220;Conseguimos algo que se julgava imposs\u00edvel h\u00e1 apenas uma gera\u00e7\u00e3o atr\u00e1s,&#8221; concluiu Doeleman. &#8220;Junt\u00e1mos avan\u00e7os pioneiros em tecnologia, liga\u00e7\u00f5es entre os melhores r\u00e1dio observat\u00f3rios do mundo e algoritmos inovadores para abrir uma nova janela para os buracos negros e o seu horizonte de eventos.&#8221;<\/p>\n\n\n\n<figure class=\"wp-block-embed-youtube wp-block-embed is-type-video is-provider-youtube wp-embed-aspect-16-9 wp-has-aspect-ratio\"><div class=\"wp-block-embed__wrapper\">\n<iframe loading=\"lazy\" title=\"In the Shadow of the Black Hole\" width=\"618\" height=\"348\" src=\"https:\/\/www.youtube.com\/embed\/omz77qrDjsU?feature=oembed\" frameborder=\"0\" allow=\"accelerometer; autoplay; clipboard-write; encrypted-media; gyroscope; picture-in-picture; web-share\" referrerpolicy=\"strict-origin-when-cross-origin\" allowfullscreen><\/iframe>\n<\/div><\/figure>\n\n\n\n<p><a rel=\"noreferrer noopener\" href=\"https:\/\/www.eso.org\/public\/news\/eso1907\" target=\"_blank\">\/\/ ESO (comunicado de imprensa)<\/a><br><a rel=\"noreferrer noopener\" href=\"https:\/\/eventhorizontelescope.org\/\" target=\"_blank\">\/\/ EHT (comunicado de imprensa)<\/a><br><a rel=\"noreferrer noopener\" href=\"https:\/\/www.almaobservatory.org\/en\/press-release\/astronomers-capture-first-image-of-a-black-hole\/\" target=\"_blank\">\/\/ Observat\u00f3rio ALMA (comunicado de imprensa)<\/a><br><a rel=\"noreferrer noopener\" href=\"https:\/\/www.nasa.gov\/mission_pages\/chandra\/news\/black-hole-image-makes-history\/\" target=\"_blank\">\/\/ NASA (comunicado de imprensa)<\/a><br><a rel=\"noreferrer noopener\" href=\"http:\/\/news.mit.edu\/2019\/mit-haystack-first-image-black-hole-0410\" target=\"_blank\">\/\/ MIT (comunicado de imprensa)<\/a><br><a rel=\"noreferrer noopener\" href=\"https:\/\/iopscience.iop.org\/article\/10.3847\/2041-8213\/ab0ec7\" target=\"_blank\">\/\/ Artigo cient\u00edfico #1 (The Astrophysical Journal Letters)<\/a><br><a rel=\"noreferrer noopener\" href=\"https:\/\/iopscience.iop.org\/article\/10.3847\/2041-8213\/ab0c96\" target=\"_blank\">\/\/ Artigo cient\u00edfico #2 (The Astrophysical Journal Letters)<\/a><br><a rel=\"noreferrer noopener\" href=\"https:\/\/iopscience.iop.org\/article\/10.3847\/2041-8213\/ab0c57\" target=\"_blank\">\/\/ Artigo cient\u00edfico #3 (The Astrophysical Journal Letters)<\/a><br><a rel=\"noreferrer noopener\" href=\"https:\/\/iopscience.iop.org\/article\/10.3847\/2041-8213\/ab0e85\/meta\" target=\"_blank\">\/\/ Artigo cient\u00edfico #4 (The Astrophysical Journal Letters)<\/a><br><a rel=\"noreferrer noopener\" href=\"https:\/\/doi.org\/10.3847\/2041-8213\/ab0f43\" target=\"_blank\">\/\/ Artigo cient\u00edfico #5 (The Astrophysical Journal Letters)<\/a><br><a rel=\"noreferrer noopener\" href=\"https:\/\/doi.org\/10.3847\/2041-8213\/ab1141\" target=\"_blank\">\/\/ Artigo cient\u00edfico #6 (The Astrophysical Journal Letters)<\/a><br><a rel=\"noreferrer noopener\" href=\"https:\/\/www.youtube.com\/watch?v=Dr20f19czeE\" target=\"_blank\">\/\/ Confer\u00eancia de imprensa (Comiss\u00e3o Europeia via YouTube)<\/a><br><a rel=\"noreferrer noopener\" href=\"https:\/\/youtu.be\/pkTWO0crVng\" target=\"_blank\">\/\/ ESOcast 199 (ESO via YouTube)<\/a><\/p>\n\n\n\n<h4 class=\"wp-block-heading\">Saiba mais:<\/h4>\n\n\n\n<p><strong>Not\u00edcias relacionadas:<\/strong><br><a href=\"http:\/\/www.astronomy.com\/news\/2019\/04\/event-horizon-telescope-releases-first-ever-black-hole-image\" target=\"_blank\" rel=\"noreferrer noopener\">Astronomy<\/a><br><a href=\"https:\/\/www.skyandtelescope.com\/astronomy-news\/black-holes\/scientists-unveil-first-black-hole-image\/\" target=\"_blank\" rel=\"noreferrer noopener\">Sky &amp; Telescope<\/a><br><a href=\"https:\/\/www.space.com\/first-black-hole-photo-by-event-horizon-telescope.html\" target=\"_blank\" rel=\"noreferrer noopener\">SPACE.com<\/a><br><a href=\"https:\/\/www.universetoday.com\/141950\/its-finally-here-the-first-ever-image-of-a-black-hole\/\" target=\"_blank\" rel=\"noreferrer noopener\">Universe Today<\/a><br><a href=\"https:\/\/www.sciencedaily.com\/releases\/2019\/04\/190410091028.htm\" target=\"_blank\" rel=\"noreferrer noopener\">ScienceDaily<\/a><br><a href=\"https:\/\/www.newscientist.com\/article\/2199330-first-ever-real-image-of-a-black-hole-revealed\/\" target=\"_blank\" rel=\"noreferrer noopener\">New Scientist<\/a><br><a href=\"https:\/\/www.sciencealert.com\/it-s-official-global-collaboration-of-astronomers-have-taken-the-first-ever-black-hole-photo\" target=\"_blank\" rel=\"noreferrer noopener\">science alert<\/a><br><a href=\"https:\/\/phys.org\/news\/2019-04-astronomers-unveil-photo-black-hole.html\" target=\"_blank\" rel=\"noreferrer noopener\">PHYSORG<\/a><br><a href=\"https:\/\/www.sciencenews.org\/article\/black-hole-first-picture-event-horizon-telescope\" target=\"_blank\" rel=\"noreferrer noopener\">ScienceNews<\/a><br><a href=\"https:\/\/www.popularmechanics.com\/space\/deep-space\/a27099934\/eht-black-hole-picture\/\" target=\"_blank\" rel=\"noreferrer noopener\">Popular Mechanics<\/a><br><a href=\"https:\/\/cosmosmagazine.com\/space\/revealed-a-black-hole-the-size-of-the-solar-system\" target=\"_blank\" rel=\"noreferrer noopener\">COSMOS<\/a><br><a href=\"https:\/\/www.popsci.com\/event-horizon-telescope-black-hole-watch\" target=\"_blank\" rel=\"noreferrer noopener\">Popular Science<\/a><br><a href=\"https:\/\/www.scientificamerican.com\/article\/at-last-a-black-holes-image-revealed\/\" target=\"_blank\" rel=\"noreferrer noopener\">Scientific American<\/a><br><a href=\"https:\/\/www.nationalgeographic.com\/science\/2019\/04\/first-picture-black-hole-revealed-m87-event-horizon-telescope-astrophysics\/\" target=\"_blank\" rel=\"noreferrer noopener\">National Geographic<\/a><br><a href=\"https:\/\/www.newsweek.com\/first-image-black-hole-event-horizon-telescope-1391838\" target=\"_blank\" rel=\"noreferrer noopener\">Newsweek<\/a><br><a href=\"https:\/\/www.forbes.com\/sites\/startswithabang\/2019\/04\/10\/black-holes-are-real-and-spectacular-and-so-are-their-event-horizons\/#3c10079c3f34\" target=\"_blank\" rel=\"noreferrer noopener\">Forbes<\/a><br><a href=\"https:\/\/www.nytimes.com\/2019\/04\/10\/science\/black-hole-picture.html\" target=\"_blank\" rel=\"noreferrer noopener\">The New York Times<\/a><br><a href=\"http:\/\/time.com\/5566225\/first-black-hole-picture-photo\/\" target=\"_blank\" rel=\"noreferrer noopener\">TIME<\/a><br><a href=\"https:\/\/uk.reuters.com\/article\/us-space-exploration-blackhole\/remarkable-image-of-black-hole-released-in-astrophysics-breakthrough-idUKKCN1RM1OP\" target=\"_blank\" rel=\"noreferrer noopener\">reuters<\/a><br><a href=\"https:\/\/www.bbc.com\/news\/science-environment-47873592\" target=\"_blank\" rel=\"noreferrer noopener\">BBC News<\/a><br><a href=\"https:\/\/www.wired.com\/story\/scientists-reveal-the-first-picture-of-a-black-hole\/\" target=\"_blank\" rel=\"noreferrer noopener\">Wired<\/a><br><a href=\"https:\/\/www.theverge.com\/2019\/4\/10\/18303661\/first-picture-black-hole-sagittarius-event-horizon-telescope\" target=\"_blank\" rel=\"noreferrer noopener\">The Verge<\/a><br><a href=\"https:\/\/gizmodo.com\/this-is-the-first-photo-of-a-black-hole-1833923659\" target=\"_blank\" rel=\"noreferrer noopener\">Gizmodo<\/a><br><a href=\"https:\/\/www.engadget.com\/2019\/04\/10\/first-image-of-black-hole\/?utm_source=spotim&amp;utm_medium=spotim_recirculation&amp;spotim_referrer=recirculation\" target=\"_blank\" rel=\"noreferrer noopener\">Engadget<\/a><br><a href=\"https:\/\/www.vox.com\/2019\/4\/10\/18302343\/first-picture-black-hole-eht-photo-event-horizon\" target=\"_blank\" rel=\"noreferrer noopener\">Vox<\/a><br><a href=\"https:\/\/www.rtp.pt\/noticias\/mundo\/revelada-a-primeira-fotografia-de-sempre-de-um-buraco-negro_n1140473\" target=\"_blank\" rel=\"noreferrer noopener\">RTP<\/a><br><a href=\"https:\/\/sicnoticias.pt\/mundo\/2019-04-10-Revelada-primeira-imagem-de-sempre-de-um-buraco-negro\" target=\"_blank\" rel=\"noreferrer noopener\">SIC Not\u00edcias<\/a><br><a href=\"https:\/\/tvi24.iol.pt\/tecnologia\/astronomia\/revelada-a-primeira-fotografia-de-sempre-de-um-buraco-negro\" target=\"_blank\" rel=\"noreferrer noopener\">tvi24<\/a><br><a href=\"https:\/\/www.tsf.pt\/sociedade\/ciencia-e-tecnologia\/interior\/a-primeira-fotografia-de-um-buraco-negro-ja-circula-pelo-mundo-10781512.html\" target=\"_blank\" rel=\"noreferrer noopener\">TSF<\/a><br><a href=\"https:\/\/expresso.pt\/sociedade\/2019-04-10-Revelada-a-primeira-foto-de-um-buraco-negro#gs.4jaecr\" target=\"_blank\" rel=\"noreferrer noopener\">Expresso<\/a><br><a href=\"https:\/\/www.publico.pt\/2019\/04\/10\/ciencia\/noticia\/einstein-razao-eis-sombra-buraco-negro-1868775\" target=\"_blank\" rel=\"noreferrer noopener\">P\u00fablico<\/a><br><a href=\"https:\/\/www.cmjornal.pt\/mundo\/detalhe\/revelada-a-primeira-fotografia-do-buraco-negro-veja-a-imagem\" target=\"_blank\" rel=\"noreferrer noopener\">Correio da Manh\u00e3<\/a><br><a href=\"https:\/\/www.jn.pt\/mundo\/interior\/revelada-primeira-fotografia-de-sempre-de-um-buraco-negro-10781511.html\" target=\"_blank\" rel=\"noreferrer noopener\">Jornal de Not\u00edcias<\/a><br><a href=\"https:\/\/www.dn.pt\/vida-e-futuro\/interior\/e-assim-um-buraco-negro-eis-a-primeira-imagem--10781376.html\" target=\"_blank\" rel=\"noreferrer noopener\">Di\u00e1rio de Not\u00edcias<\/a><br><a href=\"https:\/\/sol.sapo.pt\/artigo\/653177\/o-dia-em-que-a-humanidade-v-um-buraco-negro-pela-primeira-vez-streaming\" target=\"_blank\" rel=\"noreferrer noopener\">SOL<\/a><br><a href=\"https:\/\/24.sapo.pt\/tecnologia\/artigos\/revelada-a-primeira-imagem-de-sempre-de-um-buraco-negro\" target=\"_blank\" rel=\"noreferrer noopener\">SAPO<\/a><br><a href=\"https:\/\/pplware.sapo.pt\/ciencia\/mundo-ver-direto-buraco-negro\/\" target=\"_blank\" rel=\"noreferrer noopener\">pplware<\/a><br><a href=\"http:\/\/visao.sapo.pt\/actualidade\/sociedade\/2019-04-10-Esta-e-a-primeira-imagem-de-sempre-um-buraco-negro-1\" target=\"_blank\" rel=\"noreferrer noopener\">Vis\u00e3o<\/a><br><a href=\"https:\/\/eco.sapo.pt\/2019\/04\/10\/buracos-negros-o-fenomeno-foi-captado-em-imagem-pela-primeira-vez\/\" target=\"_blank\" rel=\"noreferrer noopener\">ECO<\/a><br><a href=\"https:\/\/nit.pt\/out-of-town\/back-in-town\/aqui-esta-a-primeira-fotografia-de-sempre-de-um-buraco-negro\" target=\"_blank\" rel=\"noreferrer noopener\">NiT<\/a><br><a href=\"https:\/\/observador.pt\/2019\/04\/10\/o-mundo-esta-prestes-a-ver-um-buraco-negro-pela-primeira-vez-siga-em-direto\/\" target=\"_blank\" rel=\"noreferrer noopener\">Observador<\/a><br><a href=\"https:\/\/zap.aeiou.pt\/eis-primeira-fotografia-buraco-negro-250915\" target=\"_blank\" rel=\"noreferrer noopener\">ZAP.aeiou<\/a><\/p>\n\n\n\n<p><strong>Buraco negro supermassivo de M87:<\/strong><br><a href=\"https:\/\/en.wikipedia.org\/wiki\/Messier_87#Supermassive_black_hole\" target=\"_blank\" rel=\"noreferrer noopener\">Wikipedia<\/a><\/p>\n\n\n\n<p><strong>Buraco negro supermassivo:<\/strong><br><a href=\"http:\/\/en.wikipedia.org\/wiki\/Supermassive_black_hole\" target=\"_blank\" rel=\"noreferrer noopener\">Wikipedia<\/a><\/p>\n\n\n\n<p><strong>EHT (Event Horizon Telescope):<\/strong><br><a href=\"http:\/\/www.eventhorizontelescope.org\/\" target=\"_blank\" rel=\"noreferrer noopener\">P\u00e1gina oficial<\/a><br><a href=\"https:\/\/en.wikipedia.org\/wiki\/Event_Horizon_Telescope\" target=\"_blank\" rel=\"noreferrer noopener\">Wikipedia<\/a><\/p>\n","protected":false},"excerpt":{"rendered":"<p>Usando o EHT, os cientistas obtiveram uma imagem do buraco negro no centro da gal\u00e1xia M87, delineado pela emiss\u00e3o de g\u00e1s quente em seu redor sob a influ\u00eancia de forte gravidade perto do horizonte de eventos.Cr\u00e9dito: Colabora\u00e7\u00e3o EHT O EHT (Event Horizon Telescope) \u2014 uma rede \u00e0 escala planet\u00e1ria de oito radiotelesc\u00f3pios colocados no solo, &hellip;<\/p>\n","protected":false},"author":1,"featured_media":1997,"comment_status":"open","ping_status":"open","sticky":false,"template":"","format":"standard","meta":{"footnotes":""},"categories":[151,62,17],"tags":[192,323,421],"class_list":["post-1996","post","type-post","status-publish","format-standard","has-post-thumbnail","","category-buracos-negros","category-cosmologia","category-sociedade-eventos-astronomicos","tag-buraco-negro","tag-eht","tag-m87"],"_links":{"self":[{"href":"https:\/\/ccvalg.pt\/astronomia\/wordpress\/wp-json\/wp\/v2\/posts\/1996","targetHints":{"allow":["GET"]}}],"collection":[{"href":"https:\/\/ccvalg.pt\/astronomia\/wordpress\/wp-json\/wp\/v2\/posts"}],"about":[{"href":"https:\/\/ccvalg.pt\/astronomia\/wordpress\/wp-json\/wp\/v2\/types\/post"}],"author":[{"embeddable":true,"href":"https:\/\/ccvalg.pt\/astronomia\/wordpress\/wp-json\/wp\/v2\/users\/1"}],"replies":[{"embeddable":true,"href":"https:\/\/ccvalg.pt\/astronomia\/wordpress\/wp-json\/wp\/v2\/comments?post=1996"}],"version-history":[{"count":1,"href":"https:\/\/ccvalg.pt\/astronomia\/wordpress\/wp-json\/wp\/v2\/posts\/1996\/revisions"}],"predecessor-version":[{"id":1998,"href":"https:\/\/ccvalg.pt\/astronomia\/wordpress\/wp-json\/wp\/v2\/posts\/1996\/revisions\/1998"}],"wp:featuredmedia":[{"embeddable":true,"href":"https:\/\/ccvalg.pt\/astronomia\/wordpress\/wp-json\/wp\/v2\/media\/1997"}],"wp:attachment":[{"href":"https:\/\/ccvalg.pt\/astronomia\/wordpress\/wp-json\/wp\/v2\/media?parent=1996"}],"wp:term":[{"taxonomy":"category","embeddable":true,"href":"https:\/\/ccvalg.pt\/astronomia\/wordpress\/wp-json\/wp\/v2\/categories?post=1996"},{"taxonomy":"post_tag","embeddable":true,"href":"https:\/\/ccvalg.pt\/astronomia\/wordpress\/wp-json\/wp\/v2\/tags?post=1996"}],"curies":[{"name":"wp","href":"https:\/\/api.w.org\/{rel}","templated":true}]}}