{"id":1793,"date":"2019-02-01T06:53:48","date_gmt":"2019-02-01T06:53:48","guid":{"rendered":"http:\/\/ccvalg.pt\/astronomia\/wordpress\/?p=1793"},"modified":"2019-02-01T06:53:50","modified_gmt":"2019-02-01T06:53:50","slug":"diga-adeus-a-uma-das-joias-do-ceu-noturno","status":"publish","type":"post","link":"https:\/\/ccvalg.pt\/astronomia\/wordpress\/2019\/02\/01\/diga-adeus-a-uma-das-joias-do-ceu-noturno\/","title":{"rendered":"Diga adeus a uma das j\u00f3ias do c\u00e9u noturno"},"content":{"rendered":"\n<p>Durante mais de s\u00e9culo e meio, Eta Carinae tem sido uma das estrelas mais luminosas &#8211; e mais enigm\u00e1ticas &#8211; do sul da Via L\u00e1ctea.<\/p>\n\n\n\n<p>Parte da sua natureza foi revelada em 1847, quando, numa erup\u00e7\u00e3o gigante, expeliu uma nebulosa chamada Hom\u00fanculo (&#8220;homenzinho&#8221;). O evento tornou Eta Carinae a segunda estrela mais brilhante do c\u00e9u depois de Sirius, vis\u00edvel at\u00e9 durante o dia e (mais tarde) facilmente distingu\u00edvel de outras estrelas similarmente inst\u00e1veis chamadas Vari\u00e1veis Azuis Luminosas, cujas nebulosas n\u00e3o s\u00e3o t\u00e3o claramente vis\u00edveis.<\/p>\n\n\n\n<p>Al\u00e9m de tornar Eta Carinae um dos mais belos e frequentemente fotografados objetos do c\u00e9u noturno, a gigante Nebulosa de Hom\u00fanculo cont\u00e9m informa\u00e7\u00f5es sobre a sua estrela-m\u00e3e, que v\u00e3o desde a energia da sua expans\u00e3o at\u00e9 ao fluxo bipolar e composi\u00e7\u00e3o qu\u00edmica.<\/p>\n\n\n\n<p>No entanto, daqui a provavelmente uma d\u00e9cada, podemos j\u00e1 n\u00e3o ver a nebulosa claramente.<\/p>\n\n\n\n<p>Um estudo recente indica que Hom\u00fanculo ser\u00e1 ofuscada pelo brilho crescente da pr\u00f3pria Eta Carinae. Est\u00e1 a crescer t\u00e3o depressa que em 2036 a estrela ser\u00e1 10 vezes mais brilhante do que a nebulosa, o que no final a tornar\u00e1 indistingu\u00edvel de outras Vari\u00e1veis Azuis Luminosas.<\/p>\n\n\n\n<figure class=\"wp-block-embed-youtube wp-block-embed is-type-video is-provider-youtube wp-embed-aspect-16-9 wp-has-aspect-ratio\"><div class=\"wp-block-embed__wrapper\">\n<iframe loading=\"lazy\" title=\"Por tr\u00e1s da poeira c\u00f3smica, surge um par de estrelas brilhantes\" width=\"618\" height=\"348\" src=\"https:\/\/www.youtube.com\/embed\/6cw8UdZ55Xk?feature=oembed\" frameborder=\"0\" allow=\"accelerometer; autoplay; clipboard-write; encrypted-media; gyroscope; picture-in-picture; web-share\" referrerpolicy=\"strict-origin-when-cross-origin\" allowfullscreen><\/iframe>\n<\/div><\/figure>\n\n\n\n<p>Mas h\u00e1 um lado positivo.<\/p>\n\n\n\n<p>Uma equipa de 17 investigadores liderada pelo astr\u00f3nomo brasileiro Augusto Damineli, com contribui\u00e7\u00f5es de Anthony Moffatt da Universidade de Montreal, pensa que o brilho crescente de Eta Carinae n\u00e3o \u00e9 intr\u00ednseco \u00e0 pr\u00f3pria estrela, como \u00e9 frequentemente aceite. De facto, \u00e9 provavelmente provocado pela dissipa\u00e7\u00e3o de uma nuvem de poeira posicionada exatamente \u00e0 sua frente, a partir da perspetiva da Terra.<\/p>\n\n\n\n<p>Esta nuvem, postulam os cientistas num novo estudo publicado na revista Monthly Notices of the Royal Astronomical Society, encobre completamente a estrela e os seus ventos, apagando parte da sua luz que emana para a Terra. A Nebulosa de Hom\u00fanculo circundante, em contraste, pode ser vista diretamente porque \u00e9 200 vezes maior do que a nuvem obscurecida e o seu brilho fica, portanto, quase inalterado.<\/p>\n\n\n\n<p>Em 2032 (com uma incerteza de mais ou menos quatro anos), a nuvem empoeirada ter\u00e1 se dissipado, de modo que o brilho da estrela central n\u00e3o aumentar\u00e1 mais e Hom\u00fanculo perder-se-\u00e1 no seu brilho, pensa a equipa de investiga\u00e7\u00e3o.<\/p>\n\n\n\n<p>E isso vai proporcionar uma oportunidade para um estudo mais aprofundado de Eta Carinae, mostrando at\u00e9 que na realidade n\u00e3o \u00e9 uma, mas duas estrelas.<\/p>\n\n\n\n<p>&#8220;Tem havido uma s\u00e9rie de recentes revela\u00e7\u00f5es sobre este objeto \u00fanico no c\u00e9u, mas esta \u00e9 uma das mais importantes,&#8221; real\u00e7a Moffat. &#8220;Pode finalmente permitir-nos sondar a verdadeira natureza do motor central e mostrar que \u00e9 um sistema bin\u00e1rio \u00edntimo constitu\u00eddo por duas estrelas massivas em intera\u00e7\u00e3o.&#8221;<\/p>\n\n\n\n<p><a rel=\"noreferrer noopener\" href=\"https:\/\/nouvelles.umontreal.ca\/en\/article\/2019\/01\/29\/goodbye-to-a-beauty-in-the-night-sky\/\" target=\"_blank\">\/\/ Universidade de Montreal (comunicado de imprensa)<\/a><br><a rel=\"noreferrer noopener\" href=\"https:\/\/academic.oup.com\/mnras\/article-abstract\/484\/1\/1325\/5289420?redirectedFrom=fulltext\" target=\"_blank\">\/\/ Artigo cient\u00edfico (Monthly Notices of the Royal Astronomical Society)<\/a><br><a rel=\"noreferrer noopener\" href=\"https:\/\/arxiv.org\/abs\/1901.00531\" target=\"_blank\">\/\/ Artigo cient\u00edfico (arXiv.org)<\/a><\/p>\n\n\n\n<h4 class=\"wp-block-heading\">Saiba mais:<\/h4>\n\n\n\n<p><strong>Eta Carinae:<\/strong><br><a href=\"https:\/\/en.wikipedia.org\/wiki\/Eta_Carinae\" target=\"_blank\" rel=\"noreferrer noopener\">Wikipedia<\/a><br><a href=\"http:\/\/www.solstation.com\/x-objects\/eta-car.htm\" target=\"_blank\" rel=\"noreferrer noopener\">Solstation<\/a><br><a href=\"https:\/\/en.wikipedia.org\/wiki\/Homunculus_Nebula\" target=\"_blank\" rel=\"noreferrer noopener\">Nebulosa de Hom\u00fanculo (Wikipedia)<\/a><\/p>\n","protected":false},"excerpt":{"rendered":"<p>Durante mais de s\u00e9culo e meio, Eta Carinae tem sido uma das estrelas mais luminosas &#8211; e mais enigm\u00e1ticas &#8211; do sul da Via L\u00e1ctea. Parte da sua natureza foi revelada em 1847, quando, numa erup\u00e7\u00e3o gigante, expeliu uma nebulosa chamada Hom\u00fanculo (&#8220;homenzinho&#8221;). O evento tornou Eta Carinae a segunda estrela mais brilhante do c\u00e9u &hellip;<\/p>\n","protected":false},"author":1,"featured_media":1794,"comment_status":"open","ping_status":"open","sticky":false,"template":"","format":"standard","meta":{"footnotes":""},"categories":[50],"tags":[333,334],"class_list":["post-1793","post","type-post","status-publish","format-standard","has-post-thumbnail","","category-estrelas","tag-eta-carinae","tag-nebulosa-de-homunculo"],"_links":{"self":[{"href":"https:\/\/ccvalg.pt\/astronomia\/wordpress\/wp-json\/wp\/v2\/posts\/1793","targetHints":{"allow":["GET"]}}],"collection":[{"href":"https:\/\/ccvalg.pt\/astronomia\/wordpress\/wp-json\/wp\/v2\/posts"}],"about":[{"href":"https:\/\/ccvalg.pt\/astronomia\/wordpress\/wp-json\/wp\/v2\/types\/post"}],"author":[{"embeddable":true,"href":"https:\/\/ccvalg.pt\/astronomia\/wordpress\/wp-json\/wp\/v2\/users\/1"}],"replies":[{"embeddable":true,"href":"https:\/\/ccvalg.pt\/astronomia\/wordpress\/wp-json\/wp\/v2\/comments?post=1793"}],"version-history":[{"count":1,"href":"https:\/\/ccvalg.pt\/astronomia\/wordpress\/wp-json\/wp\/v2\/posts\/1793\/revisions"}],"predecessor-version":[{"id":1795,"href":"https:\/\/ccvalg.pt\/astronomia\/wordpress\/wp-json\/wp\/v2\/posts\/1793\/revisions\/1795"}],"wp:featuredmedia":[{"embeddable":true,"href":"https:\/\/ccvalg.pt\/astronomia\/wordpress\/wp-json\/wp\/v2\/media\/1794"}],"wp:attachment":[{"href":"https:\/\/ccvalg.pt\/astronomia\/wordpress\/wp-json\/wp\/v2\/media?parent=1793"}],"wp:term":[{"taxonomy":"category","embeddable":true,"href":"https:\/\/ccvalg.pt\/astronomia\/wordpress\/wp-json\/wp\/v2\/categories?post=1793"},{"taxonomy":"post_tag","embeddable":true,"href":"https:\/\/ccvalg.pt\/astronomia\/wordpress\/wp-json\/wp\/v2\/tags?post=1793"}],"curies":[{"name":"wp","href":"https:\/\/api.w.org\/{rel}","templated":true}]}}